{"id":123940,"date":"2023-02-27T18:14:24","date_gmt":"2023-02-27T16:14:24","guid":{"rendered":"https:\/\/www.wallendorff.com\/belogue\/?p=123940"},"modified":"2023-02-27T18:17:28","modified_gmt":"2023-02-27T16:17:28","slug":"dans-laire-du-temple","status":"publish","type":"post","link":"https:\/\/www.wallendorff.com\/belogue\/2023\/02\/27\/dans-laire-du-temple\/","title":{"rendered":"Dans l&rsquo;aire du temple."},"content":{"rendered":"\t\t<div data-elementor-type=\"wp-post\" data-elementor-id=\"123940\" class=\"elementor elementor-123940\" data-elementor-post-type=\"post\">\n\t\t\t\t\t\t<section class=\"elementor-section elementor-top-section elementor-element elementor-element-7bbd62f elementor-section-boxed elementor-section-height-default elementor-section-height-default\" data-id=\"7bbd62f\" data-element_type=\"section\" data-e-type=\"section\">\n\t\t\t\t\t\t<div class=\"elementor-container elementor-column-gap-default\">\n\t\t\t\t\t<div class=\"elementor-column elementor-col-100 elementor-top-column elementor-element elementor-element-7a479fb\" data-id=\"7a479fb\" data-element_type=\"column\" data-e-type=\"column\">\n\t\t\t<div class=\"elementor-widget-wrap elementor-element-populated\">\n\t\t\t\t\t\t<div class=\"elementor-element elementor-element-ed6c9bf elementor-widget elementor-widget-text-editor\" data-id=\"ed6c9bf\" data-element_type=\"widget\" data-e-type=\"widget\" data-widget_type=\"text-editor.default\">\n\t\t\t\t<div class=\"elementor-widget-container\">\n\t\t\t\t\t\t\t\t\t<div id=\"photo\">\n\n<img decoding=\"async\" src=\"https:\/\/www.wallendorff.com\/belogue\/wp-content\/uploads\/2023\/02\/20230227.jpg\" \/>\nPlace de la Com\u00e9die, Metz, 28 d\u00e9cembre 2022.\n\n<\/div>\t\t\t\t\t\t\t\t<\/div>\n\t\t\t\t<\/div>\n\t\t\t\t\t<\/div>\n\t\t<\/div>\n\t\t\t\t\t<\/div>\n\t\t<\/section>\n\t\t\t\t<section class=\"elementor-section elementor-top-section elementor-element elementor-element-d352968 elementor-section-boxed elementor-section-height-default elementor-section-height-default\" data-id=\"d352968\" data-element_type=\"section\" data-e-type=\"section\">\n\t\t\t\t\t\t<div class=\"elementor-container elementor-column-gap-default\">\n\t\t\t\t\t<div class=\"elementor-column elementor-col-100 elementor-top-column elementor-element elementor-element-0b4774a\" data-id=\"0b4774a\" data-element_type=\"column\" data-e-type=\"column\">\n\t\t\t<div class=\"elementor-widget-wrap elementor-element-populated\">\n\t\t\t\t\t\t\t<\/div>\n\t\t<\/div>\n\t\t\t\t\t<\/div>\n\t\t<\/section>\n\t\t\t\t<\/div>\n\t\t","protected":false},"excerpt":{"rendered":"<p>Place de la Com\u00e9die, Metz, 28 d\u00e9cembre 2022.<\/p>\n","protected":false},"author":1,"featured_media":123945,"comment_status":"open","ping_status":"open","sticky":false,"template":"","format":"standard","meta":{"_acf_changed":false,"ngg_post_thumbnail":0,"jetpack_post_was_ever_published":false,"_jetpack_newsletter_access":"","_jetpack_dont_email_post_to_subs":false,"_jetpack_newsletter_tier_id":0,"_jetpack_memberships_contains_paywalled_content":false,"_jetpack_memberships_contains_paid_content":false,"footnotes":"","jetpack_publicize_message":"","jetpack_publicize_feature_enabled":true,"jetpack_social_post_already_shared":true,"jetpack_social_options":{"image_generator_settings":{"template":"highway","default_image_id":0,"font":"","enabled":false},"version":2}},"categories":[7654],"tags":[18177,18363,10326,10120,10175,10173,10174,18333,422,10201],"class_list":["post-123940","post","type-post","status-publish","format-standard","has-post-thumbnail","hentry","category-dpc-en","tag-canon-eos-r6","tag-canon-rf-16-mm-f-2-8-stm","tag-crepuscule","tag-france","tag-lorraine","tag-metz","tag-moselle","tag-opera-theatre-de-metz","tag-place-de-la-comedie","tag-temple-neuf"],"acf":[],"geo":{"latitude":49.1212158,"longitude":6.172997,"description":"Metz, Grand Est, 57000, FR"},"jetpack_publicize_connections":[],"jetpack_featured_media_url":"https:\/\/www.wallendorff.com\/belogue\/wp-content\/uploads\/2023\/02\/20230227.jpg","jetpack_shortlink":"https:\/\/wp.me\/p3b35P-wf2","jetpack_sharing_enabled":true,"jetpack-related-posts":[{"id":131991,"url":"https:\/\/www.wallendorff.com\/belogue\/2025\/03\/26\/metz-de-noel\/","url_meta":{"origin":123940,"position":0},"title":"Metz de No\u00ebl.","author":"dpc","date":"26 mars 2025","format":false,"excerpt":"","rel":"","context":"Dans &quot;DPC&quot;","block_context":{"text":"DPC","link":"https:\/\/www.wallendorff.com\/belogue\/category\/dpc\/"},"img":{"alt_text":"","src":"https:\/\/i0.wp.com\/www.wallendorff.com\/belogue\/wp-content\/uploads\/2025\/03\/20250326-04.jpg?resize=350%2C200&ssl=1","width":350,"height":200,"srcset":"https:\/\/i0.wp.com\/www.wallendorff.com\/belogue\/wp-content\/uploads\/2025\/03\/20250326-04.jpg?resize=350%2C200&ssl=1 1x, https:\/\/i0.wp.com\/www.wallendorff.com\/belogue\/wp-content\/uploads\/2025\/03\/20250326-04.jpg?resize=525%2C300&ssl=1 1.5x, https:\/\/i0.wp.com\/www.wallendorff.com\/belogue\/wp-content\/uploads\/2025\/03\/20250326-04.jpg?resize=700%2C400&ssl=1 2x"},"classes":[]},{"id":361,"url":"https:\/\/www.wallendorff.com\/belogue\/2005\/05\/29\/home\/","url_meta":{"origin":123940,"position":1},"title":"Home.","author":"dpc","date":"29 mai 2005","format":false,"excerpt":"Place de la Com\u00e9die, Metz, 26 mai. [Mal cadr\u00e9e, tordue, bizarre mais bon.] [Quoi qu'on en dise, \u00e7a sera toujours La Maison.] \"So shut off your days And turn on your nights 'Cause the chance is for the taking And the taking's right.\" \u00a0The Von Bondies \u2013 No Regrets","rel":"","context":"Dans &quot;DPC&quot;","block_context":{"text":"DPC","link":"https:\/\/www.wallendorff.com\/belogue\/category\/dpc\/"},"img":{"alt_text":"","src":"https:\/\/i0.wp.com\/www.wallendorff.com\/belogue\/wp-content\/uploads\/2015\/04\/200505291.jpg?resize=350%2C200&ssl=1","width":350,"height":200},"classes":[]},{"id":6725,"url":"https:\/\/www.wallendorff.com\/belogue\/2010\/02\/08\/where-hast-thou-gone-sweet-potato\/","url_meta":{"origin":123940,"position":2},"title":"Where hast thou gone sweet potato.","author":"dpc","date":"8 f\u00e9vrier 2010","format":false,"excerpt":"Place de la Com\u00e9die, Metz, 29 d\u00e9cembre. \u00a0The Black Box Revelation \u2013 Our Town Has Changed for Years Now","rel":"","context":"Dans &quot;DPC&quot;","block_context":{"text":"DPC","link":"https:\/\/www.wallendorff.com\/belogue\/category\/dpc\/"},"img":{"alt_text":"","src":"https:\/\/i0.wp.com\/www.wallendorff.com\/belogue\/wp-content\/uploads\/2015\/04\/201002081.jpg?resize=350%2C200&ssl=1","width":350,"height":200},"classes":[]},{"id":4142,"url":"https:\/\/www.wallendorff.com\/belogue\/2009\/04\/15\/le-fer-tout-seul-comme-un-gland\/","url_meta":{"origin":123940,"position":3},"title":"Le fer tout seul comme un gland.","author":"dpc","date":"15 avril 2009","format":false,"excerpt":"Place de la Com\u00e9die, Metz, 20 mars. \u00a0 Cherry Ghost \u2013 Thirst for Romance","rel":"","context":"Dans &quot;DPC&quot;","block_context":{"text":"DPC","link":"https:\/\/www.wallendorff.com\/belogue\/category\/dpc\/"},"img":{"alt_text":"","src":"https:\/\/i0.wp.com\/www.wallendorff.com\/belogue\/wp-content\/uploads\/2015\/04\/200904151.jpg?resize=350%2C200&ssl=1","width":350,"height":200},"classes":[]},{"id":4147,"url":"https:\/\/www.wallendorff.com\/belogue\/2009\/04\/16\/saint-coeur-moint-le-car\/","url_meta":{"origin":123940,"position":4},"title":"Saint-C\u0153ur m&rsquo;oint le car.","author":"dpc","date":"16 avril 2009","format":false,"excerpt":"Place de la Com\u00e9die, Metz, 20 mars. \u00a0 Pearl Jam \u2013 Footsteps","rel":"","context":"Dans &quot;DPC&quot;","block_context":{"text":"DPC","link":"https:\/\/www.wallendorff.com\/belogue\/category\/dpc\/"},"img":{"alt_text":"","src":"https:\/\/i0.wp.com\/www.wallendorff.com\/belogue\/wp-content\/uploads\/2015\/04\/200904161.jpg?resize=350%2C200&ssl=1","width":350,"height":200},"classes":[]},{"id":123950,"url":"https:\/\/www.wallendorff.com\/belogue\/2023\/03\/01\/into-the-wide-270\/","url_meta":{"origin":123940,"position":5},"title":"Into the wide #270","author":"dpc","date":"1 mars 2023","format":false,"excerpt":"","rel":"","context":"Dans &quot;Into the wide&quot;","block_context":{"text":"Into the wide","link":"https:\/\/www.wallendorff.com\/belogue\/category\/into-the-wide\/"},"img":{"alt_text":"","src":"https:\/\/i0.wp.com\/www.wallendorff.com\/belogue\/wp-content\/uploads\/2023\/03\/20230301.jpg?resize=350%2C200&ssl=1","width":350,"height":200,"srcset":"https:\/\/i0.wp.com\/www.wallendorff.com\/belogue\/wp-content\/uploads\/2023\/03\/20230301.jpg?resize=350%2C200&ssl=1 1x, https:\/\/i0.wp.com\/www.wallendorff.com\/belogue\/wp-content\/uploads\/2023\/03\/20230301.jpg?resize=525%2C300&ssl=1 1.5x, https:\/\/i0.wp.com\/www.wallendorff.com\/belogue\/wp-content\/uploads\/2023\/03\/20230301.jpg?resize=700%2C400&ssl=1 2x, https:\/\/i0.wp.com\/www.wallendorff.com\/belogue\/wp-content\/uploads\/2023\/03\/20230301.jpg?resize=1050%2C600&ssl=1 3x"},"classes":[]}],"_links":{"self":[{"href":"https:\/\/www.wallendorff.com\/belogue\/wp-json\/wp\/v2\/posts\/123940","targetHints":{"allow":["GET"]}}],"collection":[{"href":"https:\/\/www.wallendorff.com\/belogue\/wp-json\/wp\/v2\/posts"}],"about":[{"href":"https:\/\/www.wallendorff.com\/belogue\/wp-json\/wp\/v2\/types\/post"}],"author":[{"embeddable":true,"href":"https:\/\/www.wallendorff.com\/belogue\/wp-json\/wp\/v2\/users\/1"}],"replies":[{"embeddable":true,"href":"https:\/\/www.wallendorff.com\/belogue\/wp-json\/wp\/v2\/comments?post=123940"}],"version-history":[{"count":8,"href":"https:\/\/www.wallendorff.com\/belogue\/wp-json\/wp\/v2\/posts\/123940\/revisions"}],"predecessor-version":[{"id":123949,"href":"https:\/\/www.wallendorff.com\/belogue\/wp-json\/wp\/v2\/posts\/123940\/revisions\/123949"}],"wp:featuredmedia":[{"embeddable":true,"href":"https:\/\/www.wallendorff.com\/belogue\/wp-json\/wp\/v2\/media\/123945"}],"wp:attachment":[{"href":"https:\/\/www.wallendorff.com\/belogue\/wp-json\/wp\/v2\/media?parent=123940"}],"wp:term":[{"taxonomy":"category","embeddable":true,"href":"https:\/\/www.wallendorff.com\/belogue\/wp-json\/wp\/v2\/categories?post=123940"},{"taxonomy":"post_tag","embeddable":true,"href":"https:\/\/www.wallendorff.com\/belogue\/wp-json\/wp\/v2\/tags?post=123940"}],"curies":[{"name":"wp","href":"https:\/\/api.w.org\/{rel}","templated":true}]}}