{"id":1236,"date":"2008-05-27T09:28:09","date_gmt":"2008-05-27T09:28:09","guid":{"rendered":"http:\/\/www.po-l.com\/wordpress\/?p=1236"},"modified":"2012-03-31T13:47:16","modified_gmt":"2012-03-31T11:47:16","slug":"midnight-juggernauts-la-maroquinerie-paris","status":"publish","type":"post","link":"https:\/\/www.wallendorff.com\/belogue\/2008\/05\/27\/midnight-juggernauts-la-maroquinerie-paris\/","title":{"rendered":"Midnight Juggernauts @ la Maroquinerie, Paris"},"content":{"rendered":"<div id=\"photo\">\n<p><img decoding=\"async\" src=\"https:\/\/www.wallendorff.com\/belogue\/photo\/2008\/05\/20080527.jpg\" \/><\/p>\n<\/div>\n<p>Ils attirent du monde, beaucoup, genre ha&yuml;peux &agrave; frange ou m&egrave;che qui lit Technikart, ils ont embauch&eacute; Marylin Manson comme roadie, ils se pointent 13 minutes en retard pour faire style alors que les premiers rangs perdant patience commen&ccedil;aient &agrave; demander &agrave; Marylin de faire le show &agrave; leur place, ils envahissent tout dans la fum&eacute;e, ils ont un batteur &agrave; la m&egrave;che impressionnante, ils ont un chanteur pour qui un micro c&rsquo;est aussi un pose-nez, ils ont un bassiste &agrave; basket qui gratte aussi, ils sont que trois au final mais ils font du bruit comme 5. Ils font danser les filles, ils font bouger les gars, ils ont m&ecirc;me attir&eacute; un des deux gros<sup>1<\/sup> de Justice qui passait par l&agrave;, ils envoient une grosse caisse en balade dans la salle juste pour voir, ils l&acirc;che l&rsquo;<em>Into The Galaxy <\/em>que tout le monde attendaient, ils partent, ils reviennent pour un rappel et ils sont partis.<\/p>\n<p style=\"text-align:right\">En somme, ils sont bons.<\/p>\n<p style=\"text-align:right\">Mais alors qu&rsquo;est-ce qu&rsquo;ils sont mal &eacute;clair&eacute;s.<\/p>\n<div id=\"bandeson\">\n<p><img decoding=\"async\" src=\"https:\/\/www.wallendorff.com\/belogue\/photo\/pochettes\/m\/midnight_juggernauts-dystopia.jpg\" align=\"left\" \/>&nbsp;<a href=\"http:\/\/www.midnightjuggernauts.com\/\">Midnight Juggernauts<\/a> &ndash; <em>Into the Galaxy<\/em><\/p>\n<\/p><\/div>\n<div id=\"bas_note\">\n<p>_____<\/p>\n<p><sup>1<\/sup>Fa&ccedil;on de parler, puisqu&rsquo;au moins l&rsquo;un des deux est anorexique.<\/p>\n<\/p><\/div>\n","protected":false},"excerpt":{"rendered":"<p>Ils attirent du monde, beaucoup, genre ha&yuml;peux &agrave; frange ou m&egrave;che qui lit Technikart, ils ont embauch&eacute; Marylin Manson comme roadie, ils se pointent 13 minutes en retard pour faire style alors que les premiers rangs perdant patience commen&ccedil;aient &agrave; demander &agrave; Marylin de faire le show &agrave; leur place, ils envahissent tout dans la&hellip;<\/p>\n","protected":false},"author":1,"featured_media":25161,"comment_status":"open","ping_status":"open","sticky":false,"template":"","format":"standard","meta":{"_acf_changed":false,"ngg_post_thumbnail":0,"jetpack_post_was_ever_published":false,"_jetpack_newsletter_access":"","_jetpack_dont_email_post_to_subs":false,"_jetpack_newsletter_tier_id":0,"_jetpack_memberships_contains_paywalled_content":false,"_jetpack_memberships_contains_paid_content":false,"footnotes":"","jetpack_publicize_message":"","jetpack_publicize_feature_enabled":true,"jetpack_social_post_already_shared":false,"jetpack_social_options":{"image_generator_settings":{"template":"highway","default_image_id":0,"font":"","enabled":false},"version":2}},"categories":[7],"tags":[203,10216,10084,196,187,10120,10121,2434,10290,504,2433,10098],"class_list":["post-1236","post","type-post","status-publish","format-standard","has-post-thumbnail","hentry","category-alive","tag-203","tag-10216","tag-alive","tag-ef-28-70-mm-f28l-usm","tag-eos-1d-mark-ii","tag-france","tag-ile-de-france","tag-into-the-galaxy","tag-la-maroquinerie","tag-marylin-manson","tag-midnight-juggernauts","tag-paris"],"acf":[],"geo":{"latitude":48.8685608,"longitude":2.3919244,"description":"18-26 Rue Boyer, 75020 Paris, France"},"jetpack_publicize_connections":[],"jetpack_featured_media_url":"https:\/\/www.wallendorff.com\/belogue\/wp-content\/uploads\/2015\/04\/200805271.jpg","jetpack_shortlink":"https:\/\/wp.me\/p3b35P-jW","jetpack_sharing_enabled":true,"jetpack-related-posts":[{"id":162,"url":"https:\/\/www.wallendorff.com\/belogue\/2006\/05\/31\/the-secret-machines-la-maroquinerie-paris\/","url_meta":{"origin":1236,"position":0},"title":"The Secret Machines @ La Maroquinerie, Paris.","author":"dpc","date":"31 mai 2006","format":false,"excerpt":"Il y a toujours autant de spots sur sc\u00e8ne que de potes dans la salle, ils sont toujours autant \u00e9clair\u00e9s par derri\u00e8re, leur batteur est toujours au temps r\u00e9gulier, puissant et bonhamien, il y a toujours autant de lenteurs presques soporifiques en milieu de set mais, surtout, il y a\u2026","rel":"","context":"Dans &quot;Alive&quot;","block_context":{"text":"Alive","link":"https:\/\/www.wallendorff.com\/belogue\/category\/alive\/"},"img":{"alt_text":"","src":"https:\/\/i0.wp.com\/www.wallendorff.com\/belogue\/wp-content\/uploads\/2015\/04\/200605311.jpg?resize=350%2C200&ssl=1","width":350,"height":200,"srcset":"https:\/\/i0.wp.com\/www.wallendorff.com\/belogue\/wp-content\/uploads\/2015\/04\/200605311.jpg?resize=350%2C200&ssl=1 1x, https:\/\/i0.wp.com\/www.wallendorff.com\/belogue\/wp-content\/uploads\/2015\/04\/200605311.jpg?resize=525%2C300&ssl=1 1.5x, https:\/\/i0.wp.com\/www.wallendorff.com\/belogue\/wp-content\/uploads\/2015\/04\/200605311.jpg?resize=700%2C400&ssl=1 2x"},"classes":[]},{"id":840,"url":"https:\/\/www.wallendorff.com\/belogue\/2006\/11\/29\/iron-maiden-bercy-paris-28-novembre\/","url_meta":{"origin":1236,"position":1},"title":"Iron Maiden @ Palais omnisports de Paris-Bercy, 28 novembre.","author":"dpc","date":"29 novembre 2006","format":false,"excerpt":"[Note pour plus tard\u00a0: \u00e0 l'avenir, pr\u00e9f\u00e9rer Canon \u00e0 Nokia pour les photos.] Different World | These Colours Don't Run | Brighter Than a Thousand Suns | The Pilgrim | The Longest Day | Out of the Shadows | The Reincarnation of Benjamin Breeg | For the Greater Good of\u2026","rel":"","context":"Dans &quot;Alive&quot;","block_context":{"text":"Alive","link":"https:\/\/www.wallendorff.com\/belogue\/category\/alive\/"},"img":{"alt_text":"","src":"https:\/\/i0.wp.com\/www.wallendorff.com\/belogue\/wp-content\/uploads\/2015\/04\/200611291.jpg?resize=350%2C200&ssl=1","width":350,"height":200},"classes":[]},{"id":3660,"url":"https:\/\/www.wallendorff.com\/belogue\/2008\/12\/09\/the-black-angels-lelysee-montmartre-paris\/","url_meta":{"origin":1236,"position":2},"title":"The Black Angels @ l&rsquo;\u00c9lys\u00e9e-Montmartre, Paris.","author":"dpc","date":"9 d\u00e9cembre 2008","format":false,"excerpt":"The Black Angels \u2013 Deer-Shee-Ree The Black Angels ou la preuve criante qu'album marquant ne rime pas forc\u00e9ment avec soir\u00e9e d'anthologie. Si, gr\u00e2ce \u00e0 leur Directions to See a Ghost sorti en avril, les Texans d'Austin ont remis au go\u00fbt du jour un rock spleenien laconique et bien gras tremp\u00e9\u2026","rel":"","context":"Dans &quot;Alive&quot;","block_context":{"text":"Alive","link":"https:\/\/www.wallendorff.com\/belogue\/category\/alive\/"},"img":{"alt_text":"","src":"https:\/\/i0.wp.com\/www.wallendorff.com\/belogue\/wp-content\/uploads\/2015\/04\/200812091.jpg?resize=350%2C200&ssl=1","width":350,"height":200,"srcset":"https:\/\/i0.wp.com\/www.wallendorff.com\/belogue\/wp-content\/uploads\/2015\/04\/200812091.jpg?resize=350%2C200&ssl=1 1x, https:\/\/i0.wp.com\/www.wallendorff.com\/belogue\/wp-content\/uploads\/2015\/04\/200812091.jpg?resize=525%2C300&ssl=1 1.5x, https:\/\/i0.wp.com\/www.wallendorff.com\/belogue\/wp-content\/uploads\/2015\/04\/200812091.jpg?resize=700%2C400&ssl=1 2x"},"classes":[]},{"id":30177,"url":"https:\/\/www.wallendorff.com\/belogue\/2016\/02\/02\/comme-vous-le-sentier\/","url_meta":{"origin":1236,"position":3},"title":"Comme vous le sentier.","author":"dpc","date":"2 f\u00e9vrier 2016","format":false,"excerpt":"Col du Feu, 1er novembre 2015. \u00c0 part \u00e7a, Fauxve viennent d'annoncer la sortie de leur disque floril\u00e8ge de r\u00e9cital en public, intitul\u00e9 150.9001, comme les 150\u00a0900\u00a0km qu'ils ont aval\u00e9s en trois ans de tourn\u00e9e. Comment ont-il mesur\u00e9 cette distance ? S'en sont-ils tenu \u00e0 utiliser le m\u00eame Fiat Multipla\u2026","rel":"","context":"Dans &quot;DPC&quot;","block_context":{"text":"DPC","link":"https:\/\/www.wallendorff.com\/belogue\/category\/dpc\/"},"img":{"alt_text":"","src":"https:\/\/i0.wp.com\/www.wallendorff.com\/belogue\/wp-content\/uploads\/2016\/02\/20160202.jpg?resize=350%2C200&ssl=1","width":350,"height":200,"srcset":"https:\/\/i0.wp.com\/www.wallendorff.com\/belogue\/wp-content\/uploads\/2016\/02\/20160202.jpg?resize=350%2C200&ssl=1 1x, https:\/\/i0.wp.com\/www.wallendorff.com\/belogue\/wp-content\/uploads\/2016\/02\/20160202.jpg?resize=525%2C300&ssl=1 1.5x, https:\/\/i0.wp.com\/www.wallendorff.com\/belogue\/wp-content\/uploads\/2016\/02\/20160202.jpg?resize=700%2C400&ssl=1 2x"},"classes":[]},{"id":22748,"url":"https:\/\/www.wallendorff.com\/belogue\/2014\/04\/26\/augustines-le-cafe-de-la-danse-paris\/","url_meta":{"origin":1236,"position":4},"title":"Augustines @ le Caf\u00e9 de la Danse, Paris.","author":"dpc","date":"26 avril 2014","format":false,"excerpt":"Quels curieux personnages. Quand on les attend sur sc\u00e8ne, ils d\u00e9barquent dans un coin du plafond. Quand un bonhomme du public chante aussi fort que Billy McCarthy, celui-ci l'invite \u00e0 venir partager son micro. Quand ils ont envie de d\u00e9brancher les guitares, ils descendent de l'estrade, jouent au milieu du\u2026","rel":"","context":"Dans &quot;Alive&quot;","block_context":{"text":"Alive","link":"https:\/\/www.wallendorff.com\/belogue\/category\/alive\/"},"img":{"alt_text":"","src":"https:\/\/i0.wp.com\/www.wallendorff.com\/belogue\/wp-content\/uploads\/2015\/04\/201404261.jpg?resize=350%2C200&ssl=1","width":350,"height":200,"srcset":"https:\/\/i0.wp.com\/www.wallendorff.com\/belogue\/wp-content\/uploads\/2015\/04\/201404261.jpg?resize=350%2C200&ssl=1 1x, https:\/\/i0.wp.com\/www.wallendorff.com\/belogue\/wp-content\/uploads\/2015\/04\/201404261.jpg?resize=525%2C300&ssl=1 1.5x, https:\/\/i0.wp.com\/www.wallendorff.com\/belogue\/wp-content\/uploads\/2015\/04\/201404261.jpg?resize=700%2C400&ssl=1 2x"},"classes":[]},{"id":814,"url":"https:\/\/www.wallendorff.com\/belogue\/2006\/10\/26\/elista-le-bataclan-paris\/","url_meta":{"origin":1236,"position":5},"title":"Elista @ Le Bataclan, Paris.","author":"dpc","date":"26 octobre 2006","format":false,"excerpt":"Ils ont s\u00e9duit en premi\u00e8re partie de The Servant hier soir, ils sont sympas, ils ont fait un chouette album y a trois ans et un encore plus chouette y a trois jours et je vous les conseille parce que pour une fois qu'un groupe fran\u00e7ais est bien, hein, profitons-en.\u2026","rel":"","context":"Dans &quot;Alive&quot;","block_context":{"text":"Alive","link":"https:\/\/www.wallendorff.com\/belogue\/category\/alive\/"},"img":{"alt_text":"","src":"https:\/\/i0.wp.com\/www.wallendorff.com\/belogue\/wp-content\/uploads\/2015\/04\/200610261.jpg?resize=350%2C200&ssl=1","width":350,"height":200},"classes":[]}],"_links":{"self":[{"href":"https:\/\/www.wallendorff.com\/belogue\/wp-json\/wp\/v2\/posts\/1236","targetHints":{"allow":["GET"]}}],"collection":[{"href":"https:\/\/www.wallendorff.com\/belogue\/wp-json\/wp\/v2\/posts"}],"about":[{"href":"https:\/\/www.wallendorff.com\/belogue\/wp-json\/wp\/v2\/types\/post"}],"author":[{"embeddable":true,"href":"https:\/\/www.wallendorff.com\/belogue\/wp-json\/wp\/v2\/users\/1"}],"replies":[{"embeddable":true,"href":"https:\/\/www.wallendorff.com\/belogue\/wp-json\/wp\/v2\/comments?post=1236"}],"version-history":[{"count":2,"href":"https:\/\/www.wallendorff.com\/belogue\/wp-json\/wp\/v2\/posts\/1236\/revisions"}],"predecessor-version":[{"id":16627,"href":"https:\/\/www.wallendorff.com\/belogue\/wp-json\/wp\/v2\/posts\/1236\/revisions\/16627"}],"wp:featuredmedia":[{"embeddable":true,"href":"https:\/\/www.wallendorff.com\/belogue\/wp-json\/wp\/v2\/media\/25161"}],"wp:attachment":[{"href":"https:\/\/www.wallendorff.com\/belogue\/wp-json\/wp\/v2\/media?parent=1236"}],"wp:term":[{"taxonomy":"category","embeddable":true,"href":"https:\/\/www.wallendorff.com\/belogue\/wp-json\/wp\/v2\/categories?post=1236"},{"taxonomy":"post_tag","embeddable":true,"href":"https:\/\/www.wallendorff.com\/belogue\/wp-json\/wp\/v2\/tags?post=1236"}],"curies":[{"name":"wp","href":"https:\/\/api.w.org\/{rel}","templated":true}]}}