{"id":1234,"date":"2008-05-23T09:02:27","date_gmt":"2008-05-23T09:02:27","guid":{"rendered":"http:\/\/www.po-l.com\/wordpress\/?p=1234"},"modified":"2012-03-29T09:24:41","modified_gmt":"2012-03-29T07:24:41","slug":"shooting-people-29","status":"publish","type":"post","link":"https:\/\/www.wallendorff.com\/belogue\/2008\/05\/23\/shooting-people-29\/","title":{"rendered":"Shooting people #29."},"content":{"rendered":"<div id=\"photo\">\n<p><img decoding=\"async\" src=\"https:\/\/www.wallendorff.com\/belogue\/photo\/2008\/05\/20080523.jpg\" \/><br \/>\nStudios Jet, Bruxelles, 16 f&eacute;vrier.<\/p>\n<\/div>\n<p style=\"text-align:right\"><strong>Avertissement<\/strong>&nbsp;: la bande-son qui suit est hautement contagieuse.<\/p>\n<p style=\"text-align:right\">Tin tin tin tin.<\/p>\n<p style=\"text-align:right\">Tin tin tin tin.<\/p>\n<div id=\"bandeson\">\n<p><img decoding=\"async\" src=\"https:\/\/www.wallendorff.com\/belogue\/photo\/pochettes\/t\/ting_tings_the-we_started_nothing.jpg\" align=\"left\" \/>&nbsp;<a href=\"http:\/\/www.thetingtings.com\">The Ting Tings<\/a> &ndash; <em>That&rsquo;s Not My Name<\/em><\/p>\n<\/div>\n","protected":false},"excerpt":{"rendered":"<p>Studios Jet, Bruxelles, 16 f&eacute;vrier. Avertissement&nbsp;: la bande-son qui suit est hautement contagieuse. Tin tin tin tin. Tin tin tin tin. &nbsp;The Ting Tings &ndash; That&rsquo;s Not My Name<\/p>\n","protected":false},"author":1,"featured_media":25159,"comment_status":"open","ping_status":"open","sticky":false,"template":"","format":"standard","meta":{"_acf_changed":false,"ngg_post_thumbnail":0,"jetpack_post_was_ever_published":false,"_jetpack_newsletter_access":"","_jetpack_dont_email_post_to_subs":false,"_jetpack_newsletter_tier_id":0,"_jetpack_memberships_contains_paywalled_content":false,"_jetpack_memberships_contains_paid_content":false,"footnotes":"","jetpack_publicize_message":"","jetpack_publicize_feature_enabled":true,"jetpack_social_post_already_shared":false,"jetpack_social_options":{"image_generator_settings":{"template":"highway","default_image_id":0,"font":"","enabled":false},"version":2}},"categories":[8],"tags":[10178,10313,10703,1016,187,10138,143,10272,10376,10365,2322,2432,10317,4804],"class_list":["post-1234","post","type-post","status-publish","format-standard","has-post-thumbnail","hentry","category-portraits","tag-belgique","tag-bruxelles","tag-bruxelles-capitale","tag-ef-15-mm-f28-fisheye","tag-eos-1d-mark-ii","tag-mademoiselle-k","tag-noir-et-blanc","tag-portrait","tag-promo","tag-studio","tag-studios-jet","tag-thats-not-my-name","tag-the-ting-tings","tag-we-started-nothing"],"acf":[],"geo":{"latitude":50.8612709,"longitude":4.3346214,"description":"Chauss\u00e9e de Jette 210-244, 1081 Koekelberg, Belgium"},"jetpack_publicize_connections":[],"jetpack_featured_media_url":"https:\/\/www.wallendorff.com\/belogue\/wp-content\/uploads\/2015\/04\/200805231.jpg","jetpack_shortlink":"https:\/\/wp.me\/p3b35P-jU","jetpack_sharing_enabled":true,"jetpack-related-posts":[{"id":1241,"url":"https:\/\/www.wallendorff.com\/belogue\/2008\/06\/02\/shooting-people-30\/","url_meta":{"origin":1234,"position":0},"title":"Shooting people #30.","author":"dpc","date":"2 juin 2008","format":false,"excerpt":"Studios Jet, Bruxelles, 16 f\u00e9vrier. \u00a0The Kills \u2013 Last Day of Magic","rel":"","context":"Dans &quot;Portraits&quot;","block_context":{"text":"Portraits","link":"https:\/\/www.wallendorff.com\/belogue\/category\/portraits\/"},"img":{"alt_text":"","src":"https:\/\/i0.wp.com\/www.wallendorff.com\/belogue\/wp-content\/uploads\/2015\/04\/200806021.jpg?resize=350%2C200&ssl=1","width":350,"height":200,"srcset":"https:\/\/i0.wp.com\/www.wallendorff.com\/belogue\/wp-content\/uploads\/2015\/04\/200806021.jpg?resize=350%2C200&ssl=1 1x, https:\/\/i0.wp.com\/www.wallendorff.com\/belogue\/wp-content\/uploads\/2015\/04\/200806021.jpg?resize=525%2C300&ssl=1 1.5x, https:\/\/i0.wp.com\/www.wallendorff.com\/belogue\/wp-content\/uploads\/2015\/04\/200806021.jpg?resize=700%2C400&ssl=1 2x"},"classes":[]},{"id":1231,"url":"https:\/\/www.wallendorff.com\/belogue\/2008\/05\/20\/shooting-people-28\/","url_meta":{"origin":1234,"position":1},"title":"Shooting people #28.","author":"dpc","date":"20 mai 2008","format":false,"excerpt":"Studios Jet, Bruxelles, 16 f\u00e9vrier. \u00a0The Futureheads \u2013 Broke-Up Time","rel":"","context":"Dans &quot;Portraits&quot;","block_context":{"text":"Portraits","link":"https:\/\/www.wallendorff.com\/belogue\/category\/portraits\/"},"img":{"alt_text":"","src":"https:\/\/i0.wp.com\/www.wallendorff.com\/belogue\/wp-content\/uploads\/2015\/04\/200805201.jpg?resize=350%2C200&ssl=1","width":350,"height":200,"srcset":"https:\/\/i0.wp.com\/www.wallendorff.com\/belogue\/wp-content\/uploads\/2015\/04\/200805201.jpg?resize=350%2C200&ssl=1 1x, https:\/\/i0.wp.com\/www.wallendorff.com\/belogue\/wp-content\/uploads\/2015\/04\/200805201.jpg?resize=525%2C300&ssl=1 1.5x, https:\/\/i0.wp.com\/www.wallendorff.com\/belogue\/wp-content\/uploads\/2015\/04\/200805201.jpg?resize=700%2C400&ssl=1 2x"},"classes":[]},{"id":1164,"url":"https:\/\/www.wallendorff.com\/belogue\/2008\/02\/17\/chevet-c-que-cheveux\/","url_meta":{"origin":1234,"position":2},"title":"Chevet, c&rsquo;que cheveux.","author":"dpc","date":"17 f\u00e9vrier 2008","format":false,"excerpt":"Studios Jet, Bruxelles, 16 f\u00e9vrier. \u00catre rock en 2008, c'est se faire 524\u00a0440 m\u00e8tres dans la journ\u00e9e pour aller photographier des cheveux. Et aimer \u00e7a. \u00a0Max\u00efmo Park \u2013 By the Monument","rel":"","context":"Dans &quot;DPC&quot;","block_context":{"text":"DPC","link":"https:\/\/www.wallendorff.com\/belogue\/category\/dpc\/"},"img":{"alt_text":"","src":"https:\/\/i0.wp.com\/www.wallendorff.com\/belogue\/wp-content\/uploads\/2015\/04\/200802171.jpg?resize=350%2C200&ssl=1","width":350,"height":200},"classes":[]},{"id":128393,"url":"https:\/\/www.wallendorff.com\/belogue\/2024\/06\/16\/cetait-2008\/","url_meta":{"origin":1234,"position":3},"title":"C&rsquo;\u00e9tait 2008.","author":"dpc","date":"16 juin 2024","format":false,"excerpt":"2008, fin de cycles. KillerPilze @ le Trabendo, Paris, 12 janvier 2008. Linkin Park @ le Galaxie, Amn\u00e9ville, 17 janvier 2008. Paris, 27 janvier 2008. Mademoiselle K @ studios Jet, Bruxelles, 16 f\u00e9vrier 2008. Londres, 18 f\u00e9vrier 2008. Amsterdam, 2 avril 2008. Editors @ le Bataclan, Paris, 07 avril 2008\u2026","rel":"","context":"Dans &quot;DPC&quot;","block_context":{"text":"DPC","link":"https:\/\/www.wallendorff.com\/belogue\/category\/dpc\/"},"img":{"alt_text":"","src":"https:\/\/i0.wp.com\/www.wallendorff.com\/belogue\/wp-content\/uploads\/2024\/06\/20240616-04.jpg?resize=350%2C200&ssl=1","width":350,"height":200,"srcset":"https:\/\/i0.wp.com\/www.wallendorff.com\/belogue\/wp-content\/uploads\/2024\/06\/20240616-04.jpg?resize=350%2C200&ssl=1 1x, https:\/\/i0.wp.com\/www.wallendorff.com\/belogue\/wp-content\/uploads\/2024\/06\/20240616-04.jpg?resize=525%2C300&ssl=1 1.5x, https:\/\/i0.wp.com\/www.wallendorff.com\/belogue\/wp-content\/uploads\/2024\/06\/20240616-04.jpg?resize=700%2C400&ssl=1 2x, https:\/\/i0.wp.com\/www.wallendorff.com\/belogue\/wp-content\/uploads\/2024\/06\/20240616-04.jpg?resize=1050%2C600&ssl=1 3x"},"classes":[]},{"id":426,"url":"https:\/\/www.wallendorff.com\/belogue\/2005\/03\/28\/drainer-l-epie\/","url_meta":{"origin":1234,"position":4},"title":"Dra&icirc;ner l&rsquo;&eacute;pi&eacute;.","author":"dpc","date":"28 mars 2005","format":false,"excerpt":"Rue d'Enfer, Metz, 21 mars. [Une goutti\u00e8re, oui. \u00c7a nous change des escaliers, un peu.] [\/Edit\u00a0: I'm so cleaaaar baby, I might disappeaaar tin tin tin tin tin tin tin] \u00a0The Paybacks \u2013 Jumpy","rel":"","context":"Dans &quot;DPC&quot;","block_context":{"text":"DPC","link":"https:\/\/www.wallendorff.com\/belogue\/category\/dpc\/"},"img":{"alt_text":"","src":"https:\/\/i0.wp.com\/www.wallendorff.com\/belogue\/wp-content\/uploads\/2015\/04\/20050328-071.jpg?resize=350%2C200&ssl=1","width":350,"height":200},"classes":[]},{"id":201,"url":"https:\/\/www.wallendorff.com\/belogue\/2006\/01\/10\/gros-rhume-dans-l-abri\/","url_meta":{"origin":1234,"position":5},"title":"Gros rhume dans l&rsquo;abri.","author":"dpc","date":"10 janvier 2006","format":false,"excerpt":"Jardin des Tuileries, Paris, 5 janvier, 18h45. \u201cTin Tin tin tin Tin tin tin tin tiiiiiiiiiiin\u201d [C'est frustrant, de passer une heure \u00e0 chercher des paroles et de ne pas les trouver.] \u00a0The Warlocks \u2013 Inside Outside","rel":"","context":"Dans &quot;DPC&quot;","block_context":{"text":"DPC","link":"https:\/\/www.wallendorff.com\/belogue\/category\/dpc\/"},"img":{"alt_text":"","src":"https:\/\/i0.wp.com\/www.wallendorff.com\/belogue\/wp-content\/uploads\/2015\/04\/200601101.jpg?resize=350%2C200&ssl=1","width":350,"height":200},"classes":[]}],"_links":{"self":[{"href":"https:\/\/www.wallendorff.com\/belogue\/wp-json\/wp\/v2\/posts\/1234","targetHints":{"allow":["GET"]}}],"collection":[{"href":"https:\/\/www.wallendorff.com\/belogue\/wp-json\/wp\/v2\/posts"}],"about":[{"href":"https:\/\/www.wallendorff.com\/belogue\/wp-json\/wp\/v2\/types\/post"}],"author":[{"embeddable":true,"href":"https:\/\/www.wallendorff.com\/belogue\/wp-json\/wp\/v2\/users\/1"}],"replies":[{"embeddable":true,"href":"https:\/\/www.wallendorff.com\/belogue\/wp-json\/wp\/v2\/comments?post=1234"}],"version-history":[{"count":2,"href":"https:\/\/www.wallendorff.com\/belogue\/wp-json\/wp\/v2\/posts\/1234\/revisions"}],"predecessor-version":[{"id":8761,"href":"https:\/\/www.wallendorff.com\/belogue\/wp-json\/wp\/v2\/posts\/1234\/revisions\/8761"}],"wp:featuredmedia":[{"embeddable":true,"href":"https:\/\/www.wallendorff.com\/belogue\/wp-json\/wp\/v2\/media\/25159"}],"wp:attachment":[{"href":"https:\/\/www.wallendorff.com\/belogue\/wp-json\/wp\/v2\/media?parent=1234"}],"wp:term":[{"taxonomy":"category","embeddable":true,"href":"https:\/\/www.wallendorff.com\/belogue\/wp-json\/wp\/v2\/categories?post=1234"},{"taxonomy":"post_tag","embeddable":true,"href":"https:\/\/www.wallendorff.com\/belogue\/wp-json\/wp\/v2\/tags?post=1234"}],"curies":[{"name":"wp","href":"https:\/\/api.w.org\/{rel}","templated":true}]}}