{"id":1231,"date":"2008-05-20T09:22:15","date_gmt":"2008-05-20T09:22:15","guid":{"rendered":"http:\/\/www.po-l.com\/wordpress\/?p=1231"},"modified":"2012-03-26T09:21:27","modified_gmt":"2012-03-26T07:21:27","slug":"shooting-people-28","status":"publish","type":"post","link":"https:\/\/www.wallendorff.com\/belogue\/2008\/05\/20\/shooting-people-28\/","title":{"rendered":"Shooting people #28."},"content":{"rendered":"<div id=\"photo\">\n<p><img decoding=\"async\" src=\"https:\/\/www.wallendorff.com\/belogue\/photo\/2008\/05\/20080520.jpg\" \/><br \/>\n Studios Jet, Bruxelles, 16 f&eacute;vrier.<\/p>\n<\/div>\n<div id=\"bandeson\">\n<p><img decoding=\"async\" src=\"https:\/\/www.wallendorff.com\/belogue\/photo\/pochettes\/blank.jpg\" align=\"left\" \/>&nbsp;<a href=\"http:\/\/www.thefutureheads.co.uk\">The Futureheads<\/a> &ndash; <em>Broke-Up Time<\/em><\/p>\n<\/div>\n","protected":false},"excerpt":{"rendered":"<p>Studios Jet, Bruxelles, 16 f&eacute;vrier. &nbsp;The Futureheads &ndash; Broke-Up Time<\/p>\n","protected":false},"author":1,"featured_media":25156,"comment_status":"open","ping_status":"open","sticky":false,"template":"","format":"standard","meta":{"_acf_changed":false,"ngg_post_thumbnail":0,"jetpack_post_was_ever_published":false,"_jetpack_newsletter_access":"","_jetpack_dont_email_post_to_subs":false,"_jetpack_newsletter_tier_id":0,"_jetpack_memberships_contains_paywalled_content":false,"_jetpack_memberships_contains_paid_content":false,"footnotes":"","jetpack_publicize_message":"","jetpack_publicize_feature_enabled":true,"jetpack_social_post_already_shared":false,"jetpack_social_options":{"image_generator_settings":{"template":"highway","default_image_id":0,"font":"","enabled":false},"version":2}},"categories":[8],"tags":[10178,2424,10313,10703,1016,187,2422,10319,10138,10272,10376,10365,2322,2423],"class_list":["post-1231","post","type-post","status-publish","format-standard","has-post-thumbnail","hentry","category-portraits","tag-belgique","tag-broke-up-time","tag-bruxelles","tag-bruxelles-capitale","tag-ef-15-mm-f28-fisheye","tag-eos-1d-mark-ii","tag-diptyque","tag-flou","tag-mademoiselle-k","tag-portrait","tag-promo","tag-studio","tag-studios-jet","tag-the-futureheads"],"acf":[],"geo":{"latitude":50.8612709,"longitude":4.3346214,"description":"Chauss\u00e9e de Jette 210-244, 1081 Koekelberg, Belgium"},"jetpack_publicize_connections":[],"jetpack_featured_media_url":"https:\/\/www.wallendorff.com\/belogue\/wp-content\/uploads\/2015\/04\/200805201.jpg","jetpack_shortlink":"https:\/\/wp.me\/p3b35P-jR","jetpack_sharing_enabled":true,"jetpack-related-posts":[{"id":1241,"url":"https:\/\/www.wallendorff.com\/belogue\/2008\/06\/02\/shooting-people-30\/","url_meta":{"origin":1231,"position":0},"title":"Shooting people #30.","author":"dpc","date":"2 juin 2008","format":false,"excerpt":"Studios Jet, Bruxelles, 16 f\u00e9vrier. \u00a0The Kills \u2013 Last Day of Magic","rel":"","context":"Dans &quot;Portraits&quot;","block_context":{"text":"Portraits","link":"https:\/\/www.wallendorff.com\/belogue\/category\/portraits\/"},"img":{"alt_text":"","src":"https:\/\/i0.wp.com\/www.wallendorff.com\/belogue\/wp-content\/uploads\/2015\/04\/200806021.jpg?resize=350%2C200&ssl=1","width":350,"height":200,"srcset":"https:\/\/i0.wp.com\/www.wallendorff.com\/belogue\/wp-content\/uploads\/2015\/04\/200806021.jpg?resize=350%2C200&ssl=1 1x, https:\/\/i0.wp.com\/www.wallendorff.com\/belogue\/wp-content\/uploads\/2015\/04\/200806021.jpg?resize=525%2C300&ssl=1 1.5x, https:\/\/i0.wp.com\/www.wallendorff.com\/belogue\/wp-content\/uploads\/2015\/04\/200806021.jpg?resize=700%2C400&ssl=1 2x"},"classes":[]},{"id":1164,"url":"https:\/\/www.wallendorff.com\/belogue\/2008\/02\/17\/chevet-c-que-cheveux\/","url_meta":{"origin":1231,"position":1},"title":"Chevet, c&rsquo;que cheveux.","author":"dpc","date":"17 f\u00e9vrier 2008","format":false,"excerpt":"Studios Jet, Bruxelles, 16 f\u00e9vrier. \u00catre rock en 2008, c'est se faire 524\u00a0440 m\u00e8tres dans la journ\u00e9e pour aller photographier des cheveux. Et aimer \u00e7a. \u00a0Max\u00efmo Park \u2013 By the Monument","rel":"","context":"Dans &quot;DPC&quot;","block_context":{"text":"DPC","link":"https:\/\/www.wallendorff.com\/belogue\/category\/dpc\/"},"img":{"alt_text":"","src":"https:\/\/i0.wp.com\/www.wallendorff.com\/belogue\/wp-content\/uploads\/2015\/04\/200802171.jpg?resize=350%2C200&ssl=1","width":350,"height":200},"classes":[]},{"id":1234,"url":"https:\/\/www.wallendorff.com\/belogue\/2008\/05\/23\/shooting-people-29\/","url_meta":{"origin":1231,"position":2},"title":"Shooting people #29.","author":"dpc","date":"23 mai 2008","format":false,"excerpt":"Studios Jet, Bruxelles, 16 f\u00e9vrier. Avertissement\u00a0: la bande-son qui suit est hautement contagieuse. Tin tin tin tin. Tin tin tin tin. \u00a0The Ting Tings \u2013 That's Not My Name","rel":"","context":"Dans &quot;Portraits&quot;","block_context":{"text":"Portraits","link":"https:\/\/www.wallendorff.com\/belogue\/category\/portraits\/"},"img":{"alt_text":"","src":"https:\/\/i0.wp.com\/www.wallendorff.com\/belogue\/wp-content\/uploads\/2015\/04\/200805231.jpg?resize=350%2C200&ssl=1","width":350,"height":200,"srcset":"https:\/\/i0.wp.com\/www.wallendorff.com\/belogue\/wp-content\/uploads\/2015\/04\/200805231.jpg?resize=350%2C200&ssl=1 1x, https:\/\/i0.wp.com\/www.wallendorff.com\/belogue\/wp-content\/uploads\/2015\/04\/200805231.jpg?resize=525%2C300&ssl=1 1.5x, https:\/\/i0.wp.com\/www.wallendorff.com\/belogue\/wp-content\/uploads\/2015\/04\/200805231.jpg?resize=700%2C400&ssl=1 2x"},"classes":[]},{"id":22647,"url":"https:\/\/www.wallendorff.com\/belogue\/2014\/03\/24\/bruxelles-de-lenfer\/","url_meta":{"origin":1231,"position":3},"title":"Bruxelles (de l&rsquo;enfer).","author":"dpc","date":"24 mars 2014","format":false,"excerpt":"Bruxelles, 23 f\u00e9vrier. [Ce jeu de mots est indiscutablement le meilleur de ma carri\u00e8re.] Pentecostal Mark Lanegan & Duke Garwood","rel":"","context":"Dans &quot;DPC&quot;","block_context":{"text":"DPC","link":"https:\/\/www.wallendorff.com\/belogue\/category\/dpc\/"},"img":{"alt_text":"","src":"https:\/\/i0.wp.com\/www.wallendorff.com\/belogue\/wp-content\/uploads\/2015\/04\/201403241.jpg?resize=350%2C200&ssl=1","width":350,"height":200,"srcset":"https:\/\/i0.wp.com\/www.wallendorff.com\/belogue\/wp-content\/uploads\/2015\/04\/201403241.jpg?resize=350%2C200&ssl=1 1x, https:\/\/i0.wp.com\/www.wallendorff.com\/belogue\/wp-content\/uploads\/2015\/04\/201403241.jpg?resize=525%2C300&ssl=1 1.5x"},"classes":[]},{"id":41945,"url":"https:\/\/www.wallendorff.com\/belogue\/2019\/06\/03\/black-rebel-motorcycle-club-lancienne-belgique-bruxelles-30-mai-2019\/","url_meta":{"origin":1231,"position":4},"title":"Black Rebel Motorcycle Club @ l&rsquo;Ancienne Belgique, Bruxelles, 30 mai 2019.","author":"dpc","date":"3 juin 2019","format":false,"excerpt":"Red Eye and Tears (reprise) | Awake | Beat the Devil's Tattoo | Spook | Spread Your Love","rel":"","context":"Dans &quot;Alive&quot;","block_context":{"text":"Alive","link":"https:\/\/www.wallendorff.com\/belogue\/category\/alive\/"},"img":{"alt_text":"","src":"https:\/\/i0.wp.com\/www.wallendorff.com\/belogue\/wp-content\/uploads\/2019\/06\/20190603-01.jpg?resize=350%2C200&ssl=1","width":350,"height":200,"srcset":"https:\/\/i0.wp.com\/www.wallendorff.com\/belogue\/wp-content\/uploads\/2019\/06\/20190603-01.jpg?resize=350%2C200&ssl=1 1x, https:\/\/i0.wp.com\/www.wallendorff.com\/belogue\/wp-content\/uploads\/2019\/06\/20190603-01.jpg?resize=525%2C300&ssl=1 1.5x, https:\/\/i0.wp.com\/www.wallendorff.com\/belogue\/wp-content\/uploads\/2019\/06\/20190603-01.jpg?resize=700%2C400&ssl=1 2x, https:\/\/i0.wp.com\/www.wallendorff.com\/belogue\/wp-content\/uploads\/2019\/06\/20190603-01.jpg?resize=1050%2C600&ssl=1 3x"},"classes":[]},{"id":20738,"url":"https:\/\/www.wallendorff.com\/belogue\/2013\/04\/05\/black-rebel-motorcycle-club-lancienne-belgique-bruxelles-1er-avril\/","url_meta":{"origin":1231,"position":5},"title":"Black Rebel Motorcycle Club @ l&rsquo;Ancienne Belgique, Bruxelles, 1er avril.","author":"dpc","date":"5 avril 2013","format":false,"excerpt":"Let the Day Begin (The Call) | Rival | Red Eyes and Tears | Hate the Taste | Beat the Devil's Tattoo | Whatever Happened to My Rock 'n' Roll (Punk Song) | Ain't No Easy Way | Berlin | 666 Conducer | Love Burns | Returning | Mercy (acoustic)\u2026","rel":"","context":"Dans &quot;Alive&quot;","block_context":{"text":"Alive","link":"https:\/\/www.wallendorff.com\/belogue\/category\/alive\/"},"img":{"alt_text":"","src":"https:\/\/i0.wp.com\/www.wallendorff.com\/belogue\/wp-content\/uploads\/2015\/04\/20130405.jpg?resize=350%2C200&ssl=1","width":350,"height":200,"srcset":"https:\/\/i0.wp.com\/www.wallendorff.com\/belogue\/wp-content\/uploads\/2015\/04\/20130405.jpg?resize=350%2C200&ssl=1 1x, https:\/\/i0.wp.com\/www.wallendorff.com\/belogue\/wp-content\/uploads\/2015\/04\/20130405.jpg?resize=525%2C300&ssl=1 1.5x, https:\/\/i0.wp.com\/www.wallendorff.com\/belogue\/wp-content\/uploads\/2015\/04\/20130405.jpg?resize=700%2C400&ssl=1 2x"},"classes":[]}],"_links":{"self":[{"href":"https:\/\/www.wallendorff.com\/belogue\/wp-json\/wp\/v2\/posts\/1231","targetHints":{"allow":["GET"]}}],"collection":[{"href":"https:\/\/www.wallendorff.com\/belogue\/wp-json\/wp\/v2\/posts"}],"about":[{"href":"https:\/\/www.wallendorff.com\/belogue\/wp-json\/wp\/v2\/types\/post"}],"author":[{"embeddable":true,"href":"https:\/\/www.wallendorff.com\/belogue\/wp-json\/wp\/v2\/users\/1"}],"replies":[{"embeddable":true,"href":"https:\/\/www.wallendorff.com\/belogue\/wp-json\/wp\/v2\/comments?post=1231"}],"version-history":[{"count":1,"href":"https:\/\/www.wallendorff.com\/belogue\/wp-json\/wp\/v2\/posts\/1231\/revisions"}],"predecessor-version":[{"id":16534,"href":"https:\/\/www.wallendorff.com\/belogue\/wp-json\/wp\/v2\/posts\/1231\/revisions\/16534"}],"wp:featuredmedia":[{"embeddable":true,"href":"https:\/\/www.wallendorff.com\/belogue\/wp-json\/wp\/v2\/media\/25156"}],"wp:attachment":[{"href":"https:\/\/www.wallendorff.com\/belogue\/wp-json\/wp\/v2\/media?parent=1231"}],"wp:term":[{"taxonomy":"category","embeddable":true,"href":"https:\/\/www.wallendorff.com\/belogue\/wp-json\/wp\/v2\/categories?post=1231"},{"taxonomy":"post_tag","embeddable":true,"href":"https:\/\/www.wallendorff.com\/belogue\/wp-json\/wp\/v2\/tags?post=1231"}],"curies":[{"name":"wp","href":"https:\/\/api.w.org\/{rel}","templated":true}]}}