{"id":12288,"date":"2011-02-14T08:54:36","date_gmt":"2011-02-14T07:54:36","guid":{"rendered":"http:\/\/www.po-l.com\/belogue\/?p=12288"},"modified":"2012-01-25T11:42:38","modified_gmt":"2012-01-25T09:42:38","slug":"pis-a-prismes-25","status":"publish","type":"post","link":"https:\/\/www.wallendorff.com\/belogue\/2011\/02\/14\/pis-a-prismes-25\/","title":{"rendered":"Pis \u00e0 prismes #25."},"content":{"rendered":"\n<div id=\"photo\">\n<p><img decoding=\"async\" src=\"https:\/\/www.wallendorff.com\/belogue\/photo\/2011\/02\/20110214.jpg\" \/><br \/>\nPont de Bir-Hakeim, Paris, 8 janvier.<\/p>\n<\/p><\/div>\n<div id=\"bandeson\">\n<p><img decoding=\"async\" src=\"https:\/\/www.wallendorff.com\/belogue\/photo\/pochettes\/i\/i_am_kloot-bbc_radio_1_peel_sessions.jpg\" align=\"left\" \/>&nbsp;<a href=\"http:\/\/www.iamkloot.com\/\">I Am Kloot<\/a> &ndash; <em>From Your Favourite Sky<\/em><\/p>\n<\/p><\/div>\n","protected":false},"excerpt":{"rendered":"<p>Pont de Bir-Hakeim, Paris, 8 janvier. &nbsp;I Am Kloot &ndash; From Your Favourite Sky<\/p>\n","protected":false},"author":1,"featured_media":26100,"comment_status":"open","ping_status":"open","sticky":false,"template":"","format":"standard","meta":{"_acf_changed":false,"ngg_post_thumbnail":0,"jetpack_post_was_ever_published":false,"_jetpack_newsletter_access":"","_jetpack_dont_email_post_to_subs":false,"_jetpack_newsletter_tier_id":0,"_jetpack_memberships_contains_paywalled_content":false,"_jetpack_memberships_contains_paid_content":false,"footnotes":"","jetpack_publicize_message":"","jetpack_publicize_feature_enabled":true,"jetpack_social_post_already_shared":false,"jetpack_social_options":{"image_generator_settings":{"template":"highway","default_image_id":0,"font":"","enabled":false},"version":2}},"categories":[13],"tags":[10243,10372,1438,2615,10311,10340,10120,4679,10221,10121,143,10147,10700,10098,10102,10380,10850,10851,10236],"class_list":["post-12288","post","type-post","status-publish","format-standard","has-post-thumbnail","hentry","category-pis-a-prismes","tag-10243","tag-10372","tag-ef-50-mm-f14-usm","tag-eos-5d-mark-ii","tag-dos","tag-fille","tag-france","tag-from-your-favourite-sky","tag-i-am-kloot","tag-ile-de-france","tag-noir-et-blanc","tag-nuit","tag-parapluie","tag-paris","tag-pluie","tag-pont","tag-pont-de-bir-hakeim","tag-tour","tag-tour-eiffel"],"acf":[],"geo":{"latitude":48.8557053,"longitude":2.2877309,"description":"Pont de Bir-Hakeim, 75015 Paris, France"},"jetpack_publicize_connections":[],"jetpack_featured_media_url":"https:\/\/www.wallendorff.com\/belogue\/wp-content\/uploads\/2015\/04\/201102141.jpg","jetpack_shortlink":"https:\/\/wp.me\/p3b35P-3cc","jetpack_sharing_enabled":true,"jetpack-related-posts":[{"id":21448,"url":"https:\/\/www.wallendorff.com\/belogue\/2013\/08\/19\/into-the-wide-16-x-pis-a-prismes-33\/","url_meta":{"origin":12288,"position":0},"title":"Into the wide #16 \u00d7 Pis \u00e0 prismes #33.","author":"dpc","date":"19 ao\u00fbt 2013","format":false,"excerpt":"Pont de Bir-Hakeim, Paris, 10 juin. Du m\u00eame endroit que la fameuseTour Eiffel \u00e0 la fistule anale de Louis XIV. The West Ty Segall","rel":"","context":"Dans &quot;Into the wide&quot;","block_context":{"text":"Into the wide","link":"https:\/\/www.wallendorff.com\/belogue\/category\/into-the-wide\/"},"img":{"alt_text":"","src":"https:\/\/i0.wp.com\/www.wallendorff.com\/belogue\/wp-content\/uploads\/2015\/04\/201308191.jpg?resize=350%2C200&ssl=1","width":350,"height":200,"srcset":"https:\/\/i0.wp.com\/www.wallendorff.com\/belogue\/wp-content\/uploads\/2015\/04\/201308191.jpg?resize=350%2C200&ssl=1 1x, https:\/\/i0.wp.com\/www.wallendorff.com\/belogue\/wp-content\/uploads\/2015\/04\/201308191.jpg?resize=525%2C300&ssl=1 1.5x, https:\/\/i0.wp.com\/www.wallendorff.com\/belogue\/wp-content\/uploads\/2015\/04\/201308191.jpg?resize=700%2C400&ssl=1 2x"},"classes":[]},{"id":12285,"url":"https:\/\/www.wallendorff.com\/belogue\/2011\/02\/11\/pis-a-prismes-24\/","url_meta":{"origin":12288,"position":1},"title":"Pis \u00e0 prismes #24.","author":"dpc","date":"11 f\u00e9vrier 2011","format":false,"excerpt":"Pont de Bir-Hakeim, Paris, 8 janvier. Ou Tour Eiffel \u00e0 la fistule anale de Louis XIV. [Du fait que l'heure que je passai sur Photoshop \u00e0 nettoyer le sol de la dite photo fut \u00e9galement consacr\u00e9e \u00e0 l'\u00e9coute d'un reportage de St\u00e9phane Bern d\u00e9taillant cette croustillante anecdote et qu'en cons\u00e9quence,\u2026","rel":"","context":"Dans &quot;Pis \u00e0 prismes&quot;","block_context":{"text":"Pis \u00e0 prismes","link":"https:\/\/www.wallendorff.com\/belogue\/category\/pis-a-prismes\/"},"img":{"alt_text":"","src":"https:\/\/i0.wp.com\/www.wallendorff.com\/belogue\/wp-content\/uploads\/2015\/04\/20110211.jpg?resize=350%2C200&ssl=1","width":350,"height":200,"srcset":"https:\/\/i0.wp.com\/www.wallendorff.com\/belogue\/wp-content\/uploads\/2015\/04\/20110211.jpg?resize=350%2C200&ssl=1 1x, https:\/\/i0.wp.com\/www.wallendorff.com\/belogue\/wp-content\/uploads\/2015\/04\/20110211.jpg?resize=525%2C300&ssl=1 1.5x, https:\/\/i0.wp.com\/www.wallendorff.com\/belogue\/wp-content\/uploads\/2015\/04\/20110211.jpg?resize=700%2C400&ssl=1 2x"},"classes":[]},{"id":34062,"url":"https:\/\/www.wallendorff.com\/belogue\/2017\/05\/19\/into-the-wide-95-x-pis-a-prisme-44\/","url_meta":{"origin":12288,"position":2},"title":"Into the wide #95 \u00d7 Pis \u00e0 prisme #44.","author":"dpc","date":"19 mai 2017","format":false,"excerpt":"Pont de Bir-Hakeim, Paris, 19 mars. [Esp\u00e9rons que personne ne remarquera que ce num\u00e9ro 95\u00d744 montre \u00e0 peu pr\u00e8s la m\u00eame photo que le num\u00e9ro 16\u00d733, mais prise d'un autre angle, ce toujours avec la fistule anale de Louis XIV en t\u00eate depuis ce jour-l\u00e0.] Stoned and AloneFindlay","rel":"","context":"Dans &quot;Into the wide&quot;","block_context":{"text":"Into the wide","link":"https:\/\/www.wallendorff.com\/belogue\/category\/into-the-wide\/"},"img":{"alt_text":"","src":"https:\/\/i0.wp.com\/www.wallendorff.com\/belogue\/wp-content\/uploads\/2017\/05\/20170519.jpg?resize=350%2C200&ssl=1","width":350,"height":200,"srcset":"https:\/\/i0.wp.com\/www.wallendorff.com\/belogue\/wp-content\/uploads\/2017\/05\/20170519.jpg?resize=350%2C200&ssl=1 1x, https:\/\/i0.wp.com\/www.wallendorff.com\/belogue\/wp-content\/uploads\/2017\/05\/20170519.jpg?resize=525%2C300&ssl=1 1.5x, https:\/\/i0.wp.com\/www.wallendorff.com\/belogue\/wp-content\/uploads\/2017\/05\/20170519.jpg?resize=700%2C400&ssl=1 2x, https:\/\/i0.wp.com\/www.wallendorff.com\/belogue\/wp-content\/uploads\/2017\/05\/20170519.jpg?resize=1050%2C600&ssl=1 3x"},"classes":[]},{"id":22899,"url":"https:\/\/www.wallendorff.com\/belogue\/2014\/06\/05\/dix-ans-et-une-tour\/","url_meta":{"origin":12288,"position":3},"title":"Dix ans et une tour.","author":"dpc","date":"5 juin 2014","format":false,"excerpt":"Dix ans \u00e0 passer devant, \u00e0 tourner autour, \u00e0 la d\u00e9tailler sous toutes les coutures. Dix ans \u00e0 retomber dessus sans cesse sans jamais la chercher, au point de finir par lui d\u00e9dier la s\u00e9rie photographique au titre le plus pourri de la d\u00e9cennie. Pis \u00e0 prismes #11. Champ de\u2026","rel":"","context":"Dans &quot;DPC&quot;","block_context":{"text":"DPC","link":"https:\/\/www.wallendorff.com\/belogue\/category\/dpc\/"},"img":{"alt_text":"","src":"https:\/\/i0.wp.com\/www.wallendorff.com\/belogue\/wp-content\/uploads\/2015\/04\/201301223.jpg?resize=350%2C200&ssl=1","width":350,"height":200,"srcset":"https:\/\/i0.wp.com\/www.wallendorff.com\/belogue\/wp-content\/uploads\/2015\/04\/201301223.jpg?resize=350%2C200&ssl=1 1x, https:\/\/i0.wp.com\/www.wallendorff.com\/belogue\/wp-content\/uploads\/2015\/04\/201301223.jpg?resize=525%2C300&ssl=1 1.5x, https:\/\/i0.wp.com\/www.wallendorff.com\/belogue\/wp-content\/uploads\/2015\/04\/201301223.jpg?resize=700%2C400&ssl=1 2x"},"classes":[]},{"id":3826,"url":"https:\/\/www.wallendorff.com\/belogue\/2009\/01\/22\/pis-a-prismes-17\/","url_meta":{"origin":12288,"position":4},"title":"Pis \u00e0 prismes #17.","author":"dpc","date":"22 janvier 2009","format":false,"excerpt":"Champ de Mars, Paris, 1er janvier. I Am Kloot \u2013 Life in a Day C'est marrant de voir que les notes se r\u00e9p\u00e8tent alors que leurs textes, eux, non pas du tout.","rel":"","context":"Dans &quot;Pis \u00e0 prismes&quot;","block_context":{"text":"Pis \u00e0 prismes","link":"https:\/\/www.wallendorff.com\/belogue\/category\/pis-a-prismes\/"},"img":{"alt_text":"","src":"https:\/\/i0.wp.com\/www.wallendorff.com\/belogue\/wp-content\/uploads\/2015\/04\/200901221.jpg?resize=350%2C200&ssl=1","width":350,"height":200},"classes":[]},{"id":20055,"url":"https:\/\/www.wallendorff.com\/belogue\/2013\/01\/09\/pis-a-prismes-31\/","url_meta":{"origin":12288,"position":5},"title":"Pis \u00e0 prismes #31.","author":"dpc","date":"9 janvier 2013","format":false,"excerpt":"Pont des Arts, Paris, 17 novembre 2012. Sympathetic Noose Black Rebel Motorcycle Club","rel":"","context":"Dans &quot;Pis \u00e0 prismes&quot;","block_context":{"text":"Pis \u00e0 prismes","link":"https:\/\/www.wallendorff.com\/belogue\/category\/pis-a-prismes\/"},"img":{"alt_text":"","src":"https:\/\/i0.wp.com\/www.wallendorff.com\/belogue\/wp-content\/uploads\/2015\/04\/201301091.jpg?resize=350%2C200&ssl=1","width":350,"height":200},"classes":[]}],"_links":{"self":[{"href":"https:\/\/www.wallendorff.com\/belogue\/wp-json\/wp\/v2\/posts\/12288","targetHints":{"allow":["GET"]}}],"collection":[{"href":"https:\/\/www.wallendorff.com\/belogue\/wp-json\/wp\/v2\/posts"}],"about":[{"href":"https:\/\/www.wallendorff.com\/belogue\/wp-json\/wp\/v2\/types\/post"}],"author":[{"embeddable":true,"href":"https:\/\/www.wallendorff.com\/belogue\/wp-json\/wp\/v2\/users\/1"}],"replies":[{"embeddable":true,"href":"https:\/\/www.wallendorff.com\/belogue\/wp-json\/wp\/v2\/comments?post=12288"}],"version-history":[{"count":1,"href":"https:\/\/www.wallendorff.com\/belogue\/wp-json\/wp\/v2\/posts\/12288\/revisions"}],"predecessor-version":[{"id":15520,"href":"https:\/\/www.wallendorff.com\/belogue\/wp-json\/wp\/v2\/posts\/12288\/revisions\/15520"}],"wp:featuredmedia":[{"embeddable":true,"href":"https:\/\/www.wallendorff.com\/belogue\/wp-json\/wp\/v2\/media\/26100"}],"wp:attachment":[{"href":"https:\/\/www.wallendorff.com\/belogue\/wp-json\/wp\/v2\/media?parent=12288"}],"wp:term":[{"taxonomy":"category","embeddable":true,"href":"https:\/\/www.wallendorff.com\/belogue\/wp-json\/wp\/v2\/categories?post=12288"},{"taxonomy":"post_tag","embeddable":true,"href":"https:\/\/www.wallendorff.com\/belogue\/wp-json\/wp\/v2\/tags?post=12288"}],"curies":[{"name":"wp","href":"https:\/\/api.w.org\/{rel}","templated":true}]}}