{"id":1227,"date":"2008-05-15T08:56:39","date_gmt":"2008-05-15T08:56:39","guid":{"rendered":"http:\/\/www.po-l.com\/wordpress\/?p=1227"},"modified":"2012-03-23T10:34:50","modified_gmt":"2012-03-23T08:34:50","slug":"fous-comme-les-soirs","status":"publish","type":"post","link":"https:\/\/www.wallendorff.com\/belogue\/2008\/05\/15\/fous-comme-les-soirs\/","title":{"rendered":"Fous comme les soirs."},"content":{"rendered":"<div id=\"photo\">\n<p><img decoding=\"async\" src=\"https:\/\/www.wallendorff.com\/belogue\/photo\/2008\/05\/20080515.jpg\" \/><br \/>\n Akershus park, Oslo, 1<sup>er<\/sup> avril.<\/p>\n<\/div>\n<p style=\"text-align:right\">&Ccedil;a me fait penser que j&rsquo;ai oubli&eacute; de faire de la pub pour ce <a href=\"http:\/\/thelion.tumblr.com\/\">fin accordeur de bande-son<\/a>. Allez-y, il m&eacute;rite.<\/p>\n<div id=\"bandeson\">\n<p><img decoding=\"async\" src=\"https:\/\/www.wallendorff.com\/belogue\/photo\/pochettes\/v\/vedder_eddie-into_the_wild.jpg\" align=\"left\" \/>&nbsp;<a href=\"http:\/\/www.tenclub.net\">Eddie Vedder<\/a> &ndash; <em>The Wolf<\/em><\/p>\n<\/div>\n","protected":false},"excerpt":{"rendered":"<p>Akershus park, Oslo, 1er avril. &Ccedil;a me fait penser que j&rsquo;ai oubli&eacute; de faire de la pub pour ce fin accordeur de bande-son. Allez-y, il m&eacute;rite. &nbsp;Eddie Vedder &ndash; The Wolf<\/p>\n","protected":false},"author":1,"featured_media":25152,"comment_status":"open","ping_status":"open","sticky":false,"template":"","format":"standard","meta":{"_acf_changed":false,"ngg_post_thumbnail":0,"jetpack_post_was_ever_published":false,"_jetpack_newsletter_access":"","_jetpack_dont_email_post_to_subs":false,"_jetpack_newsletter_tier_id":0,"_jetpack_memberships_contains_paywalled_content":false,"_jetpack_memberships_contains_paid_content":false,"footnotes":"","jetpack_publicize_message":"","jetpack_publicize_feature_enabled":true,"jetpack_social_post_already_shared":false,"jetpack_social_options":{"image_generator_settings":{"template":"highway","default_image_id":0,"font":"","enabled":false},"version":2}},"categories":[3],"tags":[2413,737,142,132,10144,10326,10330,10875,10278,2357,2398,10407,10227,2414],"class_list":["post-1227","post","type-post","status-publish","format-standard","has-post-thumbnail","hentry","category-dpc","tag-akerhus-park","tag-bleu","tag-ef-s-10-22-mm-f35-45-usm","tag-eos-20d","tag-ciel","tag-crepuscule","tag-eddie-vedder","tag-into-the-wild","tag-lampadaire","tag-norvege","tag-oslo","tag-silhouette","tag-statue","tag-the-wolf"],"acf":[],"geo":{"latitude":59.91045,"longitude":10.7349358,"description":"Frognerstranda, 0151 Oslo, Norway"},"jetpack_publicize_connections":[],"jetpack_featured_media_url":"https:\/\/www.wallendorff.com\/belogue\/wp-content\/uploads\/2015\/04\/200805151.jpg","jetpack_shortlink":"https:\/\/wp.me\/p3b35P-jN","jetpack_sharing_enabled":true,"jetpack-related-posts":[{"id":12649,"url":"https:\/\/www.wallendorff.com\/belogue\/2011\/04\/18\/tes-leffes-eric\/","url_meta":{"origin":1227,"position":0},"title":"Tes Leffes, \u00c9ric.","author":"dpc","date":"18 avril 2011","format":false,"excerpt":"Morzine, 30 mars. \u00a0Eddie Vedder \u2014 Tuolumne","rel":"","context":"Dans &quot;DPC&quot;","block_context":{"text":"DPC","link":"https:\/\/www.wallendorff.com\/belogue\/category\/dpc\/"},"img":{"alt_text":"","src":"https:\/\/i0.wp.com\/www.wallendorff.com\/belogue\/wp-content\/uploads\/2015\/04\/201104181.jpg?resize=350%2C200&ssl=1","width":350,"height":200},"classes":[]},{"id":19314,"url":"https:\/\/www.wallendorff.com\/belogue\/2012\/10\/17\/train-te-scie-champ-delle\/","url_meta":{"origin":1227,"position":1},"title":"Train te scie champ d&rsquo;elle.","author":"dpc","date":"17 octobre 2012","format":false,"excerpt":"P\u00ebrlin\u00eb, 1er ao\u00fbt. \u00a0Eddie Vedder \u2013 Hard Sun (Indio cover)","rel":"","context":"Dans &quot;DPC&quot;","block_context":{"text":"DPC","link":"https:\/\/www.wallendorff.com\/belogue\/category\/dpc\/"},"img":{"alt_text":"","src":"https:\/\/i0.wp.com\/www.wallendorff.com\/belogue\/wp-content\/uploads\/2015\/04\/201210171.jpg?resize=350%2C200&ssl=1","width":350,"height":200,"srcset":"https:\/\/i0.wp.com\/www.wallendorff.com\/belogue\/wp-content\/uploads\/2015\/04\/201210171.jpg?resize=350%2C200&ssl=1 1x, https:\/\/i0.wp.com\/www.wallendorff.com\/belogue\/wp-content\/uploads\/2015\/04\/201210171.jpg?resize=525%2C300&ssl=1 1.5x, https:\/\/i0.wp.com\/www.wallendorff.com\/belogue\/wp-content\/uploads\/2015\/04\/201210171.jpg?resize=700%2C400&ssl=1 2x"},"classes":[]},{"id":13091,"url":"https:\/\/www.wallendorff.com\/belogue\/2011\/08\/11\/man-on-the-mourn-ii\/","url_meta":{"origin":1227,"position":2},"title":"Man on the mourn [II].","author":"dpc","date":"11 ao\u00fbt 2011","format":false,"excerpt":"Rue Oberkampf, Paris, 6 juillet. \u00a0Eddie Vedder \u2013 Girl from the North Country (Bob Dylan cover) (live)","rel":"","context":"Dans &quot;DPC&quot;","block_context":{"text":"DPC","link":"https:\/\/www.wallendorff.com\/belogue\/category\/dpc\/"},"img":{"alt_text":"","src":"https:\/\/i0.wp.com\/www.wallendorff.com\/belogue\/wp-content\/uploads\/2015\/04\/201108111.jpg?resize=350%2C200&ssl=1","width":350,"height":200,"srcset":"https:\/\/i0.wp.com\/www.wallendorff.com\/belogue\/wp-content\/uploads\/2015\/04\/201108111.jpg?resize=350%2C200&ssl=1 1x, https:\/\/i0.wp.com\/www.wallendorff.com\/belogue\/wp-content\/uploads\/2015\/04\/201108111.jpg?resize=525%2C300&ssl=1 1.5x, https:\/\/i0.wp.com\/www.wallendorff.com\/belogue\/wp-content\/uploads\/2015\/04\/201108111.jpg?resize=700%2C400&ssl=1 2x"},"classes":[]},{"id":3735,"url":"https:\/\/www.wallendorff.com\/belogue\/2008\/12\/30\/2008en-5\/","url_meta":{"origin":1227,"position":3},"title":"2008 en&#8230; #5.","author":"dpc","date":"30 d\u00e9cembre 2008","format":false,"excerpt":"Sautons du coq \u00e0 l'\u00e2ne en profitant de l'espace vide laiss\u00e9 par l'absence de photos r\u00e9centes des Kills dans mon stock pour y placer un test de Shooting Doggies, s\u00e9rie appel\u00e9e \u00e0 remplacer les Shooting People en 2009 si elle re\u00e7oit l'aval de tous et qu'on me fournit assez de\u2026","rel":"","context":"Dans &quot;DPC&quot;","block_context":{"text":"DPC","link":"https:\/\/www.wallendorff.com\/belogue\/category\/dpc\/"},"img":{"alt_text":"","src":"https:\/\/i0.wp.com\/www.wallendorff.com\/belogue\/wp-content\/uploads\/2015\/04\/200812301.jpg?resize=350%2C200&ssl=1","width":350,"height":200,"srcset":"https:\/\/i0.wp.com\/www.wallendorff.com\/belogue\/wp-content\/uploads\/2015\/04\/200812301.jpg?resize=350%2C200&ssl=1 1x, https:\/\/i0.wp.com\/www.wallendorff.com\/belogue\/wp-content\/uploads\/2015\/04\/200812301.jpg?resize=525%2C300&ssl=1 1.5x, https:\/\/i0.wp.com\/www.wallendorff.com\/belogue\/wp-content\/uploads\/2015\/04\/200812301.jpg?resize=700%2C400&ssl=1 2x"},"classes":[]},{"id":3880,"url":"https:\/\/www.wallendorff.com\/belogue\/2009\/02\/04\/luxe-caille-water\/","url_meta":{"origin":1227,"position":4},"title":"Luxe caille water.","author":"dpc","date":"4 f\u00e9vrier 2009","format":false,"excerpt":"Place Joachim du Bellay, Paris, 10 janvier. Eddie Vedder \u2013 Tuolumne","rel":"","context":"Dans &quot;DPC&quot;","block_context":{"text":"DPC","link":"https:\/\/www.wallendorff.com\/belogue\/category\/dpc\/"},"img":{"alt_text":"","src":"https:\/\/i0.wp.com\/www.wallendorff.com\/belogue\/wp-content\/uploads\/2015\/04\/200902041.jpg?resize=350%2C200&ssl=1","width":350,"height":200},"classes":[]},{"id":4350,"url":"https:\/\/www.wallendorff.com\/belogue\/2009\/07\/01\/shouldnt\/","url_meta":{"origin":1227,"position":5},"title":"Shouldn&rsquo;t.","author":"dpc","date":"1 juillet 2009","format":false,"excerpt":"E Madison Street, Chicago, 29 avril. Eddie Vedder \u2013 Long Nights","rel":"","context":"Dans &quot;DPC&quot;","block_context":{"text":"DPC","link":"https:\/\/www.wallendorff.com\/belogue\/category\/dpc\/"},"img":{"alt_text":"","src":"https:\/\/i0.wp.com\/www.wallendorff.com\/belogue\/wp-content\/uploads\/2015\/04\/200907011.jpg?resize=350%2C200&ssl=1","width":350,"height":200,"srcset":"https:\/\/i0.wp.com\/www.wallendorff.com\/belogue\/wp-content\/uploads\/2015\/04\/200907011.jpg?resize=350%2C200&ssl=1 1x, https:\/\/i0.wp.com\/www.wallendorff.com\/belogue\/wp-content\/uploads\/2015\/04\/200907011.jpg?resize=525%2C300&ssl=1 1.5x"},"classes":[]}],"_links":{"self":[{"href":"https:\/\/www.wallendorff.com\/belogue\/wp-json\/wp\/v2\/posts\/1227","targetHints":{"allow":["GET"]}}],"collection":[{"href":"https:\/\/www.wallendorff.com\/belogue\/wp-json\/wp\/v2\/posts"}],"about":[{"href":"https:\/\/www.wallendorff.com\/belogue\/wp-json\/wp\/v2\/types\/post"}],"author":[{"embeddable":true,"href":"https:\/\/www.wallendorff.com\/belogue\/wp-json\/wp\/v2\/users\/1"}],"replies":[{"embeddable":true,"href":"https:\/\/www.wallendorff.com\/belogue\/wp-json\/wp\/v2\/comments?post=1227"}],"version-history":[{"count":1,"href":"https:\/\/www.wallendorff.com\/belogue\/wp-json\/wp\/v2\/posts\/1227\/revisions"}],"predecessor-version":[{"id":16498,"href":"https:\/\/www.wallendorff.com\/belogue\/wp-json\/wp\/v2\/posts\/1227\/revisions\/16498"}],"wp:featuredmedia":[{"embeddable":true,"href":"https:\/\/www.wallendorff.com\/belogue\/wp-json\/wp\/v2\/media\/25152"}],"wp:attachment":[{"href":"https:\/\/www.wallendorff.com\/belogue\/wp-json\/wp\/v2\/media?parent=1227"}],"wp:term":[{"taxonomy":"category","embeddable":true,"href":"https:\/\/www.wallendorff.com\/belogue\/wp-json\/wp\/v2\/categories?post=1227"},{"taxonomy":"post_tag","embeddable":true,"href":"https:\/\/www.wallendorff.com\/belogue\/wp-json\/wp\/v2\/tags?post=1227"}],"curies":[{"name":"wp","href":"https:\/\/api.w.org\/{rel}","templated":true}]}}