{"id":1225,"date":"2008-05-13T09:09:14","date_gmt":"2008-05-13T09:09:14","guid":{"rendered":"http:\/\/www.po-l.com\/wordpress\/?p=1225"},"modified":"2012-03-21T11:53:19","modified_gmt":"2012-03-21T09:53:19","slug":"tres-hots-quai","status":"publish","type":"post","link":"https:\/\/www.wallendorff.com\/belogue\/2008\/05\/13\/tres-hots-quai\/","title":{"rendered":"\u00catres hots \u00e0 quai."},"content":{"rendered":"<div id=\"photo\">\n<p><img decoding=\"async\" src=\"https:\/\/www.wallendorff.com\/belogue\/photo\/2008\/05\/20080513.jpg\" \/><br \/>\n Nationaltheatret stasjon, Oslo, 1<sup>er<\/sup> avril.<\/p>\n<\/div>\n<p>Bah.<\/p>\n<div id=\"bandeson\">\n<p><img decoding=\"async\" src=\"https:\/\/www.wallendorff.com\/belogue\/photo\/pochettes\/a\/arcade_fire-keep_the_car_running.jpg\" align=\"left\" \/>&nbsp;<a href=\"http:\/\/www.arcadefire.com\/\">Arcade Fire<\/a> &ndash; <em>Broken Window<\/em><\/p>\n<\/p><\/div>\n","protected":false},"excerpt":{"rendered":"<p>Nationaltheatret stasjon, Oslo, 1er avril. Bah. &nbsp;Arcade Fire &ndash; Broken Window<\/p>\n","protected":false},"author":1,"featured_media":25150,"comment_status":"open","ping_status":"open","sticky":false,"template":"","format":"standard","meta":{"_acf_changed":false,"ngg_post_thumbnail":0,"jetpack_post_was_ever_published":false,"_jetpack_newsletter_access":"","_jetpack_dont_email_post_to_subs":false,"_jetpack_newsletter_tier_id":0,"_jetpack_memberships_contains_paywalled_content":false,"_jetpack_memberships_contains_paid_content":false,"footnotes":"","jetpack_publicize_message":"","jetpack_publicize_feature_enabled":true,"jetpack_social_post_already_shared":false,"jetpack_social_options":{"image_generator_settings":{"template":"highway","default_image_id":0,"font":"","enabled":false},"version":2}},"categories":[3],"tags":[10263,2407,142,132,10119,2397,143,2357,2398,10287],"class_list":["post-1225","post","type-post","status-publish","format-standard","has-post-thumbnail","hentry","category-dpc","tag-arcade-fire","tag-broken-window","tag-ef-s-10-22-mm-f35-45-usm","tag-eos-20d","tag-metro","tag-nationaltheatret-stasjon","tag-noir-et-blanc","tag-norvege","tag-oslo","tag-quai"],"acf":[],"geo":{"latitude":59.9149017,"longitude":10.7303057,"description":"Nationaltheatret, 0251 Oslo, Norway"},"jetpack_publicize_connections":[],"jetpack_featured_media_url":"https:\/\/www.wallendorff.com\/belogue\/wp-content\/uploads\/2015\/04\/200805131.jpg","jetpack_shortlink":"https:\/\/wp.me\/p3b35P-jL","jetpack_sharing_enabled":true,"jetpack-related-posts":[{"id":1220,"url":"https:\/\/www.wallendorff.com\/belogue\/2008\/05\/05\/antre-et-ses-tout-verts\/","url_meta":{"origin":1225,"position":0},"title":"Antre et ses tout verts.","author":"dpc","date":"5 mai 2008","format":false,"excerpt":"Nationaltheatret stasjon, Oslo, 1er avril. Mais forc\u00e9ment en noir et blanc, on voit pas qu'ils sont tout verts. Forc\u00e9ment. \u00a0Bon Iver \u2013 Skinny Love","rel":"","context":"Dans &quot;DPC&quot;","block_context":{"text":"DPC","link":"https:\/\/www.wallendorff.com\/belogue\/category\/dpc\/"},"img":{"alt_text":"","src":"https:\/\/i0.wp.com\/www.wallendorff.com\/belogue\/wp-content\/uploads\/2015\/04\/200805051.jpg?resize=350%2C200&ssl=1","width":350,"height":200},"classes":[]},{"id":1226,"url":"https:\/\/www.wallendorff.com\/belogue\/2008\/05\/14\/digue\/","url_meta":{"origin":1225,"position":1},"title":"Digue!","author":"dpc","date":"14 mai 2008","format":false,"excerpt":"H\u00f8norbrygga, R\u00e5dhusplassen, Oslo, 1er avril. Lyin' on a beach Darkness out of reach The world is not so cold But still it makes me fold. \u00a0Archive \u2013 Fold","rel":"","context":"Dans &quot;DPC&quot;","block_context":{"text":"DPC","link":"https:\/\/www.wallendorff.com\/belogue\/category\/dpc\/"},"img":{"alt_text":"","src":"https:\/\/i0.wp.com\/www.wallendorff.com\/belogue\/wp-content\/uploads\/2015\/04\/200805141.jpg?resize=350%2C200&ssl=1","width":350,"height":200,"srcset":"https:\/\/i0.wp.com\/www.wallendorff.com\/belogue\/wp-content\/uploads\/2015\/04\/200805141.jpg?resize=350%2C200&ssl=1 1x, https:\/\/i0.wp.com\/www.wallendorff.com\/belogue\/wp-content\/uploads\/2015\/04\/200805141.jpg?resize=525%2C300&ssl=1 1.5x"},"classes":[]},{"id":3872,"url":"https:\/\/www.wallendorff.com\/belogue\/2009\/02\/03\/shooting-people-46\/","url_meta":{"origin":1225,"position":2},"title":"Shooting people #46.","author":"dpc","date":"3 f\u00e9vrier 2009","format":false,"excerpt":"Passage du Mont\u00e9n\u00e9gro, Paris, 5 janvier. Calexico \u2013 Ocean of Noise (Arcade Fire cover) \/Edit: Rh\u00e2 toute ma jeunesse.","rel":"","context":"Dans &quot;Portraits&quot;","block_context":{"text":"Portraits","link":"https:\/\/www.wallendorff.com\/belogue\/category\/portraits\/"},"img":{"alt_text":"","src":"https:\/\/i0.wp.com\/www.wallendorff.com\/belogue\/wp-content\/uploads\/2015\/04\/200902031.jpg?resize=350%2C200&ssl=1","width":350,"height":200,"srcset":"https:\/\/i0.wp.com\/www.wallendorff.com\/belogue\/wp-content\/uploads\/2015\/04\/200902031.jpg?resize=350%2C200&ssl=1 1x, https:\/\/i0.wp.com\/www.wallendorff.com\/belogue\/wp-content\/uploads\/2015\/04\/200902031.jpg?resize=525%2C300&ssl=1 1.5x"},"classes":[]},{"id":3637,"url":"https:\/\/www.wallendorff.com\/belogue\/2008\/12\/01\/on-se-les-cele\/","url_meta":{"origin":1225,"position":3},"title":"On se les c\u00e8le.","author":"dpc","date":"1 d\u00e9cembre 2008","format":false,"excerpt":"Flytoget Station, Oslo Airport, Gardermoen, 16 novembre. Redite de \u00e7a, comme un fait expr\u00e8s. \u00a0 Oasis \u2013 Columbia","rel":"","context":"Dans &quot;DPC&quot;","block_context":{"text":"DPC","link":"https:\/\/www.wallendorff.com\/belogue\/category\/dpc\/"},"img":{"alt_text":"","src":"https:\/\/i0.wp.com\/www.wallendorff.com\/belogue\/wp-content\/uploads\/2015\/04\/200812011.jpg?resize=350%2C200&ssl=1","width":350,"height":200},"classes":[]},{"id":1003,"url":"https:\/\/www.wallendorff.com\/belogue\/2007\/07\/28\/arcade-fire-paleo-festival-nyon\/","url_meta":{"origin":1225,"position":4},"title":"Arcade Fire @ Pal\u00e9o festival, Nyon.","author":"dpc","date":"28 juillet 2007","format":false,"excerpt":"Arcade Fire, les Eurock\u00e9ennes, Belfort, 1er juillet. Les Suisses sont cools. Les Suisse ont enregistr\u00e9 le concert d'Arcade Fire au Pal\u00e9o de mercredi et en ont diffus\u00e9 une heure hier soir. Concert manifestement aussi mortel qu'\u00e0 Belfort, avec le m\u00eame encha\u00eenement dingue de Power Out et Rebellion que je vous\u2026","rel":"","context":"Dans &quot;Alive&quot;","block_context":{"text":"Alive","link":"https:\/\/www.wallendorff.com\/belogue\/category\/alive\/"},"img":{"alt_text":"","src":"https:\/\/i0.wp.com\/www.wallendorff.com\/belogue\/wp-content\/uploads\/2015\/04\/200707281.jpg?resize=350%2C200&ssl=1","width":350,"height":200,"srcset":"https:\/\/i0.wp.com\/www.wallendorff.com\/belogue\/wp-content\/uploads\/2015\/04\/200707281.jpg?resize=350%2C200&ssl=1 1x, https:\/\/i0.wp.com\/www.wallendorff.com\/belogue\/wp-content\/uploads\/2015\/04\/200707281.jpg?resize=525%2C300&ssl=1 1.5x, https:\/\/i0.wp.com\/www.wallendorff.com\/belogue\/wp-content\/uploads\/2015\/04\/200707281.jpg?resize=700%2C400&ssl=1 2x"},"classes":[]},{"id":12739,"url":"https:\/\/www.wallendorff.com\/belogue\/2011\/05\/12\/broken-records-le-divan-du-monde-paris\/","url_meta":{"origin":1225,"position":5},"title":"Broken Records @ le Divan du Monde, Paris.","author":"dpc","date":"12 mai 2011","format":false,"excerpt":"Les deux concerts les plus vides de ma vie \u00e9taient Gary Jules au Magic Stick le 23 mai 2004 \u2015\u00a032 personnes dont deux barmen\u00a0\u2015 et Sad Day for Puppets en septembre dernier. Jusqu'\u00e0 hier soir et ses 15 gens coll\u00e9s contre les murs du Divan du Monde. Tous les autres\u2026","rel":"","context":"Dans &quot;Alive&quot;","block_context":{"text":"Alive","link":"https:\/\/www.wallendorff.com\/belogue\/category\/alive\/"},"img":{"alt_text":"","src":"https:\/\/i0.wp.com\/www.wallendorff.com\/belogue\/wp-content\/uploads\/2015\/04\/201105121.jpg?resize=350%2C200&ssl=1","width":350,"height":200,"srcset":"https:\/\/i0.wp.com\/www.wallendorff.com\/belogue\/wp-content\/uploads\/2015\/04\/201105121.jpg?resize=350%2C200&ssl=1 1x, https:\/\/i0.wp.com\/www.wallendorff.com\/belogue\/wp-content\/uploads\/2015\/04\/201105121.jpg?resize=525%2C300&ssl=1 1.5x, https:\/\/i0.wp.com\/www.wallendorff.com\/belogue\/wp-content\/uploads\/2015\/04\/201105121.jpg?resize=700%2C400&ssl=1 2x"},"classes":[]}],"_links":{"self":[{"href":"https:\/\/www.wallendorff.com\/belogue\/wp-json\/wp\/v2\/posts\/1225","targetHints":{"allow":["GET"]}}],"collection":[{"href":"https:\/\/www.wallendorff.com\/belogue\/wp-json\/wp\/v2\/posts"}],"about":[{"href":"https:\/\/www.wallendorff.com\/belogue\/wp-json\/wp\/v2\/types\/post"}],"author":[{"embeddable":true,"href":"https:\/\/www.wallendorff.com\/belogue\/wp-json\/wp\/v2\/users\/1"}],"replies":[{"embeddable":true,"href":"https:\/\/www.wallendorff.com\/belogue\/wp-json\/wp\/v2\/comments?post=1225"}],"version-history":[{"count":1,"href":"https:\/\/www.wallendorff.com\/belogue\/wp-json\/wp\/v2\/posts\/1225\/revisions"}],"predecessor-version":[{"id":16467,"href":"https:\/\/www.wallendorff.com\/belogue\/wp-json\/wp\/v2\/posts\/1225\/revisions\/16467"}],"wp:featuredmedia":[{"embeddable":true,"href":"https:\/\/www.wallendorff.com\/belogue\/wp-json\/wp\/v2\/media\/25150"}],"wp:attachment":[{"href":"https:\/\/www.wallendorff.com\/belogue\/wp-json\/wp\/v2\/media?parent=1225"}],"wp:term":[{"taxonomy":"category","embeddable":true,"href":"https:\/\/www.wallendorff.com\/belogue\/wp-json\/wp\/v2\/categories?post=1225"},{"taxonomy":"post_tag","embeddable":true,"href":"https:\/\/www.wallendorff.com\/belogue\/wp-json\/wp\/v2\/tags?post=1225"}],"curies":[{"name":"wp","href":"https:\/\/api.w.org\/{rel}","templated":true}]}}