{"id":1221,"date":"2008-05-06T09:17:23","date_gmt":"2008-05-06T09:17:23","guid":{"rendered":"http:\/\/www.po-l.com\/wordpress\/?p=1221"},"modified":"2013-01-10T12:33:06","modified_gmt":"2013-01-10T10:33:06","slug":"killerpilze-ilis-paris-3-4-fvrier","status":"publish","type":"post","link":"https:\/\/www.wallendorff.com\/belogue\/2008\/05\/06\/killerpilze-ilis-paris-3-4-fvrier\/","title":{"rendered":"KillerPilze + Ilis, Paris, 3-4 f\u00e9vrier."},"content":{"rendered":"\n<div id=\"photo\">\n<p><img decoding=\"async\" src=\"https:\/\/www.wallendorff.com\/belogue\/photo\/2008\/05\/20080506.jpg\" \/><\/p>\n<\/p><\/div>\n<h1>Le Trabendo, 3 f&eacute;vrier.<\/h1>ngg_shortcode_0_placeholder<h1>Le Bataclan, 4 f&eacute;vrier <\/h1>\n<h2>Ilis<\/h2>ngg_shortcode_1_placeholder<h2>KillerPilze<\/h2>ngg_shortcode_2_placeholder<p style=\"text-align:right\">Histoire de raviver nos mots-cl&eacute;s.<\/p>\n<p style=\"text-align:right\">Remettons-nous de cette d&eacute;bauche germano-rocko-graphique gr&acirc;ce aux Dandy Warhols, leur salutaire nouvel album &agrave; para&icirc;tre dans 13 jours et le MP3 cadeau qu&rsquo;ils offrent sur leur site. Joie.<\/p>\n<div id=\"bandeson\">\n<p><img decoding=\"async\" src=\"https:\/\/www.wallendorff.com\/belogue\/photo\/pochettes\/d\/dandy_warhols_the-earth_to_the_dandy_warhols.jpg\" align=\"left\" \/>&nbsp;<a href=\"http:\/\/www.dandywarhols.com\/\">The Dandy Warhols<\/a> &ndash; <em>The World the People Together (Come on)<\/em><\/p>\n<\/p><\/div>\n","protected":false},"excerpt":{"rendered":"<p>Le Trabendo, 3 f&eacute;vrier. Le Bataclan, 4 f&eacute;vrier Ilis KillerPilze Histoire de raviver nos mots-cl&eacute;s. Remettons-nous de cette d&eacute;bauche germano-rocko-graphique gr&acirc;ce aux Dandy Warhols, leur salutaire nouvel album &agrave; para&icirc;tre dans 13 jours et le MP3 cadeau qu&rsquo;ils offrent sur leur site. Joie. &nbsp;The Dandy Warhols &ndash; The World the People Together (Come on)<\/p>\n","protected":false},"author":1,"featured_media":25146,"comment_status":"open","ping_status":"open","sticky":false,"template":"","format":"standard","meta":{"_acf_changed":false,"ngg_post_thumbnail":0,"jetpack_post_was_ever_published":false,"_jetpack_newsletter_access":"","_jetpack_dont_email_post_to_subs":false,"_jetpack_newsletter_tier_id":0,"_jetpack_memberships_contains_paywalled_content":false,"_jetpack_memberships_contains_paid_content":false,"footnotes":"","jetpack_publicize_message":"","jetpack_publicize_feature_enabled":true,"jetpack_social_post_already_shared":false,"jetpack_social_options":{"image_generator_settings":{"template":"highway","default_image_id":0,"font":"","enabled":false},"version":2}},"categories":[7],"tags":[7193,203,10183,10268,10084,1016,196,181,187,10120,10121,10475,1487,10332,10361,143,10098,10179,2401],"class_list":["post-1221","post","type-post","status-publish","format-standard","has-post-thumbnail","hentry","category-alive","tag-earth-to-the-dandy-warhols","tag-203","tag-10183","tag-10268","tag-alive","tag-ef-15-mm-f28-fisheye","tag-ef-28-70-mm-f28l-usm","tag-ef-70-200-mm-f28l-usm","tag-eos-1d-mark-ii","tag-france","tag-ile-de-france","tag-ilis","tag-killerpilze","tag-le-bataclan","tag-le-trabendo","tag-noir-et-blanc","tag-paris","tag-the-dandy-warhols","tag-the-world-the-people-together-come-on"],"acf":[],"geo":{"latitude":48.8629417,"longitude":2.370445,"description":"1-15 Passage Saint-Pierre Amelot, 75011 Paris, France"},"jetpack_publicize_connections":[],"jetpack_featured_media_url":"https:\/\/www.wallendorff.com\/belogue\/wp-content\/uploads\/2015\/04\/200805061.jpg","jetpack_shortlink":"https:\/\/wp.me\/p3b35P-jH","jetpack_sharing_enabled":true,"jetpack-related-posts":[{"id":4224,"url":"https:\/\/www.wallendorff.com\/belogue\/2009\/05\/26\/kasabian-le-trabendo-paris\/","url_meta":{"origin":1221,"position":0},"title":"Kasabian @ le Trabendo, Paris.","author":"dpc","date":"26 mai 2009","format":false,"excerpt":"The Dandy Warhols \u2013 The Legend of the Last of the Outlaw Truckers AKA The Ballad of Sheriff Shorty","rel":"","context":"Dans &quot;Alive&quot;","block_context":{"text":"Alive","link":"https:\/\/www.wallendorff.com\/belogue\/category\/alive\/"},"img":{"alt_text":"","src":"https:\/\/i0.wp.com\/www.wallendorff.com\/belogue\/wp-content\/uploads\/2015\/04\/200905261.jpg?resize=350%2C200&ssl=1","width":350,"height":200,"srcset":"https:\/\/i0.wp.com\/www.wallendorff.com\/belogue\/wp-content\/uploads\/2015\/04\/200905261.jpg?resize=350%2C200&ssl=1 1x, https:\/\/i0.wp.com\/www.wallendorff.com\/belogue\/wp-content\/uploads\/2015\/04\/200905261.jpg?resize=525%2C300&ssl=1 1.5x, https:\/\/i0.wp.com\/www.wallendorff.com\/belogue\/wp-content\/uploads\/2015\/04\/200905261.jpg?resize=700%2C400&ssl=1 2x"},"classes":[]},{"id":1155,"url":"https:\/\/www.wallendorff.com\/belogue\/2008\/02\/05\/killerpilze-le-bataclan-paris\/","url_meta":{"origin":1221,"position":1},"title":"KillerPilze @ le Bataclan, Paris.","author":"dpc","date":"5 f\u00e9vrier 2008","format":false,"excerpt":"[D'accord je gruge en fait ce sont les pieds de la chanteuse d'Ilis, la premi\u00e8re partie] Et ce soir pas de concert de KillerPilze. L\u00e0 pardon mais joie. [Rien \u00e0 voir du jour\u00a0: FaceLivre pour les vieux.] \u00a0Nada Surf \u2013 I Like What You Say (acoustic)","rel":"","context":"Dans &quot;Alive&quot;","block_context":{"text":"Alive","link":"https:\/\/www.wallendorff.com\/belogue\/category\/alive\/"},"img":{"alt_text":"","src":"https:\/\/i0.wp.com\/www.wallendorff.com\/belogue\/wp-content\/uploads\/2015\/04\/200802051.jpg?resize=350%2C200&ssl=1","width":350,"height":200,"srcset":"https:\/\/i0.wp.com\/www.wallendorff.com\/belogue\/wp-content\/uploads\/2015\/04\/200802051.jpg?resize=350%2C200&ssl=1 1x, https:\/\/i0.wp.com\/www.wallendorff.com\/belogue\/wp-content\/uploads\/2015\/04\/200802051.jpg?resize=525%2C300&ssl=1 1.5x, https:\/\/i0.wp.com\/www.wallendorff.com\/belogue\/wp-content\/uploads\/2015\/04\/200802051.jpg?resize=700%2C400&ssl=1 2x"},"classes":[]},{"id":30853,"url":"https:\/\/www.wallendorff.com\/belogue\/2016\/05\/11\/the-dandy-warhols-le-trianon-paris-2\/","url_meta":{"origin":1221,"position":2},"title":"The Dandy Warhols @ le Trianon, Paris.","author":"dpc","date":"11 mai 2016","format":false,"excerpt":"","rel":"","context":"Dans &quot;Alive&quot;","block_context":{"text":"Alive","link":"https:\/\/www.wallendorff.com\/belogue\/category\/alive\/"},"img":{"alt_text":"","src":"https:\/\/i0.wp.com\/www.wallendorff.com\/belogue\/wp-content\/uploads\/2016\/05\/20160511-13-1.jpg?resize=350%2C200&ssl=1","width":350,"height":200,"srcset":"https:\/\/i0.wp.com\/www.wallendorff.com\/belogue\/wp-content\/uploads\/2016\/05\/20160511-13-1.jpg?resize=350%2C200&ssl=1 1x, https:\/\/i0.wp.com\/www.wallendorff.com\/belogue\/wp-content\/uploads\/2016\/05\/20160511-13-1.jpg?resize=525%2C300&ssl=1 1.5x, https:\/\/i0.wp.com\/www.wallendorff.com\/belogue\/wp-content\/uploads\/2016\/05\/20160511-13-1.jpg?resize=700%2C400&ssl=1 2x"},"classes":[]},{"id":17085,"url":"https:\/\/www.wallendorff.com\/belogue\/2012\/04\/30\/the-dandy-warhols-lolympia-paris\/","url_meta":{"origin":1221,"position":3},"title":"The Dandy Warhols @ l&rsquo;Olympia, Paris.","author":"dpc","date":"30 avril 2012","format":false,"excerpt":"Mohammed | We Used to Be Friends | Not If You Were the Last Junky on Earth | I Love You | Rest Your Head | Good Morning | The Last High | I Am Free | Enjoy Yourself | Sad Vacation | Well They're Gone | Everyday Should Be\u2026","rel":"","context":"Dans &quot;Alive&quot;","block_context":{"text":"Alive","link":"https:\/\/www.wallendorff.com\/belogue\/category\/alive\/"},"img":{"alt_text":"","src":"https:\/\/i0.wp.com\/www.wallendorff.com\/belogue\/wp-content\/uploads\/2015\/04\/201204301.jpg?resize=350%2C200&ssl=1","width":350,"height":200,"srcset":"https:\/\/i0.wp.com\/www.wallendorff.com\/belogue\/wp-content\/uploads\/2015\/04\/201204301.jpg?resize=350%2C200&ssl=1 1x, https:\/\/i0.wp.com\/www.wallendorff.com\/belogue\/wp-content\/uploads\/2015\/04\/201204301.jpg?resize=525%2C300&ssl=1 1.5x, https:\/\/i0.wp.com\/www.wallendorff.com\/belogue\/wp-content\/uploads\/2015\/04\/201204301.jpg?resize=700%2C400&ssl=1 2x"},"classes":[]},{"id":12346,"url":"https:\/\/www.wallendorff.com\/belogue\/2011\/02\/24\/shooting-meuhmeuhz\/","url_meta":{"origin":1221,"position":4},"title":"Shooting meuhmeuhz.","author":"dpc","date":"24 f\u00e9vrier 2011","format":false,"excerpt":"Porte de Versailles, 23 f\u00e9vrier. \u00a0The Dandy Warhols1 \u2013 The New Country _____ 1 Je promets solennellement de ne plus poster de Dandy Warhols en bande-son jusqu'\u00e0 au moins la semaine prochaine.","rel":"","context":"Dans &quot;Shooting meuhmeuhz&quot;","block_context":{"text":"Shooting meuhmeuhz","link":"https:\/\/www.wallendorff.com\/belogue\/category\/shooting-meuhmeuhz\/"},"img":{"alt_text":"","src":"https:\/\/i0.wp.com\/www.wallendorff.com\/belogue\/wp-content\/uploads\/2015\/04\/20110224-011.jpg?resize=350%2C200&ssl=1","width":350,"height":200,"srcset":"https:\/\/i0.wp.com\/www.wallendorff.com\/belogue\/wp-content\/uploads\/2015\/04\/20110224-011.jpg?resize=350%2C200&ssl=1 1x, https:\/\/i0.wp.com\/www.wallendorff.com\/belogue\/wp-content\/uploads\/2015\/04\/20110224-011.jpg?resize=525%2C300&ssl=1 1.5x"},"classes":[]},{"id":19671,"url":"https:\/\/www.wallendorff.com\/belogue\/2012\/11\/30\/the-dandy-warhols-le-trianon-paris\/","url_meta":{"origin":1221,"position":5},"title":"The Dandy Warhols @ le Trianon, Paris.","author":"dpc","date":"30 novembre 2012","format":false,"excerpt":"Be In | We Used to Be Friends | Shakin' | Enjoy Yourself | Not If You Were the Last Junkie on Earth | I Love You | The Last High | Autumn Carnival | Godless | Holding Me Up | Well They're Gone | Everyday Should Be a Holiday\u2026","rel":"","context":"Dans &quot;Alive&quot;","block_context":{"text":"Alive","link":"https:\/\/www.wallendorff.com\/belogue\/category\/alive\/"},"img":{"alt_text":"","src":"https:\/\/i0.wp.com\/www.wallendorff.com\/belogue\/wp-content\/uploads\/2015\/04\/201211301.jpg?resize=350%2C200&ssl=1","width":350,"height":200,"srcset":"https:\/\/i0.wp.com\/www.wallendorff.com\/belogue\/wp-content\/uploads\/2015\/04\/201211301.jpg?resize=350%2C200&ssl=1 1x, https:\/\/i0.wp.com\/www.wallendorff.com\/belogue\/wp-content\/uploads\/2015\/04\/201211301.jpg?resize=525%2C300&ssl=1 1.5x, https:\/\/i0.wp.com\/www.wallendorff.com\/belogue\/wp-content\/uploads\/2015\/04\/201211301.jpg?resize=700%2C400&ssl=1 2x"},"classes":[]}],"_links":{"self":[{"href":"https:\/\/www.wallendorff.com\/belogue\/wp-json\/wp\/v2\/posts\/1221","targetHints":{"allow":["GET"]}}],"collection":[{"href":"https:\/\/www.wallendorff.com\/belogue\/wp-json\/wp\/v2\/posts"}],"about":[{"href":"https:\/\/www.wallendorff.com\/belogue\/wp-json\/wp\/v2\/types\/post"}],"author":[{"embeddable":true,"href":"https:\/\/www.wallendorff.com\/belogue\/wp-json\/wp\/v2\/users\/1"}],"replies":[{"embeddable":true,"href":"https:\/\/www.wallendorff.com\/belogue\/wp-json\/wp\/v2\/comments?post=1221"}],"version-history":[{"count":5,"href":"https:\/\/www.wallendorff.com\/belogue\/wp-json\/wp\/v2\/posts\/1221\/revisions"}],"predecessor-version":[{"id":20100,"href":"https:\/\/www.wallendorff.com\/belogue\/wp-json\/wp\/v2\/posts\/1221\/revisions\/20100"}],"wp:featuredmedia":[{"embeddable":true,"href":"https:\/\/www.wallendorff.com\/belogue\/wp-json\/wp\/v2\/media\/25146"}],"wp:attachment":[{"href":"https:\/\/www.wallendorff.com\/belogue\/wp-json\/wp\/v2\/media?parent=1221"}],"wp:term":[{"taxonomy":"category","embeddable":true,"href":"https:\/\/www.wallendorff.com\/belogue\/wp-json\/wp\/v2\/categories?post=1221"},{"taxonomy":"post_tag","embeddable":true,"href":"https:\/\/www.wallendorff.com\/belogue\/wp-json\/wp\/v2\/tags?post=1221"}],"curies":[{"name":"wp","href":"https:\/\/api.w.org\/{rel}","templated":true}]}}