{"id":122,"date":"2006-04-12T00:34:18","date_gmt":"2006-04-12T00:34:18","guid":{"rendered":"http:\/\/www.po-l.com\/wordpress\/?p=122"},"modified":"2012-03-03T12:32:35","modified_gmt":"2012-03-03T10:32:35","slug":"gris-grille","status":"publish","type":"post","link":"https:\/\/www.wallendorff.com\/belogue\/2006\/04\/12\/gris-grille\/","title":{"rendered":"Gris grille."},"content":{"rendered":"\n<div id=\"photo\">\n<p><img decoding=\"async\" src=\"http:\/\/www.po-L.com\/belogue\/photo\/2006\/04\/20060412.jpg\" \/><br \/>\n          Paris, 9 avril.<\/p>\n<\/p><\/div>\n<p style=\"text-align:right\">(Y a quand m&ecirc;me des fois o&ugrave; j&rsquo;ai l&rsquo;impression de passer mon temps &agrave; faire et refaire les m&ecirc;mes photos.)<\/p>\n<p style=\"text-align:right\"><em>But when that open road starts to calling me<br \/>\n        There&rsquo;s something over the hill that I gotta see<br \/>\n        Sometimes it&rsquo;s hard but you gotta understand<br \/>\n        When the Lord made me<br \/>\n        He made a&#8230;<\/em><\/p>\n<div id=\"bandeson\">\n<p><img decoding=\"async\" src=\"https:\/\/www.wallendorff.com\/belogue\/photo\/pochettes\/c\/campbell_isobel-mark_lanegan-ballad_of_the_broken_seas.jpg\" align=\"left\" \/>&nbsp;<a href=\"http:\/\/www.isobelcampbell.com\">Isobel Campbell<\/a> &amp; <a href=\"http:\/\/www.marklanegan.com\">Mark Lanegan<\/a> &ndash; <em>Ramblin&rsquo; Man<\/em> (Hank William cover)<\/p>\n<\/div>\n","protected":false},"excerpt":{"rendered":"<p>Paris, 9 avril. (Y a quand m&ecirc;me des fois o&ugrave; j&rsquo;ai l&rsquo;impression de passer mon temps &agrave; faire et refaire les m&ecirc;mes photos.) But when that open road starts to calling me There&rsquo;s something over the hill that I gotta see Sometimes it&rsquo;s hard but you gotta understand When the Lord made me He made&hellip;<\/p>\n","protected":false},"author":1,"featured_media":24056,"comment_status":"open","ping_status":"open","sticky":false,"template":"","format":"standard","meta":{"_acf_changed":false,"ngg_post_thumbnail":0,"jetpack_post_was_ever_published":false,"_jetpack_newsletter_access":"","_jetpack_dont_email_post_to_subs":false,"_jetpack_newsletter_tier_id":0,"_jetpack_memberships_contains_paywalled_content":false,"_jetpack_memberships_contains_paid_content":false,"footnotes":"","jetpack_publicize_message":"","jetpack_publicize_feature_enabled":true,"jetpack_social_post_already_shared":false,"jetpack_social_options":{"image_generator_settings":{"template":"highway","default_image_id":0,"font":"","enabled":false},"version":2}},"categories":[3],"tags":[10277,132,10120,3394,10121,10362,10363,143,10098,1547,10158,173],"class_list":["post-122","post","type-post","status-publish","format-standard","has-post-thumbnail","hentry","category-dpc","tag-10277","tag-eos-20d","tag-france","tag-hank-william","tag-ile-de-france","tag-isobel-campbell","tag-mark-lanegan","tag-noir-et-blanc","tag-paris","tag-ramblin-man","tag-ruelle","tag-sigma-28-70-mm-f28-dg-ex"],"acf":[],"geo":null,"jetpack_publicize_connections":[],"jetpack_featured_media_url":"https:\/\/www.wallendorff.com\/belogue\/wp-content\/uploads\/2015\/04\/200604121.jpg","jetpack_shortlink":"https:\/\/wp.me\/p3b35P-1Y","jetpack_sharing_enabled":true,"jetpack-related-posts":[{"id":3649,"url":"https:\/\/www.wallendorff.com\/belogue\/2008\/12\/04\/isobel-campbell-mark-lanegan-le-trabendo-paris\/","url_meta":{"origin":122,"position":0},"title":"Isobel Campbell &#038; Mark Lanegan @ le Trabendo, Paris.","author":"dpc","date":"4 d\u00e9cembre 2008","format":false,"excerpt":"Isobel Campbell & Mark Lanegan \u2013 Ramblin' Man (Hank William cover) Le truc le plus dingue \u00e0 retenir de la soir\u00e9e, \u00e7a reste que le Mark Lanegan, il porte les m\u00eames pompes que moi, ce qui montre bien qu'il est rock en 2008. \u00c0 part \u00e7a ce Trabendo aura \u00e9t\u00e9\u2026","rel":"","context":"Dans &quot;Alive&quot;","block_context":{"text":"Alive","link":"https:\/\/www.wallendorff.com\/belogue\/category\/alive\/"},"img":{"alt_text":"","src":"https:\/\/i0.wp.com\/www.wallendorff.com\/belogue\/wp-content\/uploads\/2015\/04\/200812041.jpg?resize=350%2C200&ssl=1","width":350,"height":200,"srcset":"https:\/\/i0.wp.com\/www.wallendorff.com\/belogue\/wp-content\/uploads\/2015\/04\/200812041.jpg?resize=350%2C200&ssl=1 1x, https:\/\/i0.wp.com\/www.wallendorff.com\/belogue\/wp-content\/uploads\/2015\/04\/200812041.jpg?resize=525%2C300&ssl=1 1.5x, https:\/\/i0.wp.com\/www.wallendorff.com\/belogue\/wp-content\/uploads\/2015\/04\/200812041.jpg?resize=700%2C400&ssl=1 2x"},"classes":[]},{"id":128,"url":"https:\/\/www.wallendorff.com\/belogue\/2006\/04\/18\/l-orient-tech-s-presse\/","url_meta":{"origin":122,"position":1},"title":"L&rsquo;orient-tech s&rsquo;presse.","author":"dpc","date":"18 avril 2006","format":false,"excerpt":"Place de la Sorbonne, Paris, 9 avril. Et l\u00e0, il nous claque une session acoustique d'Isobel Campbell sans Mark Lanegan, mais avec de vrais [bons] morceaux de Ramblin' Man, de Honey Child What Can I Do? et de Revolver dedans, enrob\u00e9s dans une voix douce comme du satin qui te\u2026","rel":"","context":"Dans &quot;DPC&quot;","block_context":{"text":"DPC","link":"https:\/\/www.wallendorff.com\/belogue\/category\/dpc\/"},"img":{"alt_text":"","src":"https:\/\/i0.wp.com\/www.wallendorff.com\/belogue\/wp-content\/uploads\/2015\/04\/200604181.jpg?resize=350%2C200&ssl=1","width":350,"height":200},"classes":[]},{"id":1244,"url":"https:\/\/www.wallendorff.com\/belogue\/2008\/06\/07\/isobel-campbell-mark-lanegan-la-cigale-paris\/","url_meta":{"origin":122,"position":2},"title":"Isobel Campbell &amp; Mark Lanegan @ la Cigale, Paris.","author":"dpc","date":"7 juin 2008","format":false,"excerpt":"Puisque c'est de saison\u00a0: \u00a0Isobel Campbell & Mark Lanegan \u2013 Honeychild, What Can I Do?","rel":"","context":"Dans &quot;Alive&quot;","block_context":{"text":"Alive","link":"https:\/\/www.wallendorff.com\/belogue\/category\/alive\/"},"img":{"alt_text":"","src":"https:\/\/i0.wp.com\/www.wallendorff.com\/belogue\/wp-content\/uploads\/2015\/04\/200806071.jpg?resize=350%2C200&ssl=1","width":350,"height":200,"srcset":"https:\/\/i0.wp.com\/www.wallendorff.com\/belogue\/wp-content\/uploads\/2015\/04\/200806071.jpg?resize=350%2C200&ssl=1 1x, https:\/\/i0.wp.com\/www.wallendorff.com\/belogue\/wp-content\/uploads\/2015\/04\/200806071.jpg?resize=525%2C300&ssl=1 1.5x, https:\/\/i0.wp.com\/www.wallendorff.com\/belogue\/wp-content\/uploads\/2015\/04\/200806071.jpg?resize=700%2C400&ssl=1 2x"},"classes":[]},{"id":8904,"url":"https:\/\/www.wallendorff.com\/belogue\/2010\/09\/12\/isobel-campbell-mark-lanegan-damien-jurado-willy-mason-le-cafe-de-la-danse-paris\/","url_meta":{"origin":122,"position":3},"title":"Isobel Campbell &#038; Mark Lanegan + Damien Jurado + Willy Mason @ le Caf\u00e9 de la Danse, Paris.","author":"dpc","date":"12 septembre 2010","format":false,"excerpt":"La formule a \u00e9volu\u00e9 en deux ans. C'est une bonne chose, d'ailleurs, quand on consid\u00e8re ce Sunday at Devil's Dirt qui, en 2008, laissait un arri\u00e8re-go\u00fbt de redite pas vraiment \u00e0 la hauteur de Ballads of the Broken Seas. Sur Hawk, Campbell et Lanegan ont vari\u00e9 les plaisirs, invitant du\u2026","rel":"","context":"Dans &quot;Alive&quot;","block_context":{"text":"Alive","link":"https:\/\/www.wallendorff.com\/belogue\/category\/alive\/"},"img":{"alt_text":"","src":"https:\/\/i0.wp.com\/www.wallendorff.com\/belogue\/wp-content\/uploads\/2015\/04\/201009121.jpg?resize=350%2C200&ssl=1","width":350,"height":200,"srcset":"https:\/\/i0.wp.com\/www.wallendorff.com\/belogue\/wp-content\/uploads\/2015\/04\/201009121.jpg?resize=350%2C200&ssl=1 1x, https:\/\/i0.wp.com\/www.wallendorff.com\/belogue\/wp-content\/uploads\/2015\/04\/201009121.jpg?resize=525%2C300&ssl=1 1.5x, https:\/\/i0.wp.com\/www.wallendorff.com\/belogue\/wp-content\/uploads\/2015\/04\/201009121.jpg?resize=700%2C400&ssl=1 2x"},"classes":[]},{"id":20242,"url":"https:\/\/www.wallendorff.com\/belogue\/2006\/01\/30\/20242\/","url_meta":{"origin":122,"position":4},"title":"Isobel Campbell &amp; Mark Lanegan &ndash; Ballad of the Broken Seas","author":"dpc","date":"30 janvier 2006","format":false,"excerpt":"V2_42\u201939\"_30\/01 Enregistr\u00e9 entre Glasgow et Los Angeles avec un minimum d\u2019instruments, ce Ballad of the Broken Seas tient plus de l\u2019oc\u00e9an de douceur que de la mer ag\u00eet\u00e9e. Si la patte de Lanegan est omnipr\u00e9sente \u2014\u00a0acoustique folk \u00e0 gogo et voix rauque comme on aime\u00a0\u2014 la main d\u2019Isobel Campbell apporte\u2026","rel":"","context":"Dans &quot;Chroniques&quot;","block_context":{"text":"Chroniques","link":"https:\/\/www.wallendorff.com\/belogue\/category\/chroniques\/"},"img":{"alt_text":"","src":"","width":0,"height":0},"classes":[]},{"id":12726,"url":"https:\/\/www.wallendorff.com\/belogue\/2011\/05\/10\/follow-ii\/","url_meta":{"origin":122,"position":5},"title":"Follow [II].","author":"dpc","date":"10 mai 2011","format":false,"excerpt":"Rue Andr\u00e9-Antoine, Paris, 20 avril. \u00a0Isobel Campbell & Mark Lanegan \u2013 Something to Believe","rel":"","context":"Dans &quot;DPC&quot;","block_context":{"text":"DPC","link":"https:\/\/www.wallendorff.com\/belogue\/category\/dpc\/"},"img":{"alt_text":"","src":"https:\/\/i0.wp.com\/www.wallendorff.com\/belogue\/wp-content\/uploads\/2015\/04\/201105101.jpg?resize=350%2C200&ssl=1","width":350,"height":200},"classes":[]}],"_links":{"self":[{"href":"https:\/\/www.wallendorff.com\/belogue\/wp-json\/wp\/v2\/posts\/122","targetHints":{"allow":["GET"]}}],"collection":[{"href":"https:\/\/www.wallendorff.com\/belogue\/wp-json\/wp\/v2\/posts"}],"about":[{"href":"https:\/\/www.wallendorff.com\/belogue\/wp-json\/wp\/v2\/types\/post"}],"author":[{"embeddable":true,"href":"https:\/\/www.wallendorff.com\/belogue\/wp-json\/wp\/v2\/users\/1"}],"replies":[{"embeddable":true,"href":"https:\/\/www.wallendorff.com\/belogue\/wp-json\/wp\/v2\/comments?post=122"}],"version-history":[{"count":2,"href":"https:\/\/www.wallendorff.com\/belogue\/wp-json\/wp\/v2\/posts\/122\/revisions"}],"predecessor-version":[{"id":16197,"href":"https:\/\/www.wallendorff.com\/belogue\/wp-json\/wp\/v2\/posts\/122\/revisions\/16197"}],"wp:featuredmedia":[{"embeddable":true,"href":"https:\/\/www.wallendorff.com\/belogue\/wp-json\/wp\/v2\/media\/24056"}],"wp:attachment":[{"href":"https:\/\/www.wallendorff.com\/belogue\/wp-json\/wp\/v2\/media?parent=122"}],"wp:term":[{"taxonomy":"category","embeddable":true,"href":"https:\/\/www.wallendorff.com\/belogue\/wp-json\/wp\/v2\/categories?post=122"},{"taxonomy":"post_tag","embeddable":true,"href":"https:\/\/www.wallendorff.com\/belogue\/wp-json\/wp\/v2\/tags?post=122"}],"curies":[{"name":"wp","href":"https:\/\/api.w.org\/{rel}","templated":true}]}}