{"id":1212,"date":"2008-04-21T09:31:38","date_gmt":"2008-04-21T09:31:38","guid":{"rendered":"http:\/\/www.po-l.com\/wordpress\/?p=1212"},"modified":"2012-03-08T13:24:04","modified_gmt":"2012-03-08T11:24:04","slug":"tout-ce-bas-d-cave","status":"publish","type":"post","link":"https:\/\/www.wallendorff.com\/belogue\/2008\/04\/21\/tout-ce-bas-d-cave\/","title":{"rendered":"Tout ce bas d&rsquo;cave."},"content":{"rendered":"<div id=\"photo\">\n<p><img decoding=\"async\" src=\"https:\/\/www.wallendorff.com\/belogue\/photo\/2008\/04\/20080421.jpg\"  \/><br \/>\n Caf&eacute; Martini, Paris, 30 mars.<\/p>\n<\/div>\n<p style=\"text-align:right\">Nous sommes officiellement dans le post-begbeidesque.<\/p>\n<p>Rh&acirc;h je sais qu&rsquo;il est pourri mon jeu de mots de titre, mais je suis fatigu&eacute; aussi, je me suis couch&eacute; tard parce que je suis rock en 2008, et qu&rsquo;&ecirc;tre rock en 2008 c&rsquo;est rester jusqu&rsquo;&agrave; 2h sur l&rsquo;iTunes qu&rsquo;on a fra&icirc;chement install&eacute; &agrave; reclasser ses MP3 bien comme il faut parce qu&rsquo;il manque plein de noms d&rsquo;albums et que du coup la pochette ne s&rsquo;affiche pas dans la belle galerie de pochettes et que &ccedil;a c&rsquo;est super-triste, sans compter qu&rsquo;il faut tout bien renseigner les champs &laquo;&nbsp;Artiste pour le tri&nbsp;&raquo; sinon Eddie Vedder appara&icirc;t &agrave; E au lieu de V et &ccedil;a c&rsquo;est typiquement le genre de truc qui m&#8217;emp&ecirc;che de dormir, une discoth&egrave;que mal rang&eacute;e o&ugrave; le Brian Jonestown Massacre est all&eacute; se perdre dans les T au milieu d&rsquo;une foultitude de groupes en &laquo;&nbsp;The&nbsp;&raquo; et qu&rsquo;Annie Cordie est la nouvelle voisine d&rsquo;AC\/DC<sup>1<\/sup>. L&rsquo;horreur.<\/p>\n<p style=\"text-align:right\">Ce soir je reprends &agrave; Editors. En attendant, on peut d&eacute;battre sur la bonne lettre o&ugrave; classer A Perfect Circle<sup>2<\/sup> ou, si le d&eacute;bat s&rsquo;envenime, revenir &agrave; un truc plus consensuel comme Marylin Manson, Brendan Benson ou Vazili Vazalian<sup>3<\/sup>. &Agrave; vous de voir.<\/p>\n<div id=\"bandeson\">\n<p><img decoding=\"async\" src=\"https:\/\/www.wallendorff.com\/belogue\/photo\/pochettes\/w\/we_are_scientists-brain_thrust_mastery.jpg\" align=\"left\" \/>&nbsp;<a href=\"http:\/\/www.wearescientists.com\">We Are Scientists<\/a> &ndash; <em>Impatience<\/em><\/p>\n<\/div>\n<div id=\"bas_note\">\n<p>_____<\/p>\n<p><sup>1<\/sup> C&rsquo;est un EXEMPLE.<\/p>\n<p><sup>2<\/sup> Non, cher lecteur. &laquo;&nbsp;P comme poubelle&nbsp;&raquo; n&rsquo;est pas une r&eacute;ponse constructive.<\/p>\n<p><sup>3<\/sup> Ah ah si tu connais pas ce pilier du Black Metal g&eacute;orgien t&rsquo;es vraiment trop un nase, sors de ce bel&ouml;gue. &nbsp;<\/p>\n<\/div>\n","protected":false},"excerpt":{"rendered":"<p>Caf&eacute; Martini, Paris, 30 mars. Nous sommes officiellement dans le post-begbeidesque. Rh&acirc;h je sais qu&rsquo;il est pourri mon jeu de mots de titre, mais je suis fatigu&eacute; aussi, je me suis couch&eacute; tard parce que je suis rock en 2008, et qu&rsquo;&ecirc;tre rock en 2008 c&rsquo;est rester jusqu&rsquo;&agrave; 2h sur l&rsquo;iTunes qu&rsquo;on a fra&icirc;chement install&eacute;&hellip;<\/p>\n","protected":false},"author":1,"featured_media":25137,"comment_status":"open","ping_status":"open","sticky":false,"template":"","format":"standard","meta":{"_acf_changed":false,"ngg_post_thumbnail":0,"jetpack_post_was_ever_published":false,"_jetpack_newsletter_access":"","_jetpack_dont_email_post_to_subs":false,"_jetpack_newsletter_tier_id":0,"_jetpack_memberships_contains_paywalled_content":false,"_jetpack_memberships_contains_paid_content":false,"footnotes":"","jetpack_publicize_message":"","jetpack_publicize_feature_enabled":true,"jetpack_social_post_already_shared":false,"jetpack_social_options":{"image_generator_settings":{"template":"highway","default_image_id":0,"font":"","enabled":false},"version":2}},"categories":[3],"tags":[10277,10131,2385,142,132,10330,10210,1502,10120,10121,2387,143,10098,10305,2386],"class_list":["post-1212","post","type-post","status-publish","format-standard","has-post-thumbnail","hentry","category-dpc","tag-10277","tag-anniversaire","tag-cafe-martini","tag-ef-s-10-22-mm-f35-45-usm","tag-eos-20d","tag-eddie-vedder","tag-escalier","tag-etre-rock","tag-france","tag-ile-de-france","tag-impatience","tag-noir-et-blanc","tag-paris","tag-porte","tag-we-are-scientists"],"acf":[],"geo":{"latitude":48.8559418,"longitude":2.3669181,"description":null},"jetpack_publicize_connections":[],"jetpack_featured_media_url":"https:\/\/www.wallendorff.com\/belogue\/wp-content\/uploads\/2015\/04\/200804211.jpg","jetpack_shortlink":"https:\/\/wp.me\/p3b35P-jy","jetpack_sharing_enabled":true,"jetpack-related-posts":[{"id":5416,"url":"https:\/\/www.wallendorff.com\/belogue\/2009\/12\/24\/those-were-the-00s-12\/","url_meta":{"origin":1212,"position":0},"title":"Those were the 00s [1\/2].","author":"dpc","date":"24 d\u00e9cembre 2009","format":false,"excerpt":"C'est qu'il serait peut-\u00eatre temps de clore les ann\u00e9es 2000, dis-moi. Apr\u00e8s m\u00fbres r\u00e9flexion, je suis tomb\u00e9 bien d'accord avec moi-m\u00eame pour dire que faire un classement des meilleurs titres de la d\u00e9cennie, c'est impossible de mani\u00e8re g\u00e9n\u00e9rale. Un top des ann\u00e9es nonante aurait eu du mal \u00e0 d\u00e9partager un\u2026","rel":"","context":"Dans &quot;DPC&quot;","block_context":{"text":"DPC","link":"https:\/\/www.wallendorff.com\/belogue\/category\/dpc\/"},"img":{"alt_text":"","src":"","width":0,"height":0},"classes":[]},{"id":6798,"url":"https:\/\/www.wallendorff.com\/belogue\/2010\/02\/17\/le-petit-bonhomme-en-moufles\/","url_meta":{"origin":1212,"position":1},"title":"Le petit bonhomme en moufles.","author":"dpc","date":"17 f\u00e9vrier 2010","format":false,"excerpt":"Place Franz-Liszt, Paris, 9 janvier. Je sais, on lui voit mal les moufles. Je ne me rappelle la t\u00eate des gens qu'une fois que je les ai pris en photo. Tant que ce n'est pas fait, j'oublie leur visage \u2015\u00a0et leur nom aussi, d'ailleurs, pratique pour se d\u00e9velopper une vie\u2026","rel":"","context":"Dans &quot;DPC&quot;","block_context":{"text":"DPC","link":"https:\/\/www.wallendorff.com\/belogue\/category\/dpc\/"},"img":{"alt_text":"","src":"https:\/\/i0.wp.com\/www.wallendorff.com\/belogue\/wp-content\/uploads\/2015\/04\/201002171.jpg?resize=350%2C200&ssl=1","width":350,"height":200},"classes":[]},{"id":1065,"url":"https:\/\/www.wallendorff.com\/belogue\/2007\/10\/24\/shooting-people-17\/","url_meta":{"origin":1212,"position":2},"title":"Shooting people #17.","author":"dpc","date":"24 octobre 2007","format":false,"excerpt":"Maison de la Radio, Paris, 17 septembre. Je suis fatigu\u00e9 et je suis malade. J'ai une habitude que je ne peux tout simplement pas perdre, j'ai la gueule de bois et je suis tout amoureux. Quand les lumi\u00e8res s'\u00e9teindront je vais tous les buter. Mais tout va bien, pas de\u2026","rel":"","context":"Dans &quot;Portraits&quot;","block_context":{"text":"Portraits","link":"https:\/\/www.wallendorff.com\/belogue\/category\/portraits\/"},"img":{"alt_text":"","src":"https:\/\/i0.wp.com\/www.wallendorff.com\/belogue\/wp-content\/uploads\/2015\/04\/200710241.jpg?resize=350%2C200&ssl=1","width":350,"height":200,"srcset":"https:\/\/i0.wp.com\/www.wallendorff.com\/belogue\/wp-content\/uploads\/2015\/04\/200710241.jpg?resize=350%2C200&ssl=1 1x, https:\/\/i0.wp.com\/www.wallendorff.com\/belogue\/wp-content\/uploads\/2015\/04\/200710241.jpg?resize=525%2C300&ssl=1 1.5x, https:\/\/i0.wp.com\/www.wallendorff.com\/belogue\/wp-content\/uploads\/2015\/04\/200710241.jpg?resize=700%2C400&ssl=1 2x"},"classes":[]},{"id":3692,"url":"https:\/\/www.wallendorff.com\/belogue\/2008\/12\/19\/astonvilla-subway-le-bataclan-paris\/","url_meta":{"origin":1212,"position":3},"title":"Astonvilla + Subway @ le Bataclan, Paris.","author":"dpc","date":"19 d\u00e9cembre 2008","format":false,"excerpt":"Je pourrais faire un long article racontant \u00e0 quel point le 5D Mark II est un vrai bonheur de la vie, mais le Rod s'en \u00e9tant d\u00e9j\u00e0 occup\u00e9 avant-hier, je m'en tiendrai \u00e0 une liste de pour\/contre rapide, histoire de gagner du temps\u00a0: Contre\u00a0: L'autofocus patine effectivement. Pas bien meilleur\u2026","rel":"","context":"Dans &quot;Alive&quot;","block_context":{"text":"Alive","link":"https:\/\/www.wallendorff.com\/belogue\/category\/alive\/"},"img":{"alt_text":"","src":"https:\/\/i0.wp.com\/www.wallendorff.com\/belogue\/wp-content\/uploads\/2015\/04\/200812191.jpg?resize=350%2C200&ssl=1","width":350,"height":200,"srcset":"https:\/\/i0.wp.com\/www.wallendorff.com\/belogue\/wp-content\/uploads\/2015\/04\/200812191.jpg?resize=350%2C200&ssl=1 1x, https:\/\/i0.wp.com\/www.wallendorff.com\/belogue\/wp-content\/uploads\/2015\/04\/200812191.jpg?resize=525%2C300&ssl=1 1.5x, https:\/\/i0.wp.com\/www.wallendorff.com\/belogue\/wp-content\/uploads\/2015\/04\/200812191.jpg?resize=700%2C400&ssl=1 2x"},"classes":[]},{"id":17056,"url":"https:\/\/www.wallendorff.com\/belogue\/2012\/04\/26\/shooting-doggies-4\/","url_meta":{"origin":1212,"position":4},"title":"Shooting doggies #4.","author":"dpc","date":"26 avril 2012","format":false,"excerpt":"Caf\u00e9 Tournon, Paris, 18 avril. \u00c7a y est, c'est officiellement une s\u00e9rie. Bon et comme 1\/ je fais pas dans le kawa\u00ef souvent et que 2\/ je suis un gars sympa, je vous en mets une deuxi\u00e8me. Mais c'est bien parce que c'est vous. Arctic Monkeys \u2013 R U Mine?\u2026","rel":"","context":"Dans &quot;Shooting doggies&quot;","block_context":{"text":"Shooting doggies","link":"https:\/\/www.wallendorff.com\/belogue\/category\/shooting-doggies\/"},"img":{"alt_text":"","src":"https:\/\/i0.wp.com\/www.wallendorff.com\/belogue\/wp-content\/uploads\/2015\/04\/201204261.jpg?resize=350%2C200&ssl=1","width":350,"height":200,"srcset":"https:\/\/i0.wp.com\/www.wallendorff.com\/belogue\/wp-content\/uploads\/2015\/04\/201204261.jpg?resize=350%2C200&ssl=1 1x, https:\/\/i0.wp.com\/www.wallendorff.com\/belogue\/wp-content\/uploads\/2015\/04\/201204261.jpg?resize=525%2C300&ssl=1 1.5x, https:\/\/i0.wp.com\/www.wallendorff.com\/belogue\/wp-content\/uploads\/2015\/04\/201204261.jpg?resize=700%2C400&ssl=1 2x"},"classes":[]},{"id":1055,"url":"https:\/\/www.wallendorff.com\/belogue\/2007\/10\/10\/previously-unreleased-71\/","url_meta":{"origin":1212,"position":5},"title":"Previously unreleased #71\u00b9.","author":"dpc","date":"10 octobre 2007","format":false,"excerpt":"Interpol, Verizon Wireless Theater, Houston, 25 septembre. Je devais prendre de gros gens en photos dans un restaurant. Passionnant. Alors quand l'autre est venu me voir pour faire une session avec Doherty, j'ai dit oui. Doherty \u00e9tait au fond d'un cimeti\u00e8re, teint en blond, d'ailleurs il ne ressemblait pas \u00e0\u2026","rel":"","context":"Dans &quot;Previously unreleased&quot;","block_context":{"text":"Previously unreleased","link":"https:\/\/www.wallendorff.com\/belogue\/category\/previously-unreleased\/"},"img":{"alt_text":"","src":"https:\/\/i0.wp.com\/www.wallendorff.com\/belogue\/wp-content\/uploads\/2015\/04\/200710101.jpg?resize=350%2C200&ssl=1","width":350,"height":200},"classes":[]}],"_links":{"self":[{"href":"https:\/\/www.wallendorff.com\/belogue\/wp-json\/wp\/v2\/posts\/1212","targetHints":{"allow":["GET"]}}],"collection":[{"href":"https:\/\/www.wallendorff.com\/belogue\/wp-json\/wp\/v2\/posts"}],"about":[{"href":"https:\/\/www.wallendorff.com\/belogue\/wp-json\/wp\/v2\/types\/post"}],"author":[{"embeddable":true,"href":"https:\/\/www.wallendorff.com\/belogue\/wp-json\/wp\/v2\/users\/1"}],"replies":[{"embeddable":true,"href":"https:\/\/www.wallendorff.com\/belogue\/wp-json\/wp\/v2\/comments?post=1212"}],"version-history":[{"count":1,"href":"https:\/\/www.wallendorff.com\/belogue\/wp-json\/wp\/v2\/posts\/1212\/revisions"}],"predecessor-version":[{"id":16295,"href":"https:\/\/www.wallendorff.com\/belogue\/wp-json\/wp\/v2\/posts\/1212\/revisions\/16295"}],"wp:featuredmedia":[{"embeddable":true,"href":"https:\/\/www.wallendorff.com\/belogue\/wp-json\/wp\/v2\/media\/25137"}],"wp:attachment":[{"href":"https:\/\/www.wallendorff.com\/belogue\/wp-json\/wp\/v2\/media?parent=1212"}],"wp:term":[{"taxonomy":"category","embeddable":true,"href":"https:\/\/www.wallendorff.com\/belogue\/wp-json\/wp\/v2\/categories?post=1212"},{"taxonomy":"post_tag","embeddable":true,"href":"https:\/\/www.wallendorff.com\/belogue\/wp-json\/wp\/v2\/tags?post=1212"}],"curies":[{"name":"wp","href":"https:\/\/api.w.org\/{rel}","templated":true}]}}