{"id":12103,"date":"2011-01-28T12:43:06","date_gmt":"2011-01-28T11:43:06","guid":{"rendered":"http:\/\/www.po-l.com\/belogue\/?p=12103"},"modified":"2012-01-19T12:07:06","modified_gmt":"2012-01-19T10:07:06","slug":"the-girl-on-the-bridge","status":"publish","type":"post","link":"https:\/\/www.wallendorff.com\/belogue\/2011\/01\/28\/the-girl-on-the-bridge\/","title":{"rendered":"The girl [on the bridge]."},"content":{"rendered":"\n<div id=\"photo\">\n<p><img decoding=\"async\" src=\"https:\/\/www.wallendorff.com\/belogue\/photo\/2011\/01\/20110128.jpg\" \/><br \/>\nPont des Arts, Paris, 22 d&eacute;cembre 2010.<\/p>\n<\/p><\/div>\n<p style=\"text-align:right\">Yes, it is posed.<\/p>\n<p>It is not <em>La fille sur le pont<\/em>. There is no blond girl from who-knows-where taking pictures of the Seine with her phone. No Starbucks bag, no sneaking, no mystery, but  the story of a Saturday night walk in snowy Paris, roaming across the icy streets from Op&eacute;ra to the top of Montmartre. The story of brand new tires, a fuzzy Eiffel tower, wine, hunting, weird people and me telling her about the photo I missed <a href=\"https:\/\/www.wallendorff.com\/belogue\/2011\/01\/17\/la-fille-sur-le-pont\/\">that day<\/a>. The story of a last train caught in a hurry, of a flight back home cancelled because of the snow, of her staying three extra days and offering me to redo the picture. The story of a cold December dawn at 7:45 on the bridge, waiting for some light to show up. <\/p>\n<p style=\"text-align:right\">The story of one of the coolest breakfast I ever had.<\/p>\n<div id=\"bandeson\">\n<p><img decoding=\"async\" src=\"https:\/\/www.wallendorff.com\/belogue\/photo\/pochettes\/h\/holmes_david-the_holy_pictures.jpg\" align=\"left\" \/>&nbsp;<a href=\"http:\/\/www.davidholmesofficial.com\/\">David Holmes<\/a> &ndash; <em>The Ballad of Sarah and Jack<\/em><\/p>\n<\/p><\/div>\n","protected":false},"excerpt":{"rendered":"<p>Pont des Arts, Paris, 22 d&eacute;cembre 2010. Yes, it is posed. It is not La fille sur le pont. There is no blond girl from who-knows-where taking pictures of the Seine with her phone. No Starbucks bag, no sneaking, no mystery, but the story of a Saturday night walk in snowy Paris, roaming across the&hellip;<\/p>\n","protected":false},"author":1,"featured_media":26079,"comment_status":"open","ping_status":"open","sticky":false,"template":"","format":"standard","meta":{"_acf_changed":false,"ngg_post_thumbnail":0,"jetpack_post_was_ever_published":false,"_jetpack_newsletter_access":"","_jetpack_dont_email_post_to_subs":false,"_jetpack_newsletter_tier_id":0,"_jetpack_memberships_contains_paywalled_content":false,"_jetpack_memberships_contains_paid_content":false,"footnotes":"","jetpack_publicize_message":"","jetpack_publicize_feature_enabled":true,"jetpack_social_post_already_shared":false,"jetpack_social_options":{"image_generator_settings":{"template":"highway","default_image_id":0,"font":"","enabled":false},"version":2}},"categories":[8],"tags":[10182,10250,3524,10226,181,2615,10144,222,10484,10340,10640,10120,10663,10121,4288,10278,10098,10380,10368,10673,10286,4631],"class_list":["post-12103","post","type-post","status-publish","format-standard","has-post-thumbnail","hentry","category-portraits","tag-10182","tag-10250","tag-aurore","tag-banc","tag-ef-70-200-mm-f28l-usm","tag-eos-5d-mark-ii","tag-ciel","tag-david-holmes","tag-eau","tag-fille","tag-fleuve","tag-france","tag-hiver","tag-ile-de-france","tag-institut-de-france","tag-lampadaire","tag-paris","tag-pont","tag-pont-des-arts","tag-riviere","tag-seine","tag-the-ballad-of-sarah-and-jack"],"acf":[],"geo":{"latitude":48.8585587,"longitude":2.337604,"description":"Pont des Arts, 75001 Paris, France"},"jetpack_publicize_connections":[],"jetpack_featured_media_url":"https:\/\/www.wallendorff.com\/belogue\/wp-content\/uploads\/2015\/04\/201101281.jpg","jetpack_shortlink":"https:\/\/wp.me\/p3b35P-39d","jetpack_sharing_enabled":true,"jetpack-related-posts":[{"id":13056,"url":"https:\/\/www.wallendorff.com\/belogue\/2011\/07\/26\/shooting-people-87\/","url_meta":{"origin":12103,"position":0},"title":"Shooting people #87.","author":"dpc","date":"26 juillet 2011","format":false,"excerpt":"Pont des Arts, Paris, 15 juin. \u00a0Editors \u2013 These Streets Are Still Home to Me (version 2)","rel":"","context":"Dans &quot;Portraits&quot;","block_context":{"text":"Portraits","link":"https:\/\/www.wallendorff.com\/belogue\/category\/portraits\/"},"img":{"alt_text":"","src":"https:\/\/i0.wp.com\/www.wallendorff.com\/belogue\/wp-content\/uploads\/2015\/04\/201107261.jpg?resize=350%2C200&ssl=1","width":350,"height":200,"srcset":"https:\/\/i0.wp.com\/www.wallendorff.com\/belogue\/wp-content\/uploads\/2015\/04\/201107261.jpg?resize=350%2C200&ssl=1 1x, https:\/\/i0.wp.com\/www.wallendorff.com\/belogue\/wp-content\/uploads\/2015\/04\/201107261.jpg?resize=525%2C300&ssl=1 1.5x, https:\/\/i0.wp.com\/www.wallendorff.com\/belogue\/wp-content\/uploads\/2015\/04\/201107261.jpg?resize=700%2C400&ssl=1 2x"},"classes":[]},{"id":11814,"url":"https:\/\/www.wallendorff.com\/belogue\/2011\/01\/17\/la-fille-sur-le-pont\/","url_meta":{"origin":12103,"position":1},"title":"La Fille [sur le pont].","author":"dpc","date":"17 janvier 2011","format":false,"excerpt":"Paris, samedi 27 novembre 2010, 7h30. D\u00e9j\u00e0 r\u00e9veill\u00e9 et pas de bonne raison de rester au lit (plus jamais de bonne raison de rester au lit). Choisir une destination au hasard. Monter dans le m\u00e9tro vide. S'\u00e9garer sur le pont des Arts, au milieu de deux touristes japonais et un\u2026","rel":"","context":"Dans &quot;Portraits&quot;","block_context":{"text":"Portraits","link":"https:\/\/www.wallendorff.com\/belogue\/category\/portraits\/"},"img":{"alt_text":"","src":"https:\/\/i0.wp.com\/www.wallendorff.com\/belogue\/wp-content\/uploads\/2015\/04\/201101172.jpg?resize=350%2C200&ssl=1","width":350,"height":200,"srcset":"https:\/\/i0.wp.com\/www.wallendorff.com\/belogue\/wp-content\/uploads\/2015\/04\/201101172.jpg?resize=350%2C200&ssl=1 1x, https:\/\/i0.wp.com\/www.wallendorff.com\/belogue\/wp-content\/uploads\/2015\/04\/201101172.jpg?resize=525%2C300&ssl=1 1.5x, https:\/\/i0.wp.com\/www.wallendorff.com\/belogue\/wp-content\/uploads\/2015\/04\/201101172.jpg?resize=700%2C400&ssl=1 2x"},"classes":[]},{"id":12926,"url":"https:\/\/www.wallendorff.com\/belogue\/2011\/06\/23\/du-pont-la-jvois\/","url_meta":{"origin":12103,"position":2},"title":"Du pont l\u00e0 j&rsquo;vois.","author":"dpc","date":"23 juin 2011","format":false,"excerpt":"Pont des Arts, Paris, 21 mai. \u00a0Pearl Jam \u2013 Driftin'","rel":"","context":"Dans &quot;DPC&quot;","block_context":{"text":"DPC","link":"https:\/\/www.wallendorff.com\/belogue\/category\/dpc\/"},"img":{"alt_text":"","src":"https:\/\/i0.wp.com\/www.wallendorff.com\/belogue\/wp-content\/uploads\/2015\/04\/201106231.jpg?resize=350%2C200&ssl=1","width":350,"height":200},"classes":[]},{"id":128077,"url":"https:\/\/www.wallendorff.com\/belogue\/2024\/04\/30\/avril-2024\/","url_meta":{"origin":12103,"position":3},"title":"Avril 2024.","author":"dpc","date":"30 avril 2024","format":false,"excerpt":"Une \u00e9glise, un train, une fondue, une fen\u00eatre, une plage, un blockhaus, un ap\u00e9ro, un train, une plage, une terrasse, une maison, une jet\u00e9e, un phare, une c\u00f4te, un rocher, une tour, un r\u00e9cif, une urne, une halle, des toits, une grille, une vitrine en cours, une gare, un train,\u2026","rel":"","context":"Dans &quot;Blog-note&quot;","block_context":{"text":"Blog-note","link":"https:\/\/www.wallendorff.com\/belogue\/category\/blog-note\/"},"img":{"alt_text":"","src":"https:\/\/i0.wp.com\/www.wallendorff.com\/belogue\/wp-content\/uploads\/2024\/05\/20240523-70.jpg?resize=350%2C200&ssl=1","width":350,"height":200,"srcset":"https:\/\/i0.wp.com\/www.wallendorff.com\/belogue\/wp-content\/uploads\/2024\/05\/20240523-70.jpg?resize=350%2C200&ssl=1 1x, https:\/\/i0.wp.com\/www.wallendorff.com\/belogue\/wp-content\/uploads\/2024\/05\/20240523-70.jpg?resize=525%2C300&ssl=1 1.5x, https:\/\/i0.wp.com\/www.wallendorff.com\/belogue\/wp-content\/uploads\/2024\/05\/20240523-70.jpg?resize=700%2C400&ssl=1 2x, https:\/\/i0.wp.com\/www.wallendorff.com\/belogue\/wp-content\/uploads\/2024\/05\/20240523-70.jpg?resize=1050%2C600&ssl=1 3x"},"classes":[]},{"id":20055,"url":"https:\/\/www.wallendorff.com\/belogue\/2013\/01\/09\/pis-a-prismes-31\/","url_meta":{"origin":12103,"position":4},"title":"Pis \u00e0 prismes #31.","author":"dpc","date":"9 janvier 2013","format":false,"excerpt":"Pont des Arts, Paris, 17 novembre 2012. Sympathetic Noose Black Rebel Motorcycle Club","rel":"","context":"Dans &quot;Pis \u00e0 prismes&quot;","block_context":{"text":"Pis \u00e0 prismes","link":"https:\/\/www.wallendorff.com\/belogue\/category\/pis-a-prismes\/"},"img":{"alt_text":"","src":"https:\/\/i0.wp.com\/www.wallendorff.com\/belogue\/wp-content\/uploads\/2015\/04\/201301091.jpg?resize=350%2C200&ssl=1","width":350,"height":200},"classes":[]},{"id":36995,"url":"https:\/\/www.wallendorff.com\/belogue\/2018\/01\/15\/into-the-wide-130\/","url_meta":{"origin":12103,"position":5},"title":"Into the wide #130.","author":"dpc","date":"15 janvier 2018","format":false,"excerpt":"Quai Fran\u00e7ois-Mitterrand, Paris, 12 octobre 2017. Question of Faith Black Rebel Motorcycle Club","rel":"","context":"Dans &quot;Into the wide&quot;","block_context":{"text":"Into the wide","link":"https:\/\/www.wallendorff.com\/belogue\/category\/into-the-wide\/"},"img":{"alt_text":"","src":"https:\/\/i0.wp.com\/www.wallendorff.com\/belogue\/wp-content\/uploads\/2018\/01\/20180115.jpg?resize=350%2C200&ssl=1","width":350,"height":200,"srcset":"https:\/\/i0.wp.com\/www.wallendorff.com\/belogue\/wp-content\/uploads\/2018\/01\/20180115.jpg?resize=350%2C200&ssl=1 1x, https:\/\/i0.wp.com\/www.wallendorff.com\/belogue\/wp-content\/uploads\/2018\/01\/20180115.jpg?resize=525%2C300&ssl=1 1.5x, https:\/\/i0.wp.com\/www.wallendorff.com\/belogue\/wp-content\/uploads\/2018\/01\/20180115.jpg?resize=700%2C400&ssl=1 2x"},"classes":[]}],"_links":{"self":[{"href":"https:\/\/www.wallendorff.com\/belogue\/wp-json\/wp\/v2\/posts\/12103","targetHints":{"allow":["GET"]}}],"collection":[{"href":"https:\/\/www.wallendorff.com\/belogue\/wp-json\/wp\/v2\/posts"}],"about":[{"href":"https:\/\/www.wallendorff.com\/belogue\/wp-json\/wp\/v2\/types\/post"}],"author":[{"embeddable":true,"href":"https:\/\/www.wallendorff.com\/belogue\/wp-json\/wp\/v2\/users\/1"}],"replies":[{"embeddable":true,"href":"https:\/\/www.wallendorff.com\/belogue\/wp-json\/wp\/v2\/comments?post=12103"}],"version-history":[{"count":2,"href":"https:\/\/www.wallendorff.com\/belogue\/wp-json\/wp\/v2\/posts\/12103\/revisions"}],"predecessor-version":[{"id":15439,"href":"https:\/\/www.wallendorff.com\/belogue\/wp-json\/wp\/v2\/posts\/12103\/revisions\/15439"}],"wp:featuredmedia":[{"embeddable":true,"href":"https:\/\/www.wallendorff.com\/belogue\/wp-json\/wp\/v2\/media\/26079"}],"wp:attachment":[{"href":"https:\/\/www.wallendorff.com\/belogue\/wp-json\/wp\/v2\/media?parent=12103"}],"wp:term":[{"taxonomy":"category","embeddable":true,"href":"https:\/\/www.wallendorff.com\/belogue\/wp-json\/wp\/v2\/categories?post=12103"},{"taxonomy":"post_tag","embeddable":true,"href":"https:\/\/www.wallendorff.com\/belogue\/wp-json\/wp\/v2\/tags?post=12103"}],"curies":[{"name":"wp","href":"https:\/\/api.w.org\/{rel}","templated":true}]}}