{"id":1210,"date":"2008-04-18T10:16:40","date_gmt":"2008-04-18T10:16:40","guid":{"rendered":"http:\/\/www.po-l.com\/wordpress\/?p=1210"},"modified":"2011-10-25T12:22:55","modified_gmt":"2011-10-25T10:22:55","slug":"the-wombats-black-session-maison-de-la-radio-paris-21-janvier","status":"publish","type":"post","link":"https:\/\/www.wallendorff.com\/belogue\/2008\/04\/18\/the-wombats-black-session-maison-de-la-radio-paris-21-janvier\/","title":{"rendered":"The Wombats @ Black Session 275, Maison de la Radio, Paris, 21 janvier."},"content":{"rendered":"\n<div id=\"photo\">\n<p><img decoding=\"async\" src=\"https:\/\/www.wallendorff.com\/belogue\/photo\/2008\/04\/20080418.jpg\"\/><\/p>\n<\/p><\/div>\n<div id=\"bandeson\">\n<p><img decoding=\"async\" src=\"https:\/\/www.wallendorff.com\/belogue\/photo\/pochettes\/k\/kooks_the-konk.jpg\" align=\"left\" \/>&nbsp;<a href=\"http:\/\/www.thekooks.co.uk\/\">The Kooks<\/a> &ndash; <em>Tick of Time<\/em><\/p>\n<\/div>ngg_shortcode_0_placeholder","protected":false},"excerpt":{"rendered":"<p>&nbsp;The Kooks &ndash; Tick of Time<\/p>\n","protected":false},"author":1,"featured_media":25135,"comment_status":"open","ping_status":"open","sticky":false,"template":"","format":"standard","meta":{"_acf_changed":false,"ngg_post_thumbnail":0,"jetpack_post_was_ever_published":false,"_jetpack_newsletter_access":"","_jetpack_dont_email_post_to_subs":false,"_jetpack_newsletter_tier_id":0,"_jetpack_memberships_contains_paywalled_content":false,"_jetpack_memberships_contains_paid_content":false,"footnotes":"","jetpack_publicize_message":"","jetpack_publicize_feature_enabled":true,"jetpack_social_post_already_shared":false,"jetpack_social_options":{"image_generator_settings":{"template":"highway","default_image_id":0,"font":"","enabled":false},"version":2}},"categories":[7],"tags":[203,10372,10084,10370,1016,196,181,10120,10121,10369,143,10098,10199,2381,10458,2382],"class_list":["post-1210","post","type-post","status-publish","format-standard","has-post-thumbnail","hentry","category-alive","tag-203","tag-10372","tag-alive","tag-black-session","tag-ef-15-mm-f28-fisheye","tag-ef-28-70-mm-f28l-usm","tag-ef-70-200-mm-f28l-usm","tag-france","tag-ile-de-france","tag-maison-de-la-radio","tag-noir-et-blanc","tag-paris","tag-pieds","tag-the-kooks","tag-the-wombats","tag-tick-of-time"],"acf":[],"geo":{"latitude":48.8520584,"longitude":2.2778714,"description":"2 Rue de Boulainvilliers, 75016 Paris, France"},"jetpack_publicize_connections":[],"jetpack_featured_media_url":"https:\/\/www.wallendorff.com\/belogue\/wp-content\/uploads\/2015\/04\/200804181.jpg","jetpack_shortlink":"https:\/\/wp.me\/p3b35P-jw","jetpack_sharing_enabled":true,"jetpack-related-posts":[{"id":1251,"url":"https:\/\/www.wallendorff.com\/belogue\/2008\/06\/17\/the-wombats-le-trabendo-paris-20-mars\/","url_meta":{"origin":1210,"position":0},"title":"The Wombats @ le Trabendo, Paris, 20 mars.","author":"dpc","date":"17 juin 2008","format":false,"excerpt":"\u00a0The Wombats \u2013 Little Miss Pipedream","rel":"","context":"Dans &quot;Alive&quot;","block_context":{"text":"Alive","link":"https:\/\/www.wallendorff.com\/belogue\/category\/alive\/"},"img":{"alt_text":"","src":"https:\/\/i0.wp.com\/www.wallendorff.com\/belogue\/wp-content\/uploads\/2015\/04\/200806171.jpg?resize=350%2C200&ssl=1","width":350,"height":200,"srcset":"https:\/\/i0.wp.com\/www.wallendorff.com\/belogue\/wp-content\/uploads\/2015\/04\/200806171.jpg?resize=350%2C200&ssl=1 1x, https:\/\/i0.wp.com\/www.wallendorff.com\/belogue\/wp-content\/uploads\/2015\/04\/200806171.jpg?resize=525%2C300&ssl=1 1.5x, https:\/\/i0.wp.com\/www.wallendorff.com\/belogue\/wp-content\/uploads\/2015\/04\/200806171.jpg?resize=700%2C400&ssl=1 2x"},"classes":[]},{"id":34042,"url":"https:\/\/www.wallendorff.com\/belogue\/2017\/05\/17\/the-kooks-lolympia-paris\/","url_meta":{"origin":1210,"position":1},"title":"The Kooks @ l&rsquo;Olympia, Paris.","author":"dpc","date":"17 mai 2017","format":false,"excerpt":"","rel":"","context":"Dans &quot;Alive&quot;","block_context":{"text":"Alive","link":"https:\/\/www.wallendorff.com\/belogue\/category\/alive\/"},"img":{"alt_text":"","src":"https:\/\/i0.wp.com\/www.wallendorff.com\/belogue\/wp-content\/uploads\/2017\/05\/20170517-17.jpg?resize=350%2C200&ssl=1","width":350,"height":200,"srcset":"https:\/\/i0.wp.com\/www.wallendorff.com\/belogue\/wp-content\/uploads\/2017\/05\/20170517-17.jpg?resize=350%2C200&ssl=1 1x, https:\/\/i0.wp.com\/www.wallendorff.com\/belogue\/wp-content\/uploads\/2017\/05\/20170517-17.jpg?resize=525%2C300&ssl=1 1.5x, https:\/\/i0.wp.com\/www.wallendorff.com\/belogue\/wp-content\/uploads\/2017\/05\/20170517-17.jpg?resize=700%2C400&ssl=1 2x"},"classes":[]},{"id":3422,"url":"https:\/\/www.wallendorff.com\/belogue\/2008\/09\/11\/mademoiselle-k-la-cigale-paris-28-avril\/","url_meta":{"origin":1210,"position":2},"title":"Mademoiselle K @ la Cigale, Paris, 28 avril.","author":"dpc","date":"11 septembre 2008","format":false,"excerpt":"The Kooks \u2013 Kids (MGMT cover)","rel":"","context":"Dans &quot;Alive&quot;","block_context":{"text":"Alive","link":"https:\/\/www.wallendorff.com\/belogue\/category\/alive\/"},"img":{"alt_text":"","src":"https:\/\/i0.wp.com\/www.wallendorff.com\/belogue\/wp-content\/uploads\/2015\/04\/200809111.jpg?resize=350%2C200&ssl=1","width":350,"height":200,"srcset":"https:\/\/i0.wp.com\/www.wallendorff.com\/belogue\/wp-content\/uploads\/2015\/04\/200809111.jpg?resize=350%2C200&ssl=1 1x, https:\/\/i0.wp.com\/www.wallendorff.com\/belogue\/wp-content\/uploads\/2015\/04\/200809111.jpg?resize=525%2C300&ssl=1 1.5x, https:\/\/i0.wp.com\/www.wallendorff.com\/belogue\/wp-content\/uploads\/2015\/04\/200809111.jpg?resize=700%2C400&ssl=1 2x"},"classes":[]},{"id":12818,"url":"https:\/\/www.wallendorff.com\/belogue\/2011\/05\/30\/the-wombats-the-ritch-kids-le-trianon-paris-27-mai\/","url_meta":{"origin":1210,"position":3},"title":"The Wombats + The Ritch Kids @ le Trianon, Paris, 27 mai.","author":"dpc","date":"30 mai 2011","format":false,"excerpt":"Our Perfect Disease | Kill the Director | Party in a Forest (Where's Laura?) | Jump into the Fog | Patricia the Stripper | How I Miss Sally Bray | Here Comes the Anxiety | Techno Fan | Schumacher the Champagne | Backfire at the Disco | 1996 | Moving\u2026","rel":"","context":"Dans &quot;Alive&quot;","block_context":{"text":"Alive","link":"https:\/\/www.wallendorff.com\/belogue\/category\/alive\/"},"img":{"alt_text":"","src":"https:\/\/i0.wp.com\/www.wallendorff.com\/belogue\/wp-content\/uploads\/2015\/04\/201105301.jpg?resize=350%2C200&ssl=1","width":350,"height":200,"srcset":"https:\/\/i0.wp.com\/www.wallendorff.com\/belogue\/wp-content\/uploads\/2015\/04\/201105301.jpg?resize=350%2C200&ssl=1 1x, https:\/\/i0.wp.com\/www.wallendorff.com\/belogue\/wp-content\/uploads\/2015\/04\/201105301.jpg?resize=525%2C300&ssl=1 1.5x, https:\/\/i0.wp.com\/www.wallendorff.com\/belogue\/wp-content\/uploads\/2015\/04\/201105301.jpg?resize=700%2C400&ssl=1 2x"},"classes":[]},{"id":41184,"url":"https:\/\/www.wallendorff.com\/belogue\/2019\/02\/14\/the-wombats-circa-waves-le-trabendo-paris-5-fevrier-2019\/","url_meta":{"origin":1210,"position":4},"title":"The Wombats + Circa Waves @ le Trabendo, Paris, 5 f\u00e9vrier 2019.","author":"dpc","date":"14 f\u00e9vrier 2019","format":false,"excerpt":"Cheetah Tongue | Moving to New York | Jump into the Fog | Give Me a Try | Black Flamingo | Emotions | Lemon to a Knife Fight | I Don't Know Why I Like U | Pink Lemonade | Bee Sting | Kill the Director | Ice Cream |\u2026","rel":"","context":"Dans &quot;Alive&quot;","block_context":{"text":"Alive","link":"https:\/\/www.wallendorff.com\/belogue\/category\/alive\/"},"img":{"alt_text":"","src":"https:\/\/i0.wp.com\/www.wallendorff.com\/belogue\/wp-content\/uploads\/2019\/02\/20190206-27.jpg?resize=350%2C200&ssl=1","width":350,"height":200,"srcset":"https:\/\/i0.wp.com\/www.wallendorff.com\/belogue\/wp-content\/uploads\/2019\/02\/20190206-27.jpg?resize=350%2C200&ssl=1 1x, https:\/\/i0.wp.com\/www.wallendorff.com\/belogue\/wp-content\/uploads\/2019\/02\/20190206-27.jpg?resize=525%2C300&ssl=1 1.5x, https:\/\/i0.wp.com\/www.wallendorff.com\/belogue\/wp-content\/uploads\/2019\/02\/20190206-27.jpg?resize=700%2C400&ssl=1 2x, https:\/\/i0.wp.com\/www.wallendorff.com\/belogue\/wp-content\/uploads\/2019\/02\/20190206-27.jpg?resize=1050%2C600&ssl=1 3x"},"classes":[]},{"id":13190,"url":"https:\/\/www.wallendorff.com\/belogue\/2011\/08\/31\/the-wombats-le-cabaret-vert-charleville-mezieres-26-aout\/","url_meta":{"origin":1210,"position":5},"title":"The Wombats @ le Cabaret Vert, Charleville-M\u00e9zi\u00e8res, 26 ao\u00fbt.","author":"dpc","date":"31 ao\u00fbt 2011","format":false,"excerpt":"\u00a0The Wombats \u2013 1996 [youtube]http:\/\/www.youtube.com\/watch?v=m3ZwhfIG6cw[\/youtube]","rel":"","context":"Dans &quot;Alive&quot;","block_context":{"text":"Alive","link":"https:\/\/www.wallendorff.com\/belogue\/category\/alive\/"},"img":{"alt_text":"","src":"https:\/\/i0.wp.com\/www.wallendorff.com\/belogue\/wp-content\/uploads\/2015\/04\/201108311.jpg?resize=350%2C200&ssl=1","width":350,"height":200,"srcset":"https:\/\/i0.wp.com\/www.wallendorff.com\/belogue\/wp-content\/uploads\/2015\/04\/201108311.jpg?resize=350%2C200&ssl=1 1x, https:\/\/i0.wp.com\/www.wallendorff.com\/belogue\/wp-content\/uploads\/2015\/04\/201108311.jpg?resize=525%2C300&ssl=1 1.5x, https:\/\/i0.wp.com\/www.wallendorff.com\/belogue\/wp-content\/uploads\/2015\/04\/201108311.jpg?resize=700%2C400&ssl=1 2x"},"classes":[]}],"_links":{"self":[{"href":"https:\/\/www.wallendorff.com\/belogue\/wp-json\/wp\/v2\/posts\/1210","targetHints":{"allow":["GET"]}}],"collection":[{"href":"https:\/\/www.wallendorff.com\/belogue\/wp-json\/wp\/v2\/posts"}],"about":[{"href":"https:\/\/www.wallendorff.com\/belogue\/wp-json\/wp\/v2\/types\/post"}],"author":[{"embeddable":true,"href":"https:\/\/www.wallendorff.com\/belogue\/wp-json\/wp\/v2\/users\/1"}],"replies":[{"embeddable":true,"href":"https:\/\/www.wallendorff.com\/belogue\/wp-json\/wp\/v2\/comments?post=1210"}],"version-history":[{"count":2,"href":"https:\/\/www.wallendorff.com\/belogue\/wp-json\/wp\/v2\/posts\/1210\/revisions"}],"predecessor-version":[{"id":13970,"href":"https:\/\/www.wallendorff.com\/belogue\/wp-json\/wp\/v2\/posts\/1210\/revisions\/13970"}],"wp:featuredmedia":[{"embeddable":true,"href":"https:\/\/www.wallendorff.com\/belogue\/wp-json\/wp\/v2\/media\/25135"}],"wp:attachment":[{"href":"https:\/\/www.wallendorff.com\/belogue\/wp-json\/wp\/v2\/media?parent=1210"}],"wp:term":[{"taxonomy":"category","embeddable":true,"href":"https:\/\/www.wallendorff.com\/belogue\/wp-json\/wp\/v2\/categories?post=1210"},{"taxonomy":"post_tag","embeddable":true,"href":"https:\/\/www.wallendorff.com\/belogue\/wp-json\/wp\/v2\/tags?post=1210"}],"curies":[{"name":"wp","href":"https:\/\/api.w.org\/{rel}","templated":true}]}}