{"id":1209,"date":"2008-04-17T14:33:42","date_gmt":"2008-04-17T14:33:42","guid":{"rendered":"http:\/\/www.po-l.com\/wordpress\/?p=1209"},"modified":"2012-03-06T14:39:40","modified_gmt":"2012-03-06T12:39:40","slug":"pris-et-tu-l-as","status":"publish","type":"post","link":"https:\/\/www.wallendorff.com\/belogue\/2008\/04\/17\/pris-et-tu-l-as\/","title":{"rendered":"\u00c9pris et tu l&rsquo;as."},"content":{"rendered":"<div id=\"photo\">\n<p><img decoding=\"async\" src=\"https:\/\/www.wallendorff.com\/belogue\/photo\/2008\/04\/20080417.jpg\" \/><br \/>\n   Rue Saint-Louis-en-l&rsquo;\u00cele, Paris, 23 mars.<\/p>\n<\/div>\n<p style=\"text-align:right\">Trouv&eacute;  gr&acirc;ce &agrave; <a href=\"http:\/\/blog.alaingrodard.fr\/divers\/cherche-prestataires-de-services-serieux\/\">ce billet-ci<\/a> et <a href=\"http:\/\/onelouderphoto.com\/?p=72\">celui-l&agrave;<\/a>&nbsp;: <a href=\"http:\/\/www.youtube.com\/watch?v=mj5IV23g-fE\">Harlan Ellison d&eacute;peint tout haut et tout bien notre triste &eacute;poque artistique actuelle<\/a>.<\/a> Je sais pas pourquoi, mais &ccedil;a me parle.<\/p>\n<div id=\"bandeson\">\n<p><img decoding=\"async\" src=\"https:\/\/www.wallendorff.com\/belogue\/photo\/pochettes\/l\/last_shadow_puppets_the-my_mistake_were_made_for_you.jpg\" align=\"left\" \/>&nbsp;<a href=\"http:\/\/www.theageoftheunderstatement.com\">The Last Shadow Puppets<\/a> &ndash; <em>My Mistakes Were Made for You<\/em> (acoustic)<\/p>\n<\/p><\/div>\n","protected":false},"excerpt":{"rendered":"<p>Rue Saint-Louis-en-l&rsquo;\u00cele, Paris, 23 mars. Trouv&eacute; gr&acirc;ce &agrave; ce billet-ci et celui-l&agrave;&nbsp;: Harlan Ellison d&eacute;peint tout haut et tout bien notre triste &eacute;poque artistique actuelle. Je sais pas pourquoi, mais &ccedil;a me parle. &nbsp;The Last Shadow Puppets &ndash; My Mistakes Were Made for You (acoustic)<\/p>\n","protected":false},"author":1,"featured_media":25134,"comment_status":"open","ping_status":"open","sticky":false,"template":"","format":"standard","meta":{"_acf_changed":false,"ngg_post_thumbnail":0,"jetpack_post_was_ever_published":false,"_jetpack_newsletter_access":"","_jetpack_dont_email_post_to_subs":false,"_jetpack_newsletter_tier_id":0,"_jetpack_memberships_contains_paywalled_content":false,"_jetpack_memberships_contains_paid_content":false,"footnotes":"","jetpack_publicize_message":"","jetpack_publicize_feature_enabled":true,"jetpack_social_post_already_shared":false,"jetpack_social_options":{"image_generator_settings":{"template":"highway","default_image_id":0,"font":"","enabled":false},"version":2}},"categories":[3],"tags":[10277,142,132,10246,10359,10120,1264,10121,2380,143,10098,3367,10407,2379,10288],"class_list":["post-1209","post","type-post","status-publish","format-standard","has-post-thumbnail","hentry","category-dpc","tag-10277","tag-ef-s-10-22-mm-f35-45-usm","tag-eos-20d","tag-contre-jour","tag-couple","tag-france","tag-ile-saint-louis","tag-ile-de-france","tag-my-mistakes-were-made-for-you","tag-noir-et-blanc","tag-paris","tag-rue-saint-louis-en-lile","tag-silhouette","tag-the-last-shadow-puppets","tag-velo"],"acf":[],"geo":{"latitude":48.8517342,"longitude":2.3561785,"description":null},"jetpack_publicize_connections":[],"jetpack_featured_media_url":"https:\/\/www.wallendorff.com\/belogue\/wp-content\/uploads\/2015\/04\/200804171.jpg","jetpack_shortlink":"https:\/\/wp.me\/p3b35P-jv","jetpack_sharing_enabled":true,"jetpack-related-posts":[{"id":5735,"url":"https:\/\/www.wallendorff.com\/belogue\/2010\/01\/05\/and-im-not-coming-out-until-this-is-all-over\/","url_meta":{"origin":1209,"position":0},"title":"And I&rsquo;m not coming out until this is all over.","author":"dpc","date":"5 janvier 2010","format":false,"excerpt":"Rue Saint-Louis-en-l'\u00cele, Paris, 9 novembre 2009. \u00a0The Postal Service \u2013 We Will Become Silhouettes","rel":"","context":"Dans &quot;DPC&quot;","block_context":{"text":"DPC","link":"https:\/\/www.wallendorff.com\/belogue\/category\/dpc\/"},"img":{"alt_text":"","src":"https:\/\/i0.wp.com\/www.wallendorff.com\/belogue\/wp-content\/uploads\/2015\/04\/201001051.jpg?resize=350%2C200&ssl=1","width":350,"height":200},"classes":[]},{"id":9435,"url":"https:\/\/www.wallendorff.com\/belogue\/2010\/09\/22\/sad-day-for-puppets-the-yolks-la-boule-noire-paris\/","url_meta":{"origin":1209,"position":1},"title":"Sad Day for Puppets + The Yolks @ la Boule Noire, Paris.","author":"dpc","date":"22 septembre 2010","format":false,"excerpt":"Rarement vu passage \u00e0 l'acte plus d\u00e9cevant. Venu en esp\u00e9rant d\u00e9couvrir Sad Day for Puppets d\u00e9gag\u00e9 des nu\u00e9es d'\u00e9ther qui baignent leurs deux albums (Cf. bande-son), plus brut, plus direct, je suis tomb\u00e9 sur un groupe tout mou, pas aid\u00e9 du tout par un son d\u00e9plorable, tentant de sauver les\u2026","rel":"","context":"Dans &quot;Alive&quot;","block_context":{"text":"Alive","link":"https:\/\/www.wallendorff.com\/belogue\/category\/alive\/"},"img":{"alt_text":"","src":"https:\/\/i0.wp.com\/www.wallendorff.com\/belogue\/wp-content\/uploads\/2015\/04\/201009221.jpg?resize=350%2C200&ssl=1","width":350,"height":200,"srcset":"https:\/\/i0.wp.com\/www.wallendorff.com\/belogue\/wp-content\/uploads\/2015\/04\/201009221.jpg?resize=350%2C200&ssl=1 1x, https:\/\/i0.wp.com\/www.wallendorff.com\/belogue\/wp-content\/uploads\/2015\/04\/201009221.jpg?resize=525%2C300&ssl=1 1.5x, https:\/\/i0.wp.com\/www.wallendorff.com\/belogue\/wp-content\/uploads\/2015\/04\/201009221.jpg?resize=700%2C400&ssl=1 2x"},"classes":[]},{"id":5212,"url":"https:\/\/www.wallendorff.com\/belogue\/2009\/12\/01\/hamecons-cibles-savent-te-nuir\/","url_meta":{"origin":1209,"position":2},"title":"Hame\u00e7ons-cibles savent te nuir.","author":"dpc","date":"1 d\u00e9cembre 2009","format":false,"excerpt":"Rue des Vertus, Paris, 4 ao\u00fbt. \u00a0Sad Day for Puppets \u2013 Shiny Teeth and Sharpened Claws Dans ma liste de bonnes r\u00e9solutions pour la nouvelle d\u00e9cennie, il faudra que je pense \u00e0 mettre celle o\u00f9 j'arr\u00eate de suivre les filles la nuit dans les rues sombres avec mon gros engin\u2026","rel":"","context":"Dans &quot;DPC&quot;","block_context":{"text":"DPC","link":"https:\/\/www.wallendorff.com\/belogue\/category\/dpc\/"},"img":{"alt_text":"","src":"https:\/\/i0.wp.com\/www.wallendorff.com\/belogue\/wp-content\/uploads\/2015\/04\/200912011.jpg?resize=350%2C200&ssl=1","width":350,"height":200,"srcset":"https:\/\/i0.wp.com\/www.wallendorff.com\/belogue\/wp-content\/uploads\/2015\/04\/200912011.jpg?resize=350%2C200&ssl=1 1x, https:\/\/i0.wp.com\/www.wallendorff.com\/belogue\/wp-content\/uploads\/2015\/04\/200912011.jpg?resize=525%2C300&ssl=1 1.5x"},"classes":[]},{"id":1250,"url":"https:\/\/www.wallendorff.com\/belogue\/2008\/06\/16\/bah\/","url_meta":{"origin":1209,"position":3},"title":"Bah.","author":"dpc","date":"16 juin 2008","format":false,"excerpt":"Rue du Calvaire, Paris, 12 avril. [Tout \u00e7a devient bien trop monotone.] \u00a0Hard-Fi \u2013 Stars of CCTV","rel":"","context":"Dans &quot;DPC&quot;","block_context":{"text":"DPC","link":"https:\/\/www.wallendorff.com\/belogue\/category\/dpc\/"},"img":{"alt_text":"","src":"https:\/\/i0.wp.com\/www.wallendorff.com\/belogue\/wp-content\/uploads\/2015\/04\/200806161.jpg?resize=350%2C200&ssl=1","width":350,"height":200},"classes":[]},{"id":127695,"url":"https:\/\/www.wallendorff.com\/belogue\/2024\/04\/14\/suivre-la-fleche-1-3-reference\/","url_meta":{"origin":1209,"position":4},"title":"Suivre la fl\u00e8che [1\/3] : R\u00e9f\u00e9rence.","author":"dpc","date":"14 avril 2024","format":false,"excerpt":"Voil\u00e0 5 ans, la fl\u00e8che s\u2019effondrait, emportant quelques-unes de nos certitudes.Voil\u00e0 5 ans, l\u2019incendie laissait un trou b\u00e9ant \u00e0 la place de l\u2019un des plus anciens, des plus classiques point de r\u00e9f\u00e9rence du paysage parisien.Voil\u00e0 5 ans commen\u00e7ait la lente recouvrance qui devrait se terminer \u00e0 la fin de l'ann\u00e9e\u2026","rel":"","context":"Dans &quot;DPC&quot;","block_context":{"text":"DPC","link":"https:\/\/www.wallendorff.com\/belogue\/category\/dpc\/"},"img":{"alt_text":"","src":"https:\/\/i0.wp.com\/www.wallendorff.com\/belogue\/wp-content\/uploads\/2024\/04\/20240414-01.jpg?resize=350%2C200&ssl=1","width":350,"height":200,"srcset":"https:\/\/i0.wp.com\/www.wallendorff.com\/belogue\/wp-content\/uploads\/2024\/04\/20240414-01.jpg?resize=350%2C200&ssl=1 1x, https:\/\/i0.wp.com\/www.wallendorff.com\/belogue\/wp-content\/uploads\/2024\/04\/20240414-01.jpg?resize=525%2C300&ssl=1 1.5x, https:\/\/i0.wp.com\/www.wallendorff.com\/belogue\/wp-content\/uploads\/2024\/04\/20240414-01.jpg?resize=700%2C400&ssl=1 2x, https:\/\/i0.wp.com\/www.wallendorff.com\/belogue\/wp-content\/uploads\/2024\/04\/20240414-01.jpg?resize=1050%2C600&ssl=1 3x"},"classes":[]},{"id":1013,"url":"https:\/\/www.wallendorff.com\/belogue\/2007\/08\/09\/qu-haut-manque-rentes\/","url_meta":{"origin":1209,"position":5},"title":"Qu&rsquo;haut manque \u00e0 rentes.","author":"dpc","date":"9 ao\u00fbt 2007","format":false,"excerpt":"Rue Bouchardon, Paris, 8 ao\u00fbt. Voil\u00e0. C'est tout neuf, c'est tout beau, c'est optimis\u00e9 pour Firefox et du 1\u00a0024 par 768 et normalement tout va bien1. \u00a0Editors \u2013 Smokers Outside the Hospital Doors _____ 1 Quoique je ne suis pas s\u00fbr pour Safari. Merci de me dire quoi, yeah.","rel":"","context":"Dans &quot;DPC&quot;","block_context":{"text":"DPC","link":"https:\/\/www.wallendorff.com\/belogue\/category\/dpc\/"},"img":{"alt_text":"","src":"https:\/\/i0.wp.com\/www.wallendorff.com\/belogue\/wp-content\/uploads\/2015\/04\/200708091.jpg?resize=350%2C200&ssl=1","width":350,"height":200,"srcset":"https:\/\/i0.wp.com\/www.wallendorff.com\/belogue\/wp-content\/uploads\/2015\/04\/200708091.jpg?resize=350%2C200&ssl=1 1x, https:\/\/i0.wp.com\/www.wallendorff.com\/belogue\/wp-content\/uploads\/2015\/04\/200708091.jpg?resize=525%2C300&ssl=1 1.5x, https:\/\/i0.wp.com\/www.wallendorff.com\/belogue\/wp-content\/uploads\/2015\/04\/200708091.jpg?resize=700%2C400&ssl=1 2x"},"classes":[]}],"_links":{"self":[{"href":"https:\/\/www.wallendorff.com\/belogue\/wp-json\/wp\/v2\/posts\/1209","targetHints":{"allow":["GET"]}}],"collection":[{"href":"https:\/\/www.wallendorff.com\/belogue\/wp-json\/wp\/v2\/posts"}],"about":[{"href":"https:\/\/www.wallendorff.com\/belogue\/wp-json\/wp\/v2\/types\/post"}],"author":[{"embeddable":true,"href":"https:\/\/www.wallendorff.com\/belogue\/wp-json\/wp\/v2\/users\/1"}],"replies":[{"embeddable":true,"href":"https:\/\/www.wallendorff.com\/belogue\/wp-json\/wp\/v2\/comments?post=1209"}],"version-history":[{"count":2,"href":"https:\/\/www.wallendorff.com\/belogue\/wp-json\/wp\/v2\/posts\/1209\/revisions"}],"predecessor-version":[{"id":16256,"href":"https:\/\/www.wallendorff.com\/belogue\/wp-json\/wp\/v2\/posts\/1209\/revisions\/16256"}],"wp:featuredmedia":[{"embeddable":true,"href":"https:\/\/www.wallendorff.com\/belogue\/wp-json\/wp\/v2\/media\/25134"}],"wp:attachment":[{"href":"https:\/\/www.wallendorff.com\/belogue\/wp-json\/wp\/v2\/media?parent=1209"}],"wp:term":[{"taxonomy":"category","embeddable":true,"href":"https:\/\/www.wallendorff.com\/belogue\/wp-json\/wp\/v2\/categories?post=1209"},{"taxonomy":"post_tag","embeddable":true,"href":"https:\/\/www.wallendorff.com\/belogue\/wp-json\/wp\/v2\/tags?post=1209"}],"curies":[{"name":"wp","href":"https:\/\/api.w.org\/{rel}","templated":true}]}}