{"id":12088,"date":"2011-01-25T12:16:56","date_gmt":"2011-01-25T11:16:56","guid":{"rendered":"http:\/\/www.po-l.com\/belogue\/?p=12088"},"modified":"2012-01-17T11:38:26","modified_gmt":"2012-01-17T09:38:26","slug":"hey-ho-lets-grow","status":"publish","type":"post","link":"https:\/\/www.wallendorff.com\/belogue\/2011\/01\/25\/hey-ho-lets-grow\/","title":{"rendered":"Hey ho let&rsquo;s grow."},"content":{"rendered":"\n<div id=\"photo\">\n<p><img decoding=\"async\" src=\"https:\/\/www.wallendorff.com\/belogue\/photo\/2011\/01\/20110125.jpg\" \/><br \/>\nRue du Mont-Cenis, Paris, 18 d&eacute;cembre 2010.<\/p>\n<\/p><\/div>\n<p style=\"text-align:right\">Oui c&rsquo;est tr&egrave;s cr&eacute;tin mais j&rsquo;avais envie de citer les Rameauxnes.<\/p>\n<p style=\"text-align:right\">Ahah.<\/p>\n<p style=\"text-align:right\">Bref.<\/p>\n<div id=\"bandeson\">\n<p><img decoding=\"async\" src=\"https:\/\/www.wallendorff.com\/belogue\/photo\/pochettes\/m\/matthews_scott-passing_stranger.jpg\" align=\"left\" \/>&nbsp;<a href=\"http:\/\/www.scottmatthewsmusic.co.uk\/\">Scott Matthews<\/a> &ndash; <em>Elusive<\/em><\/p>\n<\/p><\/div>\n","protected":false},"excerpt":{"rendered":"<p>Rue du Mont-Cenis, Paris, 18 d&eacute;cembre 2010. Oui c&rsquo;est tr&egrave;s cr&eacute;tin mais j&rsquo;avais envie de citer les Rameauxnes. Ahah. Bref. &nbsp;Scott Matthews &ndash; Elusive<\/p>\n","protected":false},"author":1,"featured_media":26073,"comment_status":"open","ping_status":"open","sticky":false,"template":"","format":"standard","meta":{"_acf_changed":false,"ngg_post_thumbnail":0,"jetpack_post_was_ever_published":false,"_jetpack_newsletter_access":"","_jetpack_dont_email_post_to_subs":false,"_jetpack_newsletter_tier_id":0,"_jetpack_memberships_contains_paywalled_content":false,"_jetpack_memberships_contains_paid_content":false,"footnotes":"","jetpack_publicize_message":"","jetpack_publicize_feature_enabled":true,"jetpack_social_post_already_shared":false,"jetpack_social_options":{"image_generator_settings":{"template":"highway","default_image_id":0,"font":"","enabled":false},"version":2}},"categories":[3],"tags":[10143,10345,3524,10487,737,10842,1438,2615,10238,4626,10120,10663,10121,10142,10098,2449,4625],"class_list":["post-12088","post","type-post","status-publish","format-standard","has-post-thumbnail","hentry","category-dpc","tag-10143","tag-arbre","tag-aurore","tag-basilique-du-sacre-coeur","tag-bleu","tag-branche","tag-ef-50-mm-f14-usm","tag-eos-5d-mark-ii","tag-eglise","tag-elusive","tag-france","tag-hiver","tag-ile-de-france","tag-montmartre","tag-paris","tag-rue-du-mont-cenis","tag-scott-matthews"],"acf":[],"geo":{"latitude":48.8874588,"longitude":2.3416541,"description":"10 Square du Mont Cenis, 75018 Paris, France"},"jetpack_publicize_connections":[],"jetpack_featured_media_url":"https:\/\/www.wallendorff.com\/belogue\/wp-content\/uploads\/2015\/04\/201101251.jpg","jetpack_shortlink":"https:\/\/wp.me\/p3b35P-38Y","jetpack_sharing_enabled":true,"jetpack-related-posts":[{"id":11585,"url":"https:\/\/www.wallendorff.com\/belogue\/2011\/01\/13\/parc-mont-seau\/","url_meta":{"origin":12088,"position":0},"title":"Parc mont-seau.","author":"dpc","date":"13 janvier 2011","format":false,"excerpt":"Rue du Mont-Cenis, Paris, 20 novembre 2010. \u00ab\u00a0Mont-seau\u00a0\u00bb parce qu'au milieu du square il y a un ch\u00e2teau d'eau et que \u00e7a sonne comme Monceau. D'o\u00f9 dr\u00f4le, d'o\u00f9 lol mdr rophlmao poney poney. Enfin normalement. Hum. \u00a0Amanda Palmer \u2013 I Will Follow You into the Dark (Death Cab for Cutie\u2026","rel":"","context":"Dans &quot;DPC&quot;","block_context":{"text":"DPC","link":"https:\/\/www.wallendorff.com\/belogue\/category\/dpc\/"},"img":{"alt_text":"","src":"https:\/\/i0.wp.com\/www.wallendorff.com\/belogue\/wp-content\/uploads\/2015\/04\/201101131.jpg?resize=350%2C200&ssl=1","width":350,"height":200},"classes":[]},{"id":1247,"url":"https:\/\/www.wallendorff.com\/belogue\/2008\/06\/11\/l-fers-luisent-trio\/","url_meta":{"origin":12088,"position":1},"title":"L\u00e0, fers luisent \u2015 (trio)\u00b9","author":"dpc","date":"11 juin 2008","format":false,"excerpt":"Rue du Mont Cenis, Paris, 12 avril. Sinon Nick Jago [re]quitte BRMC. \u00a0Interpol \u2013 Untitled _____ 1 Certain d'avoir d\u00e9j\u00e0 fait un jeu de mot avec, mais impossible de remettre la main dessus.","rel":"","context":"Dans &quot;DPC&quot;","block_context":{"text":"DPC","link":"https:\/\/www.wallendorff.com\/belogue\/category\/dpc\/"},"img":{"alt_text":"","src":"https:\/\/i0.wp.com\/www.wallendorff.com\/belogue\/wp-content\/uploads\/2015\/04\/200806111.jpg?resize=350%2C200&ssl=1","width":350,"height":200,"srcset":"https:\/\/i0.wp.com\/www.wallendorff.com\/belogue\/wp-content\/uploads\/2015\/04\/200806111.jpg?resize=350%2C200&ssl=1 1x, https:\/\/i0.wp.com\/www.wallendorff.com\/belogue\/wp-content\/uploads\/2015\/04\/200806111.jpg?resize=525%2C300&ssl=1 1.5x, https:\/\/i0.wp.com\/www.wallendorff.com\/belogue\/wp-content\/uploads\/2015\/04\/200806111.jpg?resize=700%2C400&ssl=1 2x"},"classes":[]},{"id":42148,"url":"https:\/\/www.wallendorff.com\/belogue\/2019\/06\/18\/rorbuer\/","url_meta":{"origin":12088,"position":2},"title":"Rorbuer.","author":"dpc","date":"18 juin 2019","format":false,"excerpt":"Nusfjord, 6 mars 2019. \u00a0Elusive Scott Matthews","rel":"","context":"Dans &quot;DPC&quot;","block_context":{"text":"DPC","link":"https:\/\/www.wallendorff.com\/belogue\/category\/dpc\/"},"img":{"alt_text":"Nusfjord, 6 mars 2019.","src":"https:\/\/i0.wp.com\/www.wallendorff.com\/belogue\/wp-content\/uploads\/2019\/06\/20190618.jpg?resize=350%2C200&ssl=1","width":350,"height":200,"srcset":"https:\/\/i0.wp.com\/www.wallendorff.com\/belogue\/wp-content\/uploads\/2019\/06\/20190618.jpg?resize=350%2C200&ssl=1 1x, https:\/\/i0.wp.com\/www.wallendorff.com\/belogue\/wp-content\/uploads\/2019\/06\/20190618.jpg?resize=525%2C300&ssl=1 1.5x, https:\/\/i0.wp.com\/www.wallendorff.com\/belogue\/wp-content\/uploads\/2019\/06\/20190618.jpg?resize=700%2C400&ssl=1 2x, https:\/\/i0.wp.com\/www.wallendorff.com\/belogue\/wp-content\/uploads\/2019\/06\/20190618.jpg?resize=1050%2C600&ssl=1 3x"},"classes":[]},{"id":22968,"url":"https:\/\/www.wallendorff.com\/belogue\/2014\/06\/15\/dix-ans-de-nuits\/","url_meta":{"origin":12088,"position":3},"title":"Dix ans de nuits.","author":"dpc","date":"15 juin 2014","format":false,"excerpt":"Dix ans de noir. Dix ans d'un monde qui appartient \u00e0 ceux qui se couchent tard. [B]r\u00eaves nocturnes. Pine Lake, 5 avril 2004. \u00a0 Previously unreleased #6. State Theater, D\u00e9troit, 10 mai 2004. \u00a0 Lune et tard hier. Ibarron, 21 ao\u00fbt 2005. \u00a0 Photons matent haut. Place de la Concorde,\u2026","rel":"","context":"Dans &quot;DPC&quot;","block_context":{"text":"DPC","link":"https:\/\/www.wallendorff.com\/belogue\/category\/dpc\/"},"img":{"alt_text":"","src":"https:\/\/i0.wp.com\/www.wallendorff.com\/belogue\/wp-content\/uploads\/2015\/04\/201210102.jpg?resize=350%2C200&ssl=1","width":350,"height":200,"srcset":"https:\/\/i0.wp.com\/www.wallendorff.com\/belogue\/wp-content\/uploads\/2015\/04\/201210102.jpg?resize=350%2C200&ssl=1 1x, https:\/\/i0.wp.com\/www.wallendorff.com\/belogue\/wp-content\/uploads\/2015\/04\/201210102.jpg?resize=525%2C300&ssl=1 1.5x, https:\/\/i0.wp.com\/www.wallendorff.com\/belogue\/wp-content\/uploads\/2015\/04\/201210102.jpg?resize=700%2C400&ssl=1 2x"},"classes":[]},{"id":110630,"url":"https:\/\/www.wallendorff.com\/belogue\/2023\/01\/31\/janvier-2023\/","url_meta":{"origin":12088,"position":4},"title":"Janvier 2023.","author":"dpc","date":"31 janvier 2023","format":false,"excerpt":"Un r\u00e9veillon, un lac, une autoroute, un ap\u00e9ro, un gros chausson, un sapin de No\u00ebl, des photographes, une fin de spectacle, des pipes, un m\u00e9tro, des tours Eiffel en plastique, un mus\u00e9e, une passerelle, un violoncelle, un escalier, une \u00e9glise, un tigre douillet, un no\u00ebl du livre, un graffiti, une\u2026","rel":"","context":"Dans &quot;Blog-note&quot;","block_context":{"text":"Blog-note","link":"https:\/\/www.wallendorff.com\/belogue\/category\/blog-note\/"},"img":{"alt_text":"","src":"https:\/\/i0.wp.com\/www.wallendorff.com\/belogue\/wp-content\/uploads\/2023\/02\/20230215-62.jpg?resize=350%2C200&ssl=1","width":350,"height":200,"srcset":"https:\/\/i0.wp.com\/www.wallendorff.com\/belogue\/wp-content\/uploads\/2023\/02\/20230215-62.jpg?resize=350%2C200&ssl=1 1x, https:\/\/i0.wp.com\/www.wallendorff.com\/belogue\/wp-content\/uploads\/2023\/02\/20230215-62.jpg?resize=525%2C300&ssl=1 1.5x, https:\/\/i0.wp.com\/www.wallendorff.com\/belogue\/wp-content\/uploads\/2023\/02\/20230215-62.jpg?resize=700%2C400&ssl=1 2x, https:\/\/i0.wp.com\/www.wallendorff.com\/belogue\/wp-content\/uploads\/2023\/02\/20230215-62.jpg?resize=1050%2C600&ssl=1 3x"},"classes":[]},{"id":46544,"url":"https:\/\/www.wallendorff.com\/belogue\/2020\/06\/30\/juin-2020\/","url_meta":{"origin":12088,"position":5},"title":"Juin 2020.","author":"dpc","date":"30 juin 2020","format":false,"excerpt":"Une terrasse, un bar, un toutou, un m\u00e9tro, une \u00e9glise, un passage, un banc, un train, une pleine lune, un chat pr\u00e9nomm\u00e9 Jean-Luc, un train, un parvis, une rue, une vitrine, une \u00e9glise, une statue, un toutou, un quai, des coins-coins, une terrasse, un chat pr\u00e9nomm\u00e9 Salmigondis, une mairie, un\u2026","rel":"","context":"Dans &quot;Blog-note&quot;","block_context":{"text":"Blog-note","link":"https:\/\/www.wallendorff.com\/belogue\/category\/blog-note\/"},"img":{"alt_text":"","src":"https:\/\/i0.wp.com\/www.wallendorff.com\/belogue\/wp-content\/uploads\/2020\/08\/20200728-50.jpg?resize=350%2C200&ssl=1","width":350,"height":200,"srcset":"https:\/\/i0.wp.com\/www.wallendorff.com\/belogue\/wp-content\/uploads\/2020\/08\/20200728-50.jpg?resize=350%2C200&ssl=1 1x, https:\/\/i0.wp.com\/www.wallendorff.com\/belogue\/wp-content\/uploads\/2020\/08\/20200728-50.jpg?resize=525%2C300&ssl=1 1.5x, https:\/\/i0.wp.com\/www.wallendorff.com\/belogue\/wp-content\/uploads\/2020\/08\/20200728-50.jpg?resize=700%2C400&ssl=1 2x, https:\/\/i0.wp.com\/www.wallendorff.com\/belogue\/wp-content\/uploads\/2020\/08\/20200728-50.jpg?resize=1050%2C600&ssl=1 3x"},"classes":[]}],"_links":{"self":[{"href":"https:\/\/www.wallendorff.com\/belogue\/wp-json\/wp\/v2\/posts\/12088","targetHints":{"allow":["GET"]}}],"collection":[{"href":"https:\/\/www.wallendorff.com\/belogue\/wp-json\/wp\/v2\/posts"}],"about":[{"href":"https:\/\/www.wallendorff.com\/belogue\/wp-json\/wp\/v2\/types\/post"}],"author":[{"embeddable":true,"href":"https:\/\/www.wallendorff.com\/belogue\/wp-json\/wp\/v2\/users\/1"}],"replies":[{"embeddable":true,"href":"https:\/\/www.wallendorff.com\/belogue\/wp-json\/wp\/v2\/comments?post=12088"}],"version-history":[{"count":1,"href":"https:\/\/www.wallendorff.com\/belogue\/wp-json\/wp\/v2\/posts\/12088\/revisions"}],"predecessor-version":[{"id":15396,"href":"https:\/\/www.wallendorff.com\/belogue\/wp-json\/wp\/v2\/posts\/12088\/revisions\/15396"}],"wp:featuredmedia":[{"embeddable":true,"href":"https:\/\/www.wallendorff.com\/belogue\/wp-json\/wp\/v2\/media\/26073"}],"wp:attachment":[{"href":"https:\/\/www.wallendorff.com\/belogue\/wp-json\/wp\/v2\/media?parent=12088"}],"wp:term":[{"taxonomy":"category","embeddable":true,"href":"https:\/\/www.wallendorff.com\/belogue\/wp-json\/wp\/v2\/categories?post=12088"},{"taxonomy":"post_tag","embeddable":true,"href":"https:\/\/www.wallendorff.com\/belogue\/wp-json\/wp\/v2\/tags?post=12088"}],"curies":[{"name":"wp","href":"https:\/\/api.w.org\/{rel}","templated":true}]}}