{"id":1203,"date":"2008-04-11T08:49:52","date_gmt":"2008-04-11T08:49:52","guid":{"rendered":"http:\/\/www.po-l.com\/wordpress\/?p=1203"},"modified":"2012-03-02T11:45:04","modified_gmt":"2012-03-02T09:45:04","slug":"linkin-park-vegastar-le-galaxie-amnville-17-janvier","status":"publish","type":"post","link":"https:\/\/www.wallendorff.com\/belogue\/2008\/04\/11\/linkin-park-vegastar-le-galaxie-amnville-17-janvier\/","title":{"rendered":"Linkin Park + Vegastar @ le Galaxie, Amn\u00e9ville, 17 janvier."},"content":{"rendered":"\n<div id=\"photo\">\n<p><img decoding=\"async\" src=\"https:\/\/www.wallendorff.com\/belogue\/photo\/2008\/04\/20080411.jpg\" \/><\/p>\n<\/p><\/div>\n<p style=\"text-align:right\">Mouarf.<\/p>\n<div id=\"bandeson\">\n<p><img decoding=\"async\" src=\"https:\/\/www.wallendorff.com\/belogue\/photo\/pochettes\/b\/black_keys_the-attack_and_release.jpg\" align=\"left\" \/>&nbsp;<a href=\"http:\/\/www.theblackkeys.com\/\">The Black Keys<\/a> &ndash; <em>Remember When<\/em> (side B)<\/p>\n<\/p><\/div>\n<h1>Vegastar<\/h1>ngg_shortcode_0_placeholder<h1>Linkin Park<\/h1>ngg_shortcode_1_placeholder","protected":false},"excerpt":{"rendered":"<p>Mouarf. &nbsp;The Black Keys &ndash; Remember When (side B) Vegastar Linkin Park<\/p>\n","protected":false},"author":1,"featured_media":25128,"comment_status":"open","ping_status":"open","sticky":false,"template":"","format":"standard","meta":{"_acf_changed":false,"ngg_post_thumbnail":0,"jetpack_post_was_ever_published":false,"_jetpack_newsletter_access":"","_jetpack_dont_email_post_to_subs":false,"_jetpack_newsletter_tier_id":0,"_jetpack_memberships_contains_paywalled_content":false,"_jetpack_memberships_contains_paid_content":false,"footnotes":"","jetpack_publicize_message":"","jetpack_publicize_feature_enabled":true,"jetpack_social_post_already_shared":false,"jetpack_social_options":{"image_generator_settings":{"template":"highway","default_image_id":0,"font":"","enabled":false},"version":2}},"categories":[7],"tags":[203,10084,10087,196,181,187,10120,21,10146,10175,10174,2369,10396,2368],"class_list":["post-1203","post","type-post","status-publish","format-standard","has-post-thumbnail","hentry","category-alive","tag-203","tag-alive","tag-amneville","tag-ef-28-70-mm-f28l-usm","tag-ef-70-200-mm-f28l-usm","tag-eos-1d-mark-ii","tag-france","tag-le-galaxie","tag-linkin-park","tag-lorraine","tag-moselle","tag-remember-when-side-b","tag-the-black-keys","tag-vegastar"],"acf":[],"geo":{"latitude":49.2457733,"longitude":6.1281395,"description":"57360 Amn\u00e9ville, France"},"jetpack_publicize_connections":[],"jetpack_featured_media_url":"https:\/\/www.wallendorff.com\/belogue\/wp-content\/uploads\/2015\/04\/200804111.jpg","jetpack_shortlink":"https:\/\/wp.me\/p3b35P-jp","jetpack_sharing_enabled":true,"jetpack-related-posts":[{"id":1142,"url":"https:\/\/www.wallendorff.com\/belogue\/2008\/01\/19\/linkin-park-le-galaxie-amnville-17-janvier\/","url_meta":{"origin":1203,"position":0},"title":"Linkin Park @ le Galaxie, Amn\u00e9ville, 17 janvier.","author":"dpc","date":"19 janvier 2008","format":false,"excerpt":"Je sais que c'est mal, mais je n'y peux rien. Les concerts de Linkin Park, j'aime \u00e7a. \u00a0Foo Fighters \u2013 Long Road to Ruin","rel":"","context":"Dans &quot;Alive&quot;","block_context":{"text":"Alive","link":"https:\/\/www.wallendorff.com\/belogue\/category\/alive\/"},"img":{"alt_text":"","src":"https:\/\/i0.wp.com\/www.wallendorff.com\/belogue\/wp-content\/uploads\/2015\/04\/200801191.jpg?resize=350%2C200&ssl=1","width":350,"height":200,"srcset":"https:\/\/i0.wp.com\/www.wallendorff.com\/belogue\/wp-content\/uploads\/2015\/04\/200801191.jpg?resize=350%2C200&ssl=1 1x, https:\/\/i0.wp.com\/www.wallendorff.com\/belogue\/wp-content\/uploads\/2015\/04\/200801191.jpg?resize=525%2C300&ssl=1 1.5x, https:\/\/i0.wp.com\/www.wallendorff.com\/belogue\/wp-content\/uploads\/2015\/04\/200801191.jpg?resize=700%2C400&ssl=1 2x"},"classes":[]},{"id":23559,"url":"https:\/\/www.wallendorff.com\/belogue\/2014\/11\/17\/linkin-park-bercy-arena-paris\/","url_meta":{"origin":1203,"position":1},"title":"Linkin Park @ Bercy Ar\u00e9na, Paris.","author":"dpc","date":"17 novembre 2014","format":false,"excerpt":"\u00a0","rel":"","context":"Dans &quot;Alive&quot;","block_context":{"text":"Alive","link":"https:\/\/www.wallendorff.com\/belogue\/category\/alive\/"},"img":{"alt_text":"","src":"https:\/\/i0.wp.com\/www.wallendorff.com\/belogue\/wp-content\/uploads\/2015\/04\/201411171.jpg?resize=350%2C200&ssl=1","width":350,"height":200,"srcset":"https:\/\/i0.wp.com\/www.wallendorff.com\/belogue\/wp-content\/uploads\/2015\/04\/201411171.jpg?resize=350%2C200&ssl=1 1x, https:\/\/i0.wp.com\/www.wallendorff.com\/belogue\/wp-content\/uploads\/2015\/04\/201411171.jpg?resize=525%2C300&ssl=1 1.5x, https:\/\/i0.wp.com\/www.wallendorff.com\/belogue\/wp-content\/uploads\/2015\/04\/201411171.jpg?resize=700%2C400&ssl=1 2x"},"classes":[]},{"id":9710,"url":"https:\/\/www.wallendorff.com\/belogue\/2010\/10\/26\/linkin-park-pop-bercy-paris\/","url_meta":{"origin":1203,"position":2},"title":"Linkin Park @ Palais omnisports de Paris-Bercy.","author":"dpc","date":"26 octobre 2010","format":false,"excerpt":"The Requiem | Wretches and Kings | Papercut | Given Up | New Divide | Faint | Empty Spaces | When They Come for Me | No More Sorrow | Jornada del Muerto | Waiting for the End | Wisdom, Justice, and Love | Iridescent | Numb | The Radiance\u2026","rel":"","context":"Dans &quot;Alive&quot;","block_context":{"text":"Alive","link":"https:\/\/www.wallendorff.com\/belogue\/category\/alive\/"},"img":{"alt_text":"","src":"https:\/\/i0.wp.com\/www.wallendorff.com\/belogue\/wp-content\/uploads\/2015\/04\/201010261.jpg?resize=350%2C200&ssl=1","width":350,"height":200,"srcset":"https:\/\/i0.wp.com\/www.wallendorff.com\/belogue\/wp-content\/uploads\/2015\/04\/201010261.jpg?resize=350%2C200&ssl=1 1x, https:\/\/i0.wp.com\/www.wallendorff.com\/belogue\/wp-content\/uploads\/2015\/04\/201010261.jpg?resize=525%2C300&ssl=1 1.5x, https:\/\/i0.wp.com\/www.wallendorff.com\/belogue\/wp-content\/uploads\/2015\/04\/201010261.jpg?resize=700%2C400&ssl=1 2x"},"classes":[]},{"id":34424,"url":"https:\/\/www.wallendorff.com\/belogue\/2017\/07\/21\/download-festival-bretigny-sur-orge-9-11-juin\/","url_meta":{"origin":1203,"position":3},"title":"Download Festival, Br\u00e9tigny-sur-Orge, 9 \u2013 11 juin.","author":"dpc","date":"21 juillet 2017","format":false,"excerpt":"J'avais pr\u00e9par\u00e9 ces photos, la semaine derni\u00e8re, en attendant de pouvoir les publier. Elles contient ma derni\u00e8re s\u00e9rie de Linkin Park. Ce matin, elles n'ont plus le m\u00eame go\u00fbt. Vendredi 9 juin Samedi 10 juin Dimanche 11 juin","rel":"","context":"Dans &quot;Alive&quot;","block_context":{"text":"Alive","link":"https:\/\/www.wallendorff.com\/belogue\/category\/alive\/"},"img":{"alt_text":"","src":"https:\/\/i0.wp.com\/www.wallendorff.com\/belogue\/wp-content\/uploads\/2017\/07\/20170717-20.jpg?resize=350%2C200&ssl=1","width":350,"height":200,"srcset":"https:\/\/i0.wp.com\/www.wallendorff.com\/belogue\/wp-content\/uploads\/2017\/07\/20170717-20.jpg?resize=350%2C200&ssl=1 1x, https:\/\/i0.wp.com\/www.wallendorff.com\/belogue\/wp-content\/uploads\/2017\/07\/20170717-20.jpg?resize=525%2C300&ssl=1 1.5x, https:\/\/i0.wp.com\/www.wallendorff.com\/belogue\/wp-content\/uploads\/2017\/07\/20170717-20.jpg?resize=700%2C400&ssl=1 2x"},"classes":[]},{"id":965,"url":"https:\/\/www.wallendorff.com\/belogue\/2007\/05\/31\/199linkin-park-pop-bercy-paris\/","url_meta":{"origin":1203,"position":4},"title":"[199] &#8211; Linkin Park @ Palais omnisports de Paris-Bercy.","author":"dpc","date":"31 mai 2007","format":false,"excerpt":"Pour une fois que l'\u00e9toile rouge est d\u00e9j\u00e0 sur la photo, autant en profiter, hein. \u00a0The White Stripes \u2013 Who's to Say (Blanche cover)1 _____ 1 Puisqu'Icky Thump n'en finit pas de ne pas fuir sur Internet, \u00e0 3 semaines \u00e0 peine de la sortie de l'album (ce qui constitue\u2026","rel":"","context":"Dans &quot;Alive&quot;","block_context":{"text":"Alive","link":"https:\/\/www.wallendorff.com\/belogue\/category\/alive\/"},"img":{"alt_text":"","src":"https:\/\/i0.wp.com\/www.wallendorff.com\/belogue\/wp-content\/uploads\/2015\/04\/200705311.jpg?resize=350%2C200&ssl=1","width":350,"height":200,"srcset":"https:\/\/i0.wp.com\/www.wallendorff.com\/belogue\/wp-content\/uploads\/2015\/04\/200705311.jpg?resize=350%2C200&ssl=1 1x, https:\/\/i0.wp.com\/www.wallendorff.com\/belogue\/wp-content\/uploads\/2015\/04\/200705311.jpg?resize=525%2C300&ssl=1 1.5x, https:\/\/i0.wp.com\/www.wallendorff.com\/belogue\/wp-content\/uploads\/2015\/04\/200705311.jpg?resize=700%2C400&ssl=1 2x"},"classes":[]},{"id":847,"url":"https:\/\/www.wallendorff.com\/belogue\/2003\/10\/20\/placebo-le-galaxie-amneville\/","url_meta":{"origin":1203,"position":5},"title":"Placebo @ le Galaxie, Amn\u00e9ville.","author":"dpc","date":"20 octobre 2003","format":false,"excerpt":"Le trio anglais n'y est pas all\u00e9 par quatre chemins pour imposer son quintette. Un quintette compos\u00e9 de nos trois gars et de MM. Xavier Roide et Bill \u00ab\u00a0Toxico de r\u00e9sidence\u00a0\u00bb Loyd en guise de soutien. Leur renfort apporte \u00e0 l'ensemble un bon gros son, plus fourni (voire trop sur\u2026","rel":"","context":"Dans &quot;Alive&quot;","block_context":{"text":"Alive","link":"https:\/\/www.wallendorff.com\/belogue\/category\/alive\/"},"img":{"alt_text":"","src":"","width":0,"height":0},"classes":[]}],"_links":{"self":[{"href":"https:\/\/www.wallendorff.com\/belogue\/wp-json\/wp\/v2\/posts\/1203","targetHints":{"allow":["GET"]}}],"collection":[{"href":"https:\/\/www.wallendorff.com\/belogue\/wp-json\/wp\/v2\/posts"}],"about":[{"href":"https:\/\/www.wallendorff.com\/belogue\/wp-json\/wp\/v2\/types\/post"}],"author":[{"embeddable":true,"href":"https:\/\/www.wallendorff.com\/belogue\/wp-json\/wp\/v2\/users\/1"}],"replies":[{"embeddable":true,"href":"https:\/\/www.wallendorff.com\/belogue\/wp-json\/wp\/v2\/comments?post=1203"}],"version-history":[{"count":3,"href":"https:\/\/www.wallendorff.com\/belogue\/wp-json\/wp\/v2\/posts\/1203\/revisions"}],"predecessor-version":[{"id":16176,"href":"https:\/\/www.wallendorff.com\/belogue\/wp-json\/wp\/v2\/posts\/1203\/revisions\/16176"}],"wp:featuredmedia":[{"embeddable":true,"href":"https:\/\/www.wallendorff.com\/belogue\/wp-json\/wp\/v2\/media\/25128"}],"wp:attachment":[{"href":"https:\/\/www.wallendorff.com\/belogue\/wp-json\/wp\/v2\/media?parent=1203"}],"wp:term":[{"taxonomy":"category","embeddable":true,"href":"https:\/\/www.wallendorff.com\/belogue\/wp-json\/wp\/v2\/categories?post=1203"},{"taxonomy":"post_tag","embeddable":true,"href":"https:\/\/www.wallendorff.com\/belogue\/wp-json\/wp\/v2\/tags?post=1203"}],"curies":[{"name":"wp","href":"https:\/\/api.w.org\/{rel}","templated":true}]}}