{"id":1202,"date":"2008-04-10T09:37:13","date_gmt":"2008-04-10T09:37:13","guid":{"rendered":"http:\/\/www.po-l.com\/wordpress\/?p=1202"},"modified":"2012-03-01T10:50:56","modified_gmt":"2012-03-01T08:50:56","slug":"lustre-eut-crux","status":"publish","type":"post","link":"https:\/\/www.wallendorff.com\/belogue\/2008\/04\/10\/lustre-eut-crux\/","title":{"rendered":"Lustre eut cr\u00fb."},"content":{"rendered":"<div id=\"photo\">\n<p><img decoding=\"async\" src=\"https:\/\/www.wallendorff.com\/belogue\/photo\/2008\/04\/20080410.jpg\" \/><br \/>\n &Eacute;glise Sainte Clotilde, Paris, 21 f&eacute;vrier.<\/p>\n<\/div>\n<p style=\"text-align:right\">Mouarf.<\/p>\n<div id=\"bandeson\">\n<p><img decoding=\"async\" src=\"https:\/\/www.wallendorff.com\/belogue\/photo\/pochettes\/a\/air_traffic-fractured_life.jpg\" align=\"left\" \/>&nbsp;<a href=\"http:\/\/www.airtraffic.co.uk\">Air Traffic<\/a> &ndash; <em>No More Running Away<\/em><\/p>\n<\/p><\/div>\n","protected":false},"excerpt":{"rendered":"<p>&Eacute;glise Sainte Clotilde, Paris, 21 f&eacute;vrier. Mouarf. &nbsp;Air Traffic &ndash; No More Running Away<\/p>\n","protected":false},"author":1,"featured_media":25127,"comment_status":"open","ping_status":"open","sticky":false,"template":"","format":"standard","meta":{"_acf_changed":false,"ngg_post_thumbnail":0,"jetpack_post_was_ever_published":false,"_jetpack_newsletter_access":"","_jetpack_dont_email_post_to_subs":false,"_jetpack_newsletter_tier_id":0,"_jetpack_memberships_contains_paywalled_content":false,"_jetpack_memberships_contains_paid_content":false,"footnotes":"","jetpack_publicize_message":"","jetpack_publicize_feature_enabled":true,"jetpack_social_post_already_shared":false,"jetpack_social_options":{"image_generator_settings":{"template":"highway","default_image_id":0,"font":"","enabled":false},"version":2}},"categories":[3],"tags":[10235,2138,142,132,10238,2366,10120,10121,10278,2367,10098],"class_list":["post-1202","post","type-post","status-publish","format-standard","has-post-thumbnail","hentry","category-dpc","tag-10235","tag-air-traffic","tag-ef-s-10-22-mm-f35-45-usm","tag-eos-20d","tag-eglise","tag-eglise-sainte-clotilde","tag-france","tag-ile-de-france","tag-lampadaire","tag-no-more-running-away","tag-paris"],"acf":[],"geo":{"latitude":48.8587723,"longitude":2.3196869,"description":null},"jetpack_publicize_connections":[],"jetpack_featured_media_url":"https:\/\/www.wallendorff.com\/belogue\/wp-content\/uploads\/2015\/04\/200804101.jpg","jetpack_shortlink":"https:\/\/wp.me\/p3b35P-jo","jetpack_sharing_enabled":true,"jetpack-related-posts":[{"id":135723,"url":"https:\/\/www.wallendorff.com\/belogue\/2026\/04\/08\/perissent-ils\/","url_meta":{"origin":1202,"position":0},"title":"P\u00e9rissent-ils.","author":"dpc","date":"8 avril 2026","format":false,"excerpt":"Place de la Madeleine, Paris, 26 janvier 2026.","rel":"","context":"Dans &quot;DPC&quot;","block_context":{"text":"DPC","link":"https:\/\/www.wallendorff.com\/belogue\/category\/dpc\/"},"img":{"alt_text":"","src":"https:\/\/i0.wp.com\/www.wallendorff.com\/belogue\/wp-content\/uploads\/2026\/04\/20260408.jpg?resize=350%2C200&ssl=1","width":350,"height":200,"srcset":"https:\/\/i0.wp.com\/www.wallendorff.com\/belogue\/wp-content\/uploads\/2026\/04\/20260408.jpg?resize=350%2C200&ssl=1 1x, https:\/\/i0.wp.com\/www.wallendorff.com\/belogue\/wp-content\/uploads\/2026\/04\/20260408.jpg?resize=525%2C300&ssl=1 1.5x, https:\/\/i0.wp.com\/www.wallendorff.com\/belogue\/wp-content\/uploads\/2026\/04\/20260408.jpg?resize=700%2C400&ssl=1 2x, https:\/\/i0.wp.com\/www.wallendorff.com\/belogue\/wp-content\/uploads\/2026\/04\/20260408.jpg?resize=1050%2C600&ssl=1 3x"},"classes":[]},{"id":9288,"url":"https:\/\/www.wallendorff.com\/belogue\/2010\/09\/21\/plus-austere-culte\/","url_meta":{"origin":1202,"position":1},"title":"Plus aust\u00e8re culte.","author":"dpc","date":"21 septembre 2010","format":false,"excerpt":"Locronan, 24 juillet. Suis quand m\u00eame bal\u00e8ze pour mettre en avant le charme et la joie de vivre qui r\u00e8gnent dans les endroits que je fr\u00e9quente, hein. \u00a0The Delgados \u2013 I Fought the Angels","rel":"","context":"Dans &quot;DPC&quot;","block_context":{"text":"DPC","link":"https:\/\/www.wallendorff.com\/belogue\/category\/dpc\/"},"img":{"alt_text":"","src":"https:\/\/i0.wp.com\/www.wallendorff.com\/belogue\/wp-content\/uploads\/2015\/04\/201009211.jpg?resize=350%2C200&ssl=1","width":350,"height":200},"classes":[]},{"id":999,"url":"https:\/\/www.wallendorff.com\/belogue\/2007\/07\/24\/le-dement-chat-boit-ma-kro\/","url_meta":{"origin":1202,"position":2},"title":"Le d\u00e9ment chat boit ma Kro.","author":"dpc","date":"24 juillet 2007","format":false,"excerpt":"\u00c9glise Sainte-Mireille, Haybes, 7 juillet. Finalement, les gens de dos, \u00e7a marche aussi bien dans les \u00e9glises que dans les ruelles. Sans compter que dans une \u00e9glise, il y a des orgues, alors que dans les ruelles non, donc avec une ruelle on ne peut poster de bande-son \u00e0 orgue\u2026","rel":"","context":"Dans &quot;DPC&quot;","block_context":{"text":"DPC","link":"https:\/\/www.wallendorff.com\/belogue\/category\/dpc\/"},"img":{"alt_text":"","src":"https:\/\/i0.wp.com\/www.wallendorff.com\/belogue\/wp-content\/uploads\/2015\/04\/200707241.jpg?resize=350%2C200&ssl=1","width":350,"height":200,"srcset":"https:\/\/i0.wp.com\/www.wallendorff.com\/belogue\/wp-content\/uploads\/2015\/04\/200707241.jpg?resize=350%2C200&ssl=1 1x, https:\/\/i0.wp.com\/www.wallendorff.com\/belogue\/wp-content\/uploads\/2015\/04\/200707241.jpg?resize=525%2C300&ssl=1 1.5x"},"classes":[]},{"id":230,"url":"https:\/\/www.wallendorff.com\/belogue\/2005\/12\/26\/fleche-m-attiche-a-langue-leche-2\/","url_meta":{"origin":1202,"position":3},"title":"Fl&egrave;che m&rsquo;attiche [&agrave; langue l&egrave;che].","author":"dpc","date":"26 d\u00e9cembre 2005","format":false,"excerpt":"Boulevard Saint-Michel, Paris, 24 d\u00e9cembre. Alors l\u00e0, avec un truc pareil, j'ai tout \u00e0 coup la folle impression que mon mojo du titre est revenu. [C'est con, hein?] \u00a0The Black Crowes \u2014 Remedy (live acoustic)","rel":"","context":"Dans &quot;DPC&quot;","block_context":{"text":"DPC","link":"https:\/\/www.wallendorff.com\/belogue\/category\/dpc\/"},"img":{"alt_text":"","src":"https:\/\/i0.wp.com\/www.wallendorff.com\/belogue\/wp-content\/uploads\/2015\/04\/200512261.jpg?resize=350%2C200&ssl=1","width":350,"height":200},"classes":[]},{"id":135994,"url":"https:\/\/www.wallendorff.com\/belogue\/2026\/04\/27\/pierres-belle-mare\/","url_meta":{"origin":1202,"position":4},"title":"Pierres, belle mare.","author":"dpc","date":"27 avril 2026","format":false,"excerpt":"Port de Montebello, Paris, 6 f\u00e9vrier 2026.","rel":"","context":"Dans &quot;DPC&quot;","block_context":{"text":"DPC","link":"https:\/\/www.wallendorff.com\/belogue\/category\/dpc\/"},"img":{"alt_text":"","src":"https:\/\/i0.wp.com\/www.wallendorff.com\/belogue\/wp-content\/uploads\/2026\/04\/20260427.jpg?resize=350%2C200&ssl=1","width":350,"height":200,"srcset":"https:\/\/i0.wp.com\/www.wallendorff.com\/belogue\/wp-content\/uploads\/2026\/04\/20260427.jpg?resize=350%2C200&ssl=1 1x, https:\/\/i0.wp.com\/www.wallendorff.com\/belogue\/wp-content\/uploads\/2026\/04\/20260427.jpg?resize=525%2C300&ssl=1 1.5x, https:\/\/i0.wp.com\/www.wallendorff.com\/belogue\/wp-content\/uploads\/2026\/04\/20260427.jpg?resize=700%2C400&ssl=1 2x"},"classes":[]},{"id":130781,"url":"https:\/\/www.wallendorff.com\/belogue\/2024\/10\/10\/reinstallation-de-la-croix-du-chevet-de-notre-dame\/","url_meta":{"origin":1202,"position":5},"title":"R\u00e9installation de la croix du chevet de Notre-Dame","author":"dpc","date":"10 octobre 2024","format":false,"excerpt":"","rel":"","context":"Dans &quot;DPC&quot;","block_context":{"text":"DPC","link":"https:\/\/www.wallendorff.com\/belogue\/category\/dpc\/"},"img":{"alt_text":"","src":"https:\/\/i0.wp.com\/www.wallendorff.com\/belogue\/wp-content\/uploads\/2024\/10\/20241010-23.jpg?resize=350%2C200&ssl=1","width":350,"height":200,"srcset":"https:\/\/i0.wp.com\/www.wallendorff.com\/belogue\/wp-content\/uploads\/2024\/10\/20241010-23.jpg?resize=350%2C200&ssl=1 1x, https:\/\/i0.wp.com\/www.wallendorff.com\/belogue\/wp-content\/uploads\/2024\/10\/20241010-23.jpg?resize=525%2C300&ssl=1 1.5x, https:\/\/i0.wp.com\/www.wallendorff.com\/belogue\/wp-content\/uploads\/2024\/10\/20241010-23.jpg?resize=700%2C400&ssl=1 2x, https:\/\/i0.wp.com\/www.wallendorff.com\/belogue\/wp-content\/uploads\/2024\/10\/20241010-23.jpg?resize=1050%2C600&ssl=1 3x"},"classes":[]}],"_links":{"self":[{"href":"https:\/\/www.wallendorff.com\/belogue\/wp-json\/wp\/v2\/posts\/1202","targetHints":{"allow":["GET"]}}],"collection":[{"href":"https:\/\/www.wallendorff.com\/belogue\/wp-json\/wp\/v2\/posts"}],"about":[{"href":"https:\/\/www.wallendorff.com\/belogue\/wp-json\/wp\/v2\/types\/post"}],"author":[{"embeddable":true,"href":"https:\/\/www.wallendorff.com\/belogue\/wp-json\/wp\/v2\/users\/1"}],"replies":[{"embeddable":true,"href":"https:\/\/www.wallendorff.com\/belogue\/wp-json\/wp\/v2\/comments?post=1202"}],"version-history":[{"count":1,"href":"https:\/\/www.wallendorff.com\/belogue\/wp-json\/wp\/v2\/posts\/1202\/revisions"}],"predecessor-version":[{"id":16146,"href":"https:\/\/www.wallendorff.com\/belogue\/wp-json\/wp\/v2\/posts\/1202\/revisions\/16146"}],"wp:featuredmedia":[{"embeddable":true,"href":"https:\/\/www.wallendorff.com\/belogue\/wp-json\/wp\/v2\/media\/25127"}],"wp:attachment":[{"href":"https:\/\/www.wallendorff.com\/belogue\/wp-json\/wp\/v2\/media?parent=1202"}],"wp:term":[{"taxonomy":"category","embeddable":true,"href":"https:\/\/www.wallendorff.com\/belogue\/wp-json\/wp\/v2\/categories?post=1202"},{"taxonomy":"post_tag","embeddable":true,"href":"https:\/\/www.wallendorff.com\/belogue\/wp-json\/wp\/v2\/tags?post=1202"}],"curies":[{"name":"wp","href":"https:\/\/api.w.org\/{rel}","templated":true}]}}