{"id":1197,"date":"2008-04-05T17:38:31","date_gmt":"2008-04-05T17:38:31","guid":{"rendered":"http:\/\/www.po-l.com\/wordpress\/?p=1197"},"modified":"2012-02-26T13:05:56","modified_gmt":"2012-02-26T11:05:56","slug":"kilomtre-3-113","status":"publish","type":"post","link":"https:\/\/www.wallendorff.com\/belogue\/2008\/04\/05\/kilomtre-3-113\/","title":{"rendered":"Kilom\u00e8tre 3 113."},"content":{"rendered":"<div id=\"photo\">\n<p><img decoding=\"async\" src=\"https:\/\/www.wallendorff.com\/belogue\/photo\/2008\/04\/20080405.jpg\" \/><br \/>\nBristol international airport, 4 avril.<\/p>\n<\/div>\n","protected":false},"excerpt":{"rendered":"<p>Bristol international airport, 4 avril.<\/p>\n","protected":false},"author":1,"featured_media":25121,"comment_status":"open","ping_status":"open","sticky":false,"template":"","format":"standard","meta":{"_acf_changed":false,"ngg_post_thumbnail":0,"jetpack_post_was_ever_published":false,"_jetpack_newsletter_access":"","_jetpack_dont_email_post_to_subs":false,"_jetpack_newsletter_tier_id":0,"_jetpack_memberships_contains_paywalled_content":false,"_jetpack_memberships_contains_paid_content":false,"footnotes":"","jetpack_publicize_message":"","jetpack_publicize_feature_enabled":true,"jetpack_social_post_already_shared":false,"jetpack_social_options":{"image_generator_settings":{"template":"highway","default_image_id":0,"font":"","enabled":false},"version":2}},"categories":[3],"tags":[10177,2359,2360,132,143,10342,173],"class_list":["post-1197","post","type-post","status-publish","format-standard","has-post-thumbnail","hentry","category-dpc","tag-aeroport","tag-bristol","tag-bristol-international-airport","tag-eos-20d","tag-noir-et-blanc","tag-royaume-uni","tag-sigma-28-70-mm-f28-dg-ex"],"acf":[],"geo":{"latitude":51.3863029,"longitude":-2.711252,"description":null},"jetpack_publicize_connections":[],"jetpack_featured_media_url":"https:\/\/www.wallendorff.com\/belogue\/wp-content\/uploads\/2015\/04\/200804051.jpg","jetpack_shortlink":"https:\/\/wp.me\/p3b35P-jj","jetpack_sharing_enabled":true,"jetpack-related-posts":[{"id":23041,"url":"https:\/\/www.wallendorff.com\/belogue\/2014\/06\/24\/dix-ans-en-lair\/","url_meta":{"origin":1197,"position":0},"title":"Dix ans en l&rsquo;air.","author":"dpc","date":"24 juin 2014","format":false,"excerpt":"Dix ans d'avion. Dix ans d'a\u00e9roports. Dix ans de transit. Shiphol, three hours, three pics. Schiphol Luchthaven, Amsterdam, 18 d\u00e9cembre 2004. \u00a0 Schiphol Luchthaven, Amsterdam, 16 f\u00e9vrier 2005. \u00a0 Assises bonnes en gare. George Bush Intercontinental Airport, Houston, 27 avril 2007. \u00a0 Kilom\u00e8tre 2\u00a0488. Schiphol Luchthaven, Amsterdam, 2 avril 2008.\u2026","rel":"","context":"Dans &quot;DPC&quot;","block_context":{"text":"DPC","link":"https:\/\/www.wallendorff.com\/belogue\/category\/dpc\/"},"img":{"alt_text":"","src":"https:\/\/i0.wp.com\/www.wallendorff.com\/belogue\/wp-content\/uploads\/2015\/04\/201211013.jpg?resize=350%2C200&ssl=1","width":350,"height":200,"srcset":"https:\/\/i0.wp.com\/www.wallendorff.com\/belogue\/wp-content\/uploads\/2015\/04\/201211013.jpg?resize=350%2C200&ssl=1 1x, https:\/\/i0.wp.com\/www.wallendorff.com\/belogue\/wp-content\/uploads\/2015\/04\/201211013.jpg?resize=525%2C300&ssl=1 1.5x, https:\/\/i0.wp.com\/www.wallendorff.com\/belogue\/wp-content\/uploads\/2015\/04\/201211013.jpg?resize=700%2C400&ssl=1 2x"},"classes":[]},{"id":5217,"url":"https:\/\/www.wallendorff.com\/belogue\/2009\/12\/03\/charters-musicales1\/","url_meta":{"origin":1197,"position":1},"title":"Charters musicales1.","author":"dpc","date":"3 d\u00e9cembre 2009","format":false,"excerpt":"Rue du Moulin Vert, Paris, 27 ao\u00fbt. \u00a0Blood Red Shoes \u2013 Colours Fade Voil\u00e0. Maintenant qu'on a tous bien vu la photo, il est temps de passer au Pris d'une soudaine crise de nationalisme aigu, les minist\u00e8res de la Culture de la plan\u00e8te ont unanimement d\u00e9cid\u00e9 de renvoyer chez eux\u2026","rel":"","context":"Dans &quot;DPC&quot;","block_context":{"text":"DPC","link":"https:\/\/www.wallendorff.com\/belogue\/category\/dpc\/"},"img":{"alt_text":"","src":"https:\/\/i0.wp.com\/www.wallendorff.com\/belogue\/wp-content\/uploads\/2015\/04\/200912031.jpg?resize=350%2C200&ssl=1","width":350,"height":200},"classes":[]},{"id":9781,"url":"https:\/\/www.wallendorff.com\/belogue\/2010\/11\/11\/arlanda-aux-relents-de-dos\/","url_meta":{"origin":1197,"position":2},"title":"Arlanda [aux relents de dos].","author":"dpc","date":"11 novembre 2010","format":false,"excerpt":"A\u00e9roport de Stockholm-Arlanda, 30 ao\u00fbt. The Dandy Warhols \u2013 Pete International Airport","rel":"","context":"Dans &quot;DPC&quot;","block_context":{"text":"DPC","link":"https:\/\/www.wallendorff.com\/belogue\/category\/dpc\/"},"img":{"alt_text":"","src":"https:\/\/i0.wp.com\/www.wallendorff.com\/belogue\/wp-content\/uploads\/2015\/04\/201011111.jpg?resize=350%2C200&ssl=1","width":350,"height":200,"srcset":"https:\/\/i0.wp.com\/www.wallendorff.com\/belogue\/wp-content\/uploads\/2015\/04\/201011111.jpg?resize=350%2C200&ssl=1 1x, https:\/\/i0.wp.com\/www.wallendorff.com\/belogue\/wp-content\/uploads\/2015\/04\/201011111.jpg?resize=525%2C300&ssl=1 1.5x"},"classes":[]},{"id":9646,"url":"https:\/\/www.wallendorff.com\/belogue\/2010\/10\/12\/the-wombats-le-point-ephemere-paris\/","url_meta":{"origin":1197,"position":3},"title":"The Wombats @ le Point \u00c9ph\u00e9m\u00e8re, Paris.","author":"dpc","date":"12 octobre 2010","format":false,"excerpt":"Kill the Director | Party in a Forest (Where's Laura?) | Tokyo (Vampires and Wolves) | Patricia the Stripper | Techno Fan | Schumacher the Champagne | Here Comes the Anxiety | Backfire at the Disco | Jump into the Fog | Anti-D | Moving to New York | Let's\u2026","rel":"","context":"Dans &quot;Alive&quot;","block_context":{"text":"Alive","link":"https:\/\/www.wallendorff.com\/belogue\/category\/alive\/"},"img":{"alt_text":"","src":"https:\/\/i0.wp.com\/www.wallendorff.com\/belogue\/wp-content\/uploads\/2015\/04\/201010121.jpg?resize=350%2C200&ssl=1","width":350,"height":200,"srcset":"https:\/\/i0.wp.com\/www.wallendorff.com\/belogue\/wp-content\/uploads\/2015\/04\/201010121.jpg?resize=350%2C200&ssl=1 1x, https:\/\/i0.wp.com\/www.wallendorff.com\/belogue\/wp-content\/uploads\/2015\/04\/201010121.jpg?resize=525%2C300&ssl=1 1.5x, https:\/\/i0.wp.com\/www.wallendorff.com\/belogue\/wp-content\/uploads\/2015\/04\/201010121.jpg?resize=700%2C400&ssl=1 2x"},"classes":[]},{"id":17085,"url":"https:\/\/www.wallendorff.com\/belogue\/2012\/04\/30\/the-dandy-warhols-lolympia-paris\/","url_meta":{"origin":1197,"position":4},"title":"The Dandy Warhols @ l&rsquo;Olympia, Paris.","author":"dpc","date":"30 avril 2012","format":false,"excerpt":"Mohammed | We Used to Be Friends | Not If You Were the Last Junky on Earth | I Love You | Rest Your Head | Good Morning | The Last High | I Am Free | Enjoy Yourself | Sad Vacation | Well They're Gone | Everyday Should Be\u2026","rel":"","context":"Dans &quot;Alive&quot;","block_context":{"text":"Alive","link":"https:\/\/www.wallendorff.com\/belogue\/category\/alive\/"},"img":{"alt_text":"","src":"https:\/\/i0.wp.com\/www.wallendorff.com\/belogue\/wp-content\/uploads\/2015\/04\/201204301.jpg?resize=350%2C200&ssl=1","width":350,"height":200,"srcset":"https:\/\/i0.wp.com\/www.wallendorff.com\/belogue\/wp-content\/uploads\/2015\/04\/201204301.jpg?resize=350%2C200&ssl=1 1x, https:\/\/i0.wp.com\/www.wallendorff.com\/belogue\/wp-content\/uploads\/2015\/04\/201204301.jpg?resize=525%2C300&ssl=1 1.5x, https:\/\/i0.wp.com\/www.wallendorff.com\/belogue\/wp-content\/uploads\/2015\/04\/201204301.jpg?resize=700%2C400&ssl=1 2x"},"classes":[]},{"id":1194,"url":"https:\/\/www.wallendorff.com\/belogue\/2008\/04\/02\/kilomtre-1-381\/","url_meta":{"origin":1197,"position":5},"title":"Kilom\u00e8tre 1 381.","author":"dpc","date":"2 avril 2008","format":false,"excerpt":"Oslo Airport, Gardermoen, 31 mars.","rel":"","context":"Dans &quot;DPC&quot;","block_context":{"text":"DPC","link":"https:\/\/www.wallendorff.com\/belogue\/category\/dpc\/"},"img":{"alt_text":"","src":"https:\/\/i0.wp.com\/www.wallendorff.com\/belogue\/wp-content\/uploads\/2015\/04\/200804021.jpg?resize=350%2C200&ssl=1","width":350,"height":200},"classes":[]}],"_links":{"self":[{"href":"https:\/\/www.wallendorff.com\/belogue\/wp-json\/wp\/v2\/posts\/1197","targetHints":{"allow":["GET"]}}],"collection":[{"href":"https:\/\/www.wallendorff.com\/belogue\/wp-json\/wp\/v2\/posts"}],"about":[{"href":"https:\/\/www.wallendorff.com\/belogue\/wp-json\/wp\/v2\/types\/post"}],"author":[{"embeddable":true,"href":"https:\/\/www.wallendorff.com\/belogue\/wp-json\/wp\/v2\/users\/1"}],"replies":[{"embeddable":true,"href":"https:\/\/www.wallendorff.com\/belogue\/wp-json\/wp\/v2\/comments?post=1197"}],"version-history":[{"count":1,"href":"https:\/\/www.wallendorff.com\/belogue\/wp-json\/wp\/v2\/posts\/1197\/revisions"}],"predecessor-version":[{"id":16074,"href":"https:\/\/www.wallendorff.com\/belogue\/wp-json\/wp\/v2\/posts\/1197\/revisions\/16074"}],"wp:featuredmedia":[{"embeddable":true,"href":"https:\/\/www.wallendorff.com\/belogue\/wp-json\/wp\/v2\/media\/25121"}],"wp:attachment":[{"href":"https:\/\/www.wallendorff.com\/belogue\/wp-json\/wp\/v2\/media?parent=1197"}],"wp:term":[{"taxonomy":"category","embeddable":true,"href":"https:\/\/www.wallendorff.com\/belogue\/wp-json\/wp\/v2\/categories?post=1197"},{"taxonomy":"post_tag","embeddable":true,"href":"https:\/\/www.wallendorff.com\/belogue\/wp-json\/wp\/v2\/tags?post=1197"}],"curies":[{"name":"wp","href":"https:\/\/api.w.org\/{rel}","templated":true}]}}