{"id":1194,"date":"2008-04-02T00:15:55","date_gmt":"2008-04-02T00:15:55","guid":{"rendered":"http:\/\/www.po-l.com\/wordpress\/?p=1194"},"modified":"2012-02-23T12:12:58","modified_gmt":"2012-02-23T10:12:58","slug":"kilomtre-1-381","status":"publish","type":"post","link":"https:\/\/www.wallendorff.com\/belogue\/2008\/04\/02\/kilomtre-1-381\/","title":{"rendered":"Kilom\u00e8tre 1 381."},"content":{"rendered":"<div id=\"photo\">\n<p><img decoding=\"async\" src=\"https:\/\/www.wallendorff.com\/belogue\/photo\/2008\/04\/20080402.jpg\" \/><br \/>\nOslo Airport, Gardermoen, 31 mars.<\/p>\n<\/div>\n","protected":false},"excerpt":{"rendered":"<p>Oslo Airport, Gardermoen, 31 mars.<\/p>\n","protected":false},"author":1,"featured_media":25118,"comment_status":"open","ping_status":"open","sticky":false,"template":"","format":"standard","meta":{"_acf_changed":false,"ngg_post_thumbnail":0,"jetpack_post_was_ever_published":false,"_jetpack_newsletter_access":"","_jetpack_dont_email_post_to_subs":false,"_jetpack_newsletter_tier_id":0,"_jetpack_memberships_contains_paywalled_content":false,"_jetpack_memberships_contains_paid_content":false,"footnotes":"","jetpack_publicize_message":"","jetpack_publicize_feature_enabled":true,"jetpack_social_post_already_shared":false,"jetpack_social_options":{"image_generator_settings":{"template":"highway","default_image_id":0,"font":"","enabled":false},"version":2}},"categories":[3],"tags":[10177,10176,132,2356,143,2357,10147,2355,173],"class_list":["post-1194","post","type-post","status-publish","format-standard","has-post-thumbnail","hentry","category-dpc","tag-aeroport","tag-avion","tag-eos-20d","tag-gardermoen","tag-noir-et-blanc","tag-norvege","tag-nuit","tag-oslo-airport","tag-sigma-28-70-mm-f28-dg-ex"],"acf":[],"geo":{"latitude":60.1980324,"longitude":11.0944748,"description":"Oslo Airport, 2060 Ullensaker, Norway"},"jetpack_publicize_connections":[],"jetpack_featured_media_url":"https:\/\/www.wallendorff.com\/belogue\/wp-content\/uploads\/2015\/04\/200804021.jpg","jetpack_shortlink":"https:\/\/wp.me\/p3b35P-jg","jetpack_sharing_enabled":true,"jetpack-related-posts":[{"id":3637,"url":"https:\/\/www.wallendorff.com\/belogue\/2008\/12\/01\/on-se-les-cele\/","url_meta":{"origin":1194,"position":0},"title":"On se les c\u00e8le.","author":"dpc","date":"1 d\u00e9cembre 2008","format":false,"excerpt":"Flytoget Station, Oslo Airport, Gardermoen, 16 novembre. Redite de \u00e7a, comme un fait expr\u00e8s. \u00a0 Oasis \u2013 Columbia","rel":"","context":"Dans &quot;DPC&quot;","block_context":{"text":"DPC","link":"https:\/\/www.wallendorff.com\/belogue\/category\/dpc\/"},"img":{"alt_text":"","src":"https:\/\/i0.wp.com\/www.wallendorff.com\/belogue\/wp-content\/uploads\/2015\/04\/200812011.jpg?resize=350%2C200&ssl=1","width":350,"height":200},"classes":[]},{"id":41440,"url":"https:\/\/www.wallendorff.com\/belogue\/2019\/03\/31\/mars-2019\/","url_meta":{"origin":1194,"position":1},"title":"Mars 2019.","author":"dpc","date":"31 mars 2019","format":false,"excerpt":"Un avion, un gros tancarville, un sauna, un coucher de soleil, un avion, un lever de soleil, un dessin, un avion, une voiture, un arbre, un chalet, une \u00e9glise, un d\u00e9jeuner, un village, une bo\u00eete \u00e0 lettres, un lac, un port, un rorbu, un v\u00e9lo, une mouette, un coucher de\u2026","rel":"","context":"Dans &quot;Blog-note&quot;","block_context":{"text":"Blog-note","link":"https:\/\/www.wallendorff.com\/belogue\/category\/blog-note\/"},"img":{"alt_text":"","src":"https:\/\/i0.wp.com\/www.wallendorff.com\/belogue\/wp-content\/uploads\/2019\/04\/20190409-54.jpg?resize=350%2C200&ssl=1","width":350,"height":200,"srcset":"https:\/\/i0.wp.com\/www.wallendorff.com\/belogue\/wp-content\/uploads\/2019\/04\/20190409-54.jpg?resize=350%2C200&ssl=1 1x, https:\/\/i0.wp.com\/www.wallendorff.com\/belogue\/wp-content\/uploads\/2019\/04\/20190409-54.jpg?resize=525%2C300&ssl=1 1.5x, https:\/\/i0.wp.com\/www.wallendorff.com\/belogue\/wp-content\/uploads\/2019\/04\/20190409-54.jpg?resize=700%2C400&ssl=1 2x, https:\/\/i0.wp.com\/www.wallendorff.com\/belogue\/wp-content\/uploads\/2019\/04\/20190409-54.jpg?resize=1050%2C600&ssl=1 3x"},"classes":[]},{"id":3587,"url":"https:\/\/www.wallendorff.com\/belogue\/2008\/11\/19\/lac-a-mer-raz-et-quspleure-letang\/","url_meta":{"origin":1194,"position":2},"title":"Lac \u00e0 mer raz. Et qu&rsquo;s&rsquo;pleure l&rsquo;\u00e9tang1.","author":"dpc","date":"19 novembre 2008","format":false,"excerpt":"Notre \u00e9poque moderne nous offre une multitude d'outils aussi innovants qu'indispensables, dans les rangs desquels figurent en bonne place le Javascript et son cort\u00e8ge de fonctions plus baths les unes que les autres. Aujourd'hui, au travers du magique truchement de la fonction de changeage d'image par survol cyber-rongeur, le Bel\u00f6gue\u2026","rel":"","context":"Dans &quot;DPC&quot;","block_context":{"text":"DPC","link":"https:\/\/www.wallendorff.com\/belogue\/category\/dpc\/"},"img":{"alt_text":"","src":"https:\/\/i0.wp.com\/www.wallendorff.com\/belogue\/wp-content\/uploads\/2015\/04\/200811191.jpg?resize=350%2C200&ssl=1","width":350,"height":200},"classes":[]},{"id":34346,"url":"https:\/\/www.wallendorff.com\/belogue\/2017\/06\/23\/into-the-wide-102\/","url_meta":{"origin":1194,"position":3},"title":"Into the wide #102.","author":"dpc","date":"23 juin 2017","format":false,"excerpt":"Rosenkrantz' gate, Oslo, 6 mai. Cherrybomb Dan Auerbach","rel":"","context":"Dans &quot;Into the wide&quot;","block_context":{"text":"Into the wide","link":"https:\/\/www.wallendorff.com\/belogue\/category\/into-the-wide\/"},"img":{"alt_text":"","src":"https:\/\/i0.wp.com\/www.wallendorff.com\/belogue\/wp-content\/uploads\/2017\/06\/20170623.jpg?resize=350%2C200&ssl=1","width":350,"height":200,"srcset":"https:\/\/i0.wp.com\/www.wallendorff.com\/belogue\/wp-content\/uploads\/2017\/06\/20170623.jpg?resize=350%2C200&ssl=1 1x, https:\/\/i0.wp.com\/www.wallendorff.com\/belogue\/wp-content\/uploads\/2017\/06\/20170623.jpg?resize=525%2C300&ssl=1 1.5x, https:\/\/i0.wp.com\/www.wallendorff.com\/belogue\/wp-content\/uploads\/2017\/06\/20170623.jpg?resize=700%2C400&ssl=1 2x, https:\/\/i0.wp.com\/www.wallendorff.com\/belogue\/wp-content\/uploads\/2017\/06\/20170623.jpg?resize=1050%2C600&ssl=1 3x"},"classes":[]},{"id":3680,"url":"https:\/\/www.wallendorff.com\/belogue\/2008\/12\/15\/make-your-way-up-to-the-stars-its-there-where-you-belong\/","url_meta":{"origin":1194,"position":4},"title":"Make your way up to the stars it&rsquo;s there where you belong.","author":"dpc","date":"15 d\u00e9cembre 2008","format":false,"excerpt":"Facult\u00e9 de droit, Oslo, 17 novembre. Editors \u2013 You Are Fading","rel":"","context":"Dans &quot;DPC&quot;","block_context":{"text":"DPC","link":"https:\/\/www.wallendorff.com\/belogue\/category\/dpc\/"},"img":{"alt_text":"","src":"https:\/\/i0.wp.com\/www.wallendorff.com\/belogue\/wp-content\/uploads\/2008\/12\/20081215.jpg?resize=350%2C200&ssl=1","width":350,"height":200,"srcset":"https:\/\/i0.wp.com\/www.wallendorff.com\/belogue\/wp-content\/uploads\/2008\/12\/20081215.jpg?resize=350%2C200&ssl=1 1x, https:\/\/i0.wp.com\/www.wallendorff.com\/belogue\/wp-content\/uploads\/2008\/12\/20081215.jpg?resize=525%2C300&ssl=1 1.5x, https:\/\/i0.wp.com\/www.wallendorff.com\/belogue\/wp-content\/uploads\/2008\/12\/20081215.jpg?resize=700%2C400&ssl=1 2x"},"classes":[]},{"id":34341,"url":"https:\/\/www.wallendorff.com\/belogue\/2017\/06\/22\/into-the-wide-101\/","url_meta":{"origin":1194,"position":5},"title":"Into the wide #101.","author":"dpc","date":"22 juin 2017","format":false,"excerpt":"Parlement de Norv\u00e8ge, Oslo, 6 mai. Adeline\u0394","rel":"","context":"Dans &quot;Into the wide&quot;","block_context":{"text":"Into the wide","link":"https:\/\/www.wallendorff.com\/belogue\/category\/into-the-wide\/"},"img":{"alt_text":"","src":"https:\/\/i0.wp.com\/www.wallendorff.com\/belogue\/wp-content\/uploads\/2017\/06\/20170622.jpg?resize=350%2C200&ssl=1","width":350,"height":200,"srcset":"https:\/\/i0.wp.com\/www.wallendorff.com\/belogue\/wp-content\/uploads\/2017\/06\/20170622.jpg?resize=350%2C200&ssl=1 1x, https:\/\/i0.wp.com\/www.wallendorff.com\/belogue\/wp-content\/uploads\/2017\/06\/20170622.jpg?resize=525%2C300&ssl=1 1.5x, https:\/\/i0.wp.com\/www.wallendorff.com\/belogue\/wp-content\/uploads\/2017\/06\/20170622.jpg?resize=700%2C400&ssl=1 2x, https:\/\/i0.wp.com\/www.wallendorff.com\/belogue\/wp-content\/uploads\/2017\/06\/20170622.jpg?resize=1050%2C600&ssl=1 3x"},"classes":[]}],"_links":{"self":[{"href":"https:\/\/www.wallendorff.com\/belogue\/wp-json\/wp\/v2\/posts\/1194","targetHints":{"allow":["GET"]}}],"collection":[{"href":"https:\/\/www.wallendorff.com\/belogue\/wp-json\/wp\/v2\/posts"}],"about":[{"href":"https:\/\/www.wallendorff.com\/belogue\/wp-json\/wp\/v2\/types\/post"}],"author":[{"embeddable":true,"href":"https:\/\/www.wallendorff.com\/belogue\/wp-json\/wp\/v2\/users\/1"}],"replies":[{"embeddable":true,"href":"https:\/\/www.wallendorff.com\/belogue\/wp-json\/wp\/v2\/comments?post=1194"}],"version-history":[{"count":1,"href":"https:\/\/www.wallendorff.com\/belogue\/wp-json\/wp\/v2\/posts\/1194\/revisions"}],"predecessor-version":[{"id":16035,"href":"https:\/\/www.wallendorff.com\/belogue\/wp-json\/wp\/v2\/posts\/1194\/revisions\/16035"}],"wp:featuredmedia":[{"embeddable":true,"href":"https:\/\/www.wallendorff.com\/belogue\/wp-json\/wp\/v2\/media\/25118"}],"wp:attachment":[{"href":"https:\/\/www.wallendorff.com\/belogue\/wp-json\/wp\/v2\/media?parent=1194"}],"wp:term":[{"taxonomy":"category","embeddable":true,"href":"https:\/\/www.wallendorff.com\/belogue\/wp-json\/wp\/v2\/categories?post=1194"},{"taxonomy":"post_tag","embeddable":true,"href":"https:\/\/www.wallendorff.com\/belogue\/wp-json\/wp\/v2\/tags?post=1194"}],"curies":[{"name":"wp","href":"https:\/\/api.w.org\/{rel}","templated":true}]}}