{"id":11904,"date":"2011-01-19T11:10:17","date_gmt":"2011-01-19T10:10:17","guid":{"rendered":"http:\/\/www.po-l.com\/belogue\/?p=11904"},"modified":"2012-01-13T12:14:32","modified_gmt":"2012-01-13T10:14:32","slug":"poney-blanc-et-blanc-poney","status":"publish","type":"post","link":"https:\/\/www.wallendorff.com\/belogue\/2011\/01\/19\/poney-blanc-et-blanc-poney\/","title":{"rendered":"Poney blanc et blanc poney."},"content":{"rendered":"\n<div id=\"photo\">\n<p><img decoding=\"async\" src=\"https:\/\/www.wallendorff.com\/belogue\/photo\/2011\/01\/20110119.jpg\" \/><br \/>\nRue Estivant de Braux, Givet, 5 d&eacute;cembre 2010.<\/p>\n<\/p><\/div>\n<div id=\"bandeson\">\n<p><img decoding=\"async\" src=\"https:\/\/www.wallendorff.com\/belogue\/photo\/pochettes\/m\/matt_pond_pa-winter_songs.jpg\" align=\"left\" \/>&nbsp;<a href=\"http:\/\/www.mattpondpa.com\/\">Matt Pond PA<\/a> &ndash; <em>Snow Day<\/em><\/p>\n<\/p><\/div>\n","protected":false},"excerpt":{"rendered":"<p>Rue Estivant de Braux, Givet, 5 d&eacute;cembre 2010. &nbsp;Matt Pond PA &ndash; Snow Day<\/p>\n","protected":false},"author":1,"featured_media":26064,"comment_status":"open","ping_status":"open","sticky":false,"template":"","format":"standard","meta":{"_acf_changed":false,"ngg_post_thumbnail":0,"jetpack_post_was_ever_published":false,"_jetpack_newsletter_access":"","_jetpack_dont_email_post_to_subs":false,"_jetpack_newsletter_tier_id":0,"_jetpack_memberships_contains_paywalled_content":false,"_jetpack_memberships_contains_paid_content":false,"footnotes":"","jetpack_publicize_message":"","jetpack_publicize_feature_enabled":true,"jetpack_social_post_already_shared":false,"jetpack_social_options":{"image_generator_settings":{"template":"highway","default_image_id":0,"font":"","enabled":false},"version":2}},"categories":[3],"tags":[10255,1438,2615,10254,10120,10253,10663,10485,4612,10211,10351,4611,4613],"class_list":["post-11904","post","type-post","status-publish","format-standard","has-post-thumbnail","hentry","category-dpc","tag-ardenne","tag-ef-50-mm-f14-usm","tag-eos-5d-mark-ii","tag-champagne-ardenne","tag-france","tag-givet","tag-hiver","tag-maison","tag-matt-pond-pa","tag-neige","tag-rue","tag-rue-estivant-de-braux","tag-snow-day"],"acf":[],"geo":{"latitude":50.1342926,"longitude":4.832675,"description":"33 Rue Estivant de Braux, 08600 Givet, France"},"jetpack_publicize_connections":[],"jetpack_featured_media_url":"https:\/\/www.wallendorff.com\/belogue\/wp-content\/uploads\/2015\/04\/201101191.jpg","jetpack_shortlink":"https:\/\/wp.me\/p3b35P-360","jetpack_sharing_enabled":true,"jetpack-related-posts":[{"id":1091,"url":"https:\/\/www.wallendorff.com\/belogue\/2007\/11\/25\/tente-temps-d\/","url_meta":{"origin":11904,"position":0},"title":"Tente \u00e0 temps d\u00fb.","author":"dpc","date":"25 novembre 2007","format":false,"excerpt":"Rue Flayelle, Givet, 27 octobre. \u00a0I Am Kloot \u2013 I Believe","rel":"","context":"Dans &quot;DPC&quot;","block_context":{"text":"DPC","link":"https:\/\/www.wallendorff.com\/belogue\/category\/dpc\/"},"img":{"alt_text":"","src":"https:\/\/i0.wp.com\/www.wallendorff.com\/belogue\/wp-content\/uploads\/2015\/04\/200711251.jpg?resize=350%2C200&ssl=1","width":350,"height":200},"classes":[]},{"id":3796,"url":"https:\/\/www.wallendorff.com\/belogue\/2009\/01\/14\/a-dos-les-sens\/","url_meta":{"origin":11904,"position":1},"title":"\u00c0 dos les sens.","author":"dpc","date":"14 janvier 2009","format":false,"excerpt":"Givet, 24 d\u00e9cembre 2008. The Black Angels \u2013 Sniper at the Gates of Heaven Proverbe du mercredi\u00a0:\u00ab\u00a0clique l\u00e0-dessus, ta soir\u00e9e est foutue.\u00a0\u00bb","rel":"","context":"Dans &quot;DPC&quot;","block_context":{"text":"DPC","link":"https:\/\/www.wallendorff.com\/belogue\/category\/dpc\/"},"img":{"alt_text":"","src":"https:\/\/i0.wp.com\/www.wallendorff.com\/belogue\/wp-content\/uploads\/2015\/04\/200901141.jpg?resize=350%2C200&ssl=1","width":350,"height":200},"classes":[]},{"id":135486,"url":"https:\/\/www.wallendorff.com\/belogue\/2026\/03\/11\/air-sur-meuse\/","url_meta":{"origin":11904,"position":2},"title":"Air sur Meuse.","author":"dpc","date":"11 mars 2026","format":false,"excerpt":"Givet, 24 d\u00e9cembre 2025.","rel":"","context":"Dans &quot;DPC&quot;","block_context":{"text":"DPC","link":"https:\/\/www.wallendorff.com\/belogue\/category\/dpc\/"},"img":{"alt_text":"","src":"https:\/\/i0.wp.com\/www.wallendorff.com\/belogue\/wp-content\/uploads\/2026\/03\/20260311.jpg?resize=350%2C200&ssl=1","width":350,"height":200,"srcset":"https:\/\/i0.wp.com\/www.wallendorff.com\/belogue\/wp-content\/uploads\/2026\/03\/20260311.jpg?resize=350%2C200&ssl=1 1x, https:\/\/i0.wp.com\/www.wallendorff.com\/belogue\/wp-content\/uploads\/2026\/03\/20260311.jpg?resize=525%2C300&ssl=1 1.5x, https:\/\/i0.wp.com\/www.wallendorff.com\/belogue\/wp-content\/uploads\/2026\/03\/20260311.jpg?resize=700%2C400&ssl=1 2x, https:\/\/i0.wp.com\/www.wallendorff.com\/belogue\/wp-content\/uploads\/2026\/03\/20260311.jpg?resize=1050%2C600&ssl=1 3x"},"classes":[]},{"id":9599,"url":"https:\/\/www.wallendorff.com\/belogue\/2010\/10\/04\/interlude-7\/","url_meta":{"origin":11904,"position":3},"title":"Interlude.","author":"dpc","date":"4 octobre 2010","format":false,"excerpt":"Rue Berton, Paris, 30 juillet. \u00a0Woodpigeon \u2013 My Denial in Argyle","rel":"","context":"Dans &quot;DPC&quot;","block_context":{"text":"DPC","link":"https:\/\/www.wallendorff.com\/belogue\/category\/dpc\/"},"img":{"alt_text":"","src":"https:\/\/i0.wp.com\/www.wallendorff.com\/belogue\/wp-content\/uploads\/2015\/04\/201010041.jpg?resize=350%2C200&ssl=1","width":350,"height":200},"classes":[]},{"id":388,"url":"https:\/\/www.wallendorff.com\/belogue\/2005\/04\/29\/rue-d-briques-a-b-a-raques\/","url_meta":{"origin":11904,"position":4},"title":"Rue [d&rsquo;] briques&sup1; &agrave; b[a]raques&sup2;.","author":"dpc","date":"29 avril 2005","format":false,"excerpt":"Parents' City, 27 avril. [C'est vrai, elle mange pas de pain. Mais malgr\u00e9 tout, c'est quand m\u00eame la premi\u00e8re fois que je prends un truc en photo ici.] [\u00e7a m\u00e9ritait d'\u00eatre soulign\u00e9, hein.] \u00a0The Warlocks \u2013 Cosmic Letdown _______ 1 Je sais, je sais, ce sont des pierres de taille,\u2026","rel":"","context":"Dans &quot;DPC&quot;","block_context":{"text":"DPC","link":"https:\/\/www.wallendorff.com\/belogue\/category\/dpc\/"},"img":{"alt_text":"","src":"https:\/\/i0.wp.com\/www.wallendorff.com\/belogue\/wp-content\/uploads\/2015\/04\/200504291.jpg?resize=350%2C200&ssl=1","width":350,"height":200},"classes":[]},{"id":134263,"url":"https:\/\/www.wallendorff.com\/belogue\/2025\/10\/31\/octobre-2025\/","url_meta":{"origin":11904,"position":5},"title":"Octobre 2025.","author":"dpc","date":"31 octobre 2025","format":false,"excerpt":"Une valise, un m\u00e9tro, un quai de Seine, un m\u00e9tro, un quai de m\u00e9tro, une voiture, un TER, une gare, un TGV, un matin calme, une grosse p\u00e9niche, un arr\u00eat de bus, une paire de jambes, une lampe, un tableau, une expo, une silhouette, une grosse horloge, un reflet, un\u2026","rel":"","context":"Dans &quot;Blog-note&quot;","block_context":{"text":"Blog-note","link":"https:\/\/www.wallendorff.com\/belogue\/category\/blog-note\/"},"img":{"alt_text":"","src":"https:\/\/i0.wp.com\/www.wallendorff.com\/belogue\/wp-content\/uploads\/2025\/11\/20251103-17.jpg?resize=350%2C200&ssl=1","width":350,"height":200,"srcset":"https:\/\/i0.wp.com\/www.wallendorff.com\/belogue\/wp-content\/uploads\/2025\/11\/20251103-17.jpg?resize=350%2C200&ssl=1 1x, https:\/\/i0.wp.com\/www.wallendorff.com\/belogue\/wp-content\/uploads\/2025\/11\/20251103-17.jpg?resize=525%2C300&ssl=1 1.5x, https:\/\/i0.wp.com\/www.wallendorff.com\/belogue\/wp-content\/uploads\/2025\/11\/20251103-17.jpg?resize=700%2C400&ssl=1 2x, https:\/\/i0.wp.com\/www.wallendorff.com\/belogue\/wp-content\/uploads\/2025\/11\/20251103-17.jpg?resize=1050%2C600&ssl=1 3x"},"classes":[]}],"_links":{"self":[{"href":"https:\/\/www.wallendorff.com\/belogue\/wp-json\/wp\/v2\/posts\/11904","targetHints":{"allow":["GET"]}}],"collection":[{"href":"https:\/\/www.wallendorff.com\/belogue\/wp-json\/wp\/v2\/posts"}],"about":[{"href":"https:\/\/www.wallendorff.com\/belogue\/wp-json\/wp\/v2\/types\/post"}],"author":[{"embeddable":true,"href":"https:\/\/www.wallendorff.com\/belogue\/wp-json\/wp\/v2\/users\/1"}],"replies":[{"embeddable":true,"href":"https:\/\/www.wallendorff.com\/belogue\/wp-json\/wp\/v2\/comments?post=11904"}],"version-history":[{"count":1,"href":"https:\/\/www.wallendorff.com\/belogue\/wp-json\/wp\/v2\/posts\/11904\/revisions"}],"predecessor-version":[{"id":15340,"href":"https:\/\/www.wallendorff.com\/belogue\/wp-json\/wp\/v2\/posts\/11904\/revisions\/15340"}],"wp:featuredmedia":[{"embeddable":true,"href":"https:\/\/www.wallendorff.com\/belogue\/wp-json\/wp\/v2\/media\/26064"}],"wp:attachment":[{"href":"https:\/\/www.wallendorff.com\/belogue\/wp-json\/wp\/v2\/media?parent=11904"}],"wp:term":[{"taxonomy":"category","embeddable":true,"href":"https:\/\/www.wallendorff.com\/belogue\/wp-json\/wp\/v2\/categories?post=11904"},{"taxonomy":"post_tag","embeddable":true,"href":"https:\/\/www.wallendorff.com\/belogue\/wp-json\/wp\/v2\/tags?post=11904"}],"curies":[{"name":"wp","href":"https:\/\/api.w.org\/{rel}","templated":true}]}}