{"id":11900,"date":"2011-01-18T12:30:12","date_gmt":"2011-01-18T11:30:12","guid":{"rendered":"http:\/\/www.po-l.com\/belogue\/?p=11900"},"modified":"2012-01-12T12:39:49","modified_gmt":"2012-01-12T10:39:49","slug":"bronze-est-fondu1","status":"publish","type":"post","link":"https:\/\/www.wallendorff.com\/belogue\/2011\/01\/18\/bronze-est-fondu1\/","title":{"rendered":"Bronze est fondu<sup>1<\/sup>."},"content":{"rendered":"\n<div id=\"photo\">\n<p><img decoding=\"async\" src=\"https:\/\/www.wallendorff.com\/belogue\/photo\/2011\/01\/20110118.jpg\" \/><br \/>\nQuai de Conti, Paris, 28 novembre 2010.<\/p>\n<\/p><\/div>\n<p style=\"text-align:right\">J&rsquo;aime beaucoup qu&rsquo;on commente mes statues.<\/p>\n<div id=\"bandeson\">\n<p><img decoding=\"async\" src=\"https:\/\/www.wallendorff.com\/belogue\/photo\/pochettes\/w\/wire-red_barked_tree.jpg\" align=\"left\" \/>&nbsp;<a href=\"http:\/\/www.pinkflag.com\/\">Wire<\/a> &ndash; <em>Two Minutes<\/em><\/p>\n<\/p><\/div>\n<div id=\"bas_note\">\n<p>_____<\/p>\n<p><sup>1<\/sup> Faudra penser \u00e0 terminer ce titre, un jour.<\/p>\n<\/div>\n","protected":false},"excerpt":{"rendered":"<p>Quai de Conti, Paris, 28 novembre 2010. J&rsquo;aime beaucoup qu&rsquo;on commente mes statues. &nbsp;Wire &ndash; Two Minutes _____ 1 Faudra penser \u00e0 terminer ce titre, un jour.<\/p>\n","protected":false},"author":1,"featured_media":26062,"comment_status":"open","ping_status":"open","sticky":false,"template":"","format":"standard","meta":{"_acf_changed":false,"ngg_post_thumbnail":0,"jetpack_post_was_ever_published":false,"_jetpack_newsletter_access":"","_jetpack_dont_email_post_to_subs":false,"_jetpack_newsletter_tier_id":0,"_jetpack_memberships_contains_paywalled_content":false,"_jetpack_memberships_contains_paid_content":false,"footnotes":"","jetpack_publicize_message":"","jetpack_publicize_feature_enabled":true,"jetpack_social_post_already_shared":false,"jetpack_social_options":{"image_generator_settings":{"template":"highway","default_image_id":0,"font":"","enabled":false},"version":2}},"categories":[3],"tags":[10250,181,2615,10307,10120,10121,4288,4608,10147,10098,4607,10407,10227,4610,4609],"class_list":["post-11900","post","type-post","status-publish","format-standard","has-post-thumbnail","hentry","category-dpc","tag-10250","tag-ef-70-200-mm-f28l-usm","tag-eos-5d-mark-ii","tag-fenetre","tag-france","tag-ile-de-france","tag-institut-de-france","tag-nicolas-de-condorcet","tag-nuit","tag-paris","tag-quai-de-conti","tag-silhouette","tag-statue","tag-two-minutes","tag-wire"],"acf":[],"geo":{"latitude":48.8572388,"longitude":2.3385749,"description":"Port de Conti, 75006 Paris, France"},"jetpack_publicize_connections":[],"jetpack_featured_media_url":"https:\/\/www.wallendorff.com\/belogue\/wp-content\/uploads\/2015\/04\/201101181.jpg","jetpack_shortlink":"https:\/\/wp.me\/p3b35P-35W","jetpack_sharing_enabled":true,"jetpack-related-posts":[{"id":13327,"url":"https:\/\/www.wallendorff.com\/belogue\/2011\/09\/30\/conti-nuite\/","url_meta":{"origin":11900,"position":0},"title":"Conti nuit\u00e9.","author":"dpc","date":"30 septembre 2011","format":false,"excerpt":"Quai de Conti, Paris, 11 ao\u00fbt. Mona \u2013 Shooting the Moon [un peu facile oui.] [youtube]http:\/\/www.youtube.com\/watch?v=60GKTp0pf1A[\/youtube]","rel":"","context":"Dans &quot;DPC&quot;","block_context":{"text":"DPC","link":"https:\/\/www.wallendorff.com\/belogue\/category\/dpc\/"},"img":{"alt_text":"","src":"https:\/\/i0.wp.com\/www.wallendorff.com\/belogue\/wp-content\/uploads\/2015\/04\/201109301.jpg?resize=350%2C200&ssl=1","width":350,"height":200,"srcset":"https:\/\/i0.wp.com\/www.wallendorff.com\/belogue\/wp-content\/uploads\/2015\/04\/201109301.jpg?resize=350%2C200&ssl=1 1x, https:\/\/i0.wp.com\/www.wallendorff.com\/belogue\/wp-content\/uploads\/2015\/04\/201109301.jpg?resize=525%2C300&ssl=1 1.5x, https:\/\/i0.wp.com\/www.wallendorff.com\/belogue\/wp-content\/uploads\/2015\/04\/201109301.jpg?resize=700%2C400&ssl=1 2x"},"classes":[]},{"id":21802,"url":"https:\/\/www.wallendorff.com\/belogue\/2013\/10\/21\/conti-nuite-2\/","url_meta":{"origin":11900,"position":1},"title":"Conti nuit\u00e9 #2.","author":"dpc","date":"21 octobre 2013","format":false,"excerpt":"Port du Louvre, Paris, 9 septembre. Fireside Arctic Monkeys","rel":"","context":"Dans &quot;DPC&quot;","block_context":{"text":"DPC","link":"https:\/\/www.wallendorff.com\/belogue\/category\/dpc\/"},"img":{"alt_text":"","src":"https:\/\/i0.wp.com\/www.wallendorff.com\/belogue\/wp-content\/uploads\/2015\/04\/201310211.jpg?resize=350%2C200&ssl=1","width":350,"height":200,"srcset":"https:\/\/i0.wp.com\/www.wallendorff.com\/belogue\/wp-content\/uploads\/2015\/04\/201310211.jpg?resize=350%2C200&ssl=1 1x, https:\/\/i0.wp.com\/www.wallendorff.com\/belogue\/wp-content\/uploads\/2015\/04\/201310211.jpg?resize=525%2C300&ssl=1 1.5x, https:\/\/i0.wp.com\/www.wallendorff.com\/belogue\/wp-content\/uploads\/2015\/04\/201310211.jpg?resize=700%2C400&ssl=1 2x"},"classes":[]},{"id":349,"url":"https:\/\/www.wallendorff.com\/belogue\/2005\/06\/09\/elle-aime-hante-erre-ment-chez-ouat-sonne\/","url_meta":{"origin":11900,"position":2},"title":"Elle aime, hante, erre, ment&#8230; chez ouat, sonne&sup1;.","author":"dpc","date":"9 juin 2005","format":false,"excerpt":"Port de Conti, Paris, 2 juin. [J'avais oubli\u00e9 pourquoi j'ai pas la t\u00e9l\u00e9. Maintenant, je me souviens.] Bande-son\u00a0: Jean-Luc Delarue \u2014 Mon Kiki Est Tout Petit (feat. Robert et Monique) _____ 1 Yeah, le retour du verlan dans les titres, yeah.","rel":"","context":"Dans &quot;DPC&quot;","block_context":{"text":"DPC","link":"https:\/\/www.wallendorff.com\/belogue\/category\/dpc\/"},"img":{"alt_text":"","src":"https:\/\/i0.wp.com\/www.wallendorff.com\/belogue\/wp-content\/uploads\/2015\/04\/200506091.jpg?resize=350%2C200&ssl=1","width":350,"height":200},"classes":[]},{"id":451,"url":"https:\/\/www.wallendorff.com\/belogue\/2005\/03\/03\/bas-quai-d-equerre\/","url_meta":{"origin":11900,"position":3},"title":"Bas-quai d&rsquo;&eacute;querre.","author":"dpc","date":"3 mars 2005","format":false,"excerpt":"Quai Branly, Paris, 23 f\u00e9vrier. \u00a0The Subways \u2013 1am","rel":"","context":"Dans &quot;DPC&quot;","block_context":{"text":"DPC","link":"https:\/\/www.wallendorff.com\/belogue\/category\/dpc\/"},"img":{"alt_text":"","src":"https:\/\/i0.wp.com\/www.wallendorff.com\/belogue\/wp-content\/uploads\/2015\/04\/20050303-011.jpg?resize=350%2C200&ssl=1","width":350,"height":200},"classes":[]},{"id":32043,"url":"https:\/\/www.wallendorff.com\/belogue\/2016\/08\/03\/quai-des-brunes-2\/","url_meta":{"origin":11900,"position":4},"title":"Quai des brunes.","author":"dpc","date":"3 ao\u00fbt 2016","format":false,"excerpt":"Quai du March\u00e9-Neuf, Paris, 15 mai. We Only Come Out at Night Smashing Pumpkins","rel":"","context":"Dans &quot;DPC&quot;","block_context":{"text":"DPC","link":"https:\/\/www.wallendorff.com\/belogue\/category\/dpc\/"},"img":{"alt_text":"","src":"https:\/\/i0.wp.com\/www.wallendorff.com\/belogue\/wp-content\/uploads\/2016\/08\/20160803.jpg?resize=350%2C200&ssl=1","width":350,"height":200,"srcset":"https:\/\/i0.wp.com\/www.wallendorff.com\/belogue\/wp-content\/uploads\/2016\/08\/20160803.jpg?resize=350%2C200&ssl=1 1x, https:\/\/i0.wp.com\/www.wallendorff.com\/belogue\/wp-content\/uploads\/2016\/08\/20160803.jpg?resize=525%2C300&ssl=1 1.5x, https:\/\/i0.wp.com\/www.wallendorff.com\/belogue\/wp-content\/uploads\/2016\/08\/20160803.jpg?resize=700%2C400&ssl=1 2x"},"classes":[]},{"id":13180,"url":"https:\/\/www.wallendorff.com\/belogue\/2011\/08\/29\/quai-des-brunes\/","url_meta":{"origin":11900,"position":5},"title":"Quai des brunes.","author":"dpc","date":"29 ao\u00fbt 2011","format":false,"excerpt":"Station Assembl\u00e9e nationale, Paris, 26 juillet. \u00a0Radiohead \u2013 Where I End and You Begin (The Sky Is Falling in)","rel":"","context":"Dans &quot;DPC&quot;","block_context":{"text":"DPC","link":"https:\/\/www.wallendorff.com\/belogue\/category\/dpc\/"},"img":{"alt_text":"","src":"https:\/\/i0.wp.com\/www.wallendorff.com\/belogue\/wp-content\/uploads\/2015\/04\/201108291.jpg?resize=350%2C200&ssl=1","width":350,"height":200,"srcset":"https:\/\/i0.wp.com\/www.wallendorff.com\/belogue\/wp-content\/uploads\/2015\/04\/201108291.jpg?resize=350%2C200&ssl=1 1x, https:\/\/i0.wp.com\/www.wallendorff.com\/belogue\/wp-content\/uploads\/2015\/04\/201108291.jpg?resize=525%2C300&ssl=1 1.5x, https:\/\/i0.wp.com\/www.wallendorff.com\/belogue\/wp-content\/uploads\/2015\/04\/201108291.jpg?resize=700%2C400&ssl=1 2x"},"classes":[]}],"_links":{"self":[{"href":"https:\/\/www.wallendorff.com\/belogue\/wp-json\/wp\/v2\/posts\/11900","targetHints":{"allow":["GET"]}}],"collection":[{"href":"https:\/\/www.wallendorff.com\/belogue\/wp-json\/wp\/v2\/posts"}],"about":[{"href":"https:\/\/www.wallendorff.com\/belogue\/wp-json\/wp\/v2\/types\/post"}],"author":[{"embeddable":true,"href":"https:\/\/www.wallendorff.com\/belogue\/wp-json\/wp\/v2\/users\/1"}],"replies":[{"embeddable":true,"href":"https:\/\/www.wallendorff.com\/belogue\/wp-json\/wp\/v2\/comments?post=11900"}],"version-history":[{"count":1,"href":"https:\/\/www.wallendorff.com\/belogue\/wp-json\/wp\/v2\/posts\/11900\/revisions"}],"predecessor-version":[{"id":15322,"href":"https:\/\/www.wallendorff.com\/belogue\/wp-json\/wp\/v2\/posts\/11900\/revisions\/15322"}],"wp:featuredmedia":[{"embeddable":true,"href":"https:\/\/www.wallendorff.com\/belogue\/wp-json\/wp\/v2\/media\/26062"}],"wp:attachment":[{"href":"https:\/\/www.wallendorff.com\/belogue\/wp-json\/wp\/v2\/media?parent=11900"}],"wp:term":[{"taxonomy":"category","embeddable":true,"href":"https:\/\/www.wallendorff.com\/belogue\/wp-json\/wp\/v2\/categories?post=11900"},{"taxonomy":"post_tag","embeddable":true,"href":"https:\/\/www.wallendorff.com\/belogue\/wp-json\/wp\/v2\/tags?post=11900"}],"curies":[{"name":"wp","href":"https:\/\/api.w.org\/{rel}","templated":true}]}}