{"id":1188,"date":"2008-03-25T09:27:17","date_gmt":"2008-03-25T09:27:17","guid":{"rendered":"http:\/\/www.po-l.com\/wordpress\/?p=1188"},"modified":"2012-02-19T18:00:48","modified_gmt":"2012-02-19T16:00:48","slug":"previously-unreleased-80","status":"publish","type":"post","link":"https:\/\/www.wallendorff.com\/belogue\/2008\/03\/25\/previously-unreleased-80\/","title":{"rendered":"Previously unreleased #80\u00b9."},"content":{"rendered":"<div id=\"photo\">\n<p><img decoding=\"async\" src=\"https:\/\/www.wallendorff.com\/belogue\/photo\/2008\/03\/20080325.jpg\" \/><br \/>\n    The Tellers, la Boule Noire, 11 d&eacute;cembre 2007.<\/p>\n<\/div>\n<p style=\"text-align:right\">Happyyyyyyyyyyyyy<\/p>\n<p style=\"text-align:right\"><a href=\"http:\/\/www.theraconteurs.com\/consolersofthelonely\/\">Raconteurs&rsquo; Day<\/a>. <\/p>\n<div id=\"bandeson\">\n<p><img decoding=\"async\" src=\"https:\/\/www.wallendorff.com\/belogue\/photo\/pochettes\/r\/raconteurs_the-consolers_of_the_lonely.jpg\" align=\"left\" \/>&nbsp;<a href=\"http:\/\/www.theraconteurs.com\">The Raconteurs<\/a> &ndash; <em>Salute Your Solution<\/em><\/p>\n<\/div>\n<div id=\"bas_note\">\n<p>_____<\/p>\n<p><sup>1<\/sup> Previously Unreleased is a registered trademark of the <a href=\"http:\/\/blog.julietterobert.com\">Juyette Robert Photography Corporation, Inc.<\/a> <\/p>\n<\/div>\n","protected":false},"excerpt":{"rendered":"<p>The Tellers, la Boule Noire, 11 d&eacute;cembre 2007. Happyyyyyyyyyyyyy Raconteurs&rsquo; Day. &nbsp;The Raconteurs &ndash; Salute Your Solution _____ 1 Previously Unreleased is a registered trademark of the Juyette Robert Photography Corporation, Inc.<\/p>\n","protected":false},"author":1,"featured_media":25112,"comment_status":"open","ping_status":"open","sticky":false,"template":"","format":"standard","meta":{"_acf_changed":false,"ngg_post_thumbnail":0,"jetpack_post_was_ever_published":false,"_jetpack_newsletter_access":"","_jetpack_dont_email_post_to_subs":false,"_jetpack_newsletter_tier_id":0,"_jetpack_memberships_contains_paywalled_content":false,"_jetpack_memberships_contains_paid_content":false,"footnotes":"","jetpack_publicize_message":"","jetpack_publicize_feature_enabled":true,"jetpack_social_post_already_shared":false,"jetpack_social_options":{"image_generator_settings":{"template":"highway","default_image_id":0,"font":"","enabled":false},"version":2}},"categories":[5],"tags":[10134,10143,10084,4516,196,187,2349,10120,10121,10273,143,10098,10199,1493,1975],"class_list":["post-1188","post","type-post","status-publish","format-standard","has-post-thumbnail","hentry","category-previously-unreleased","tag-10134","tag-10143","tag-alive","tag-boulevard-rochechouart","tag-ef-28-70-mm-f28l-usm","tag-eos-1d-mark-ii","tag-consolers-of-the-lonely","tag-france","tag-ile-de-france","tag-la-boule-noire","tag-noir-et-blanc","tag-paris","tag-pieds","tag-the-raconteurs","tag-the-tellers"],"acf":[],"geo":{"latitude":48.8823128,"longitude":2.3403132,"description":null},"jetpack_publicize_connections":[],"jetpack_featured_media_url":"https:\/\/www.wallendorff.com\/belogue\/wp-content\/uploads\/2015\/04\/200803251.jpg","jetpack_shortlink":"https:\/\/wp.me\/p3b35P-ja","jetpack_sharing_enabled":true,"jetpack-related-posts":[{"id":1107,"url":"https:\/\/www.wallendorff.com\/belogue\/2007\/12\/12\/the-tellers-la-boule-noire-paris\/","url_meta":{"origin":1188,"position":0},"title":"The Tellers @ la Boule Noire, Paris.","author":"dpc","date":"12 d\u00e9cembre 2007","format":false,"excerpt":"Attention\u00a0: Ce n'est pas parce que \u00ab\u00a0Tellers\u00a0\u00bb signifie \u00ab\u00a0Raconteurs\u00a0\u00bb en anglais qu'automatiquement, leur chanteur doit s'appeler Jacques Blanc. \u00a0Mando Diao \u2013 One Blood","rel":"","context":"Dans &quot;Alive&quot;","block_context":{"text":"Alive","link":"https:\/\/www.wallendorff.com\/belogue\/category\/alive\/"},"img":{"alt_text":"","src":"https:\/\/i0.wp.com\/www.wallendorff.com\/belogue\/wp-content\/uploads\/2015\/04\/200712121.jpg?resize=350%2C200&ssl=1","width":350,"height":200,"srcset":"https:\/\/i0.wp.com\/www.wallendorff.com\/belogue\/wp-content\/uploads\/2015\/04\/200712121.jpg?resize=350%2C200&ssl=1 1x, https:\/\/i0.wp.com\/www.wallendorff.com\/belogue\/wp-content\/uploads\/2015\/04\/200712121.jpg?resize=525%2C300&ssl=1 1.5x, https:\/\/i0.wp.com\/www.wallendorff.com\/belogue\/wp-content\/uploads\/2015\/04\/200712121.jpg?resize=700%2C400&ssl=1 2x"},"classes":[]},{"id":4930,"url":"https:\/\/www.wallendorff.com\/belogue\/2009\/10\/28\/previously-unreleased-851\/","url_meta":{"origin":1188,"position":1},"title":"Previously unreleased #851.","author":"dpc","date":"28 octobre 2009","format":false,"excerpt":"The Raconteurs, Rock en Seine, 29 ao\u00fbt 2008. Parce qu'entre la note d'hier et la note de demain, on ne peut d\u00e9cemment poster qu'une photo pas-vue-jusque-l\u00e02 des Raconteurs, accompagn\u00e9e de leur meilleur prestation-en-date-depuis-que-Five-on-the-Five-n'est-plus-\u00e9coutable. Si vous me cherchez ce soir vous savez o\u00f9 me trouver, hein. \u00a0The Raconteurs \u2013 Headin' for\u2026","rel":"","context":"Dans &quot;Previously unreleased&quot;","block_context":{"text":"Previously unreleased","link":"https:\/\/www.wallendorff.com\/belogue\/category\/previously-unreleased\/"},"img":{"alt_text":"","src":"https:\/\/i0.wp.com\/www.wallendorff.com\/belogue\/wp-content\/uploads\/2015\/04\/200910281.jpg?resize=350%2C200&ssl=1","width":350,"height":200},"classes":[]},{"id":794,"url":"https:\/\/www.wallendorff.com\/belogue\/2006\/09\/23\/previously-unreleased-44\/","url_meta":{"origin":1188,"position":2},"title":"Previously Unreleased #44\u00b9.","author":"dpc","date":"23 septembre 2006","format":false,"excerpt":"The Raconteurs, Rock en Seine, 25 ao\u00fbt. \u00a0The Datsuns \u2013 What Are You Stamping Your Foot for?","rel":"","context":"Dans &quot;Previously unreleased&quot;","block_context":{"text":"Previously unreleased","link":"https:\/\/www.wallendorff.com\/belogue\/category\/previously-unreleased\/"},"img":{"alt_text":"","src":"https:\/\/i0.wp.com\/www.wallendorff.com\/belogue\/wp-content\/uploads\/2015\/04\/200609231.jpg?resize=350%2C200&ssl=1","width":350,"height":200,"srcset":"https:\/\/i0.wp.com\/www.wallendorff.com\/belogue\/wp-content\/uploads\/2015\/04\/200609231.jpg?resize=350%2C200&ssl=1 1x, https:\/\/i0.wp.com\/www.wallendorff.com\/belogue\/wp-content\/uploads\/2015\/04\/200609231.jpg?resize=525%2C300&ssl=1 1.5x, https:\/\/i0.wp.com\/www.wallendorff.com\/belogue\/wp-content\/uploads\/2015\/04\/200609231.jpg?resize=700%2C400&ssl=1 2x"},"classes":[]},{"id":1005,"url":"https:\/\/www.wallendorff.com\/belogue\/2007\/07\/31\/previously-unreleased-60\/","url_meta":{"origin":1188,"position":3},"title":"Previously unreleased #60\u00b9.","author":"dpc","date":"31 juillet 2007","format":false,"excerpt":"I Love UFO, la Boule Noire, Paris, 5 septembre 2006. Y a quand m\u00eame des trucs, on se demande pourquoi on les laisse tra\u00eener dans un fond de disque dur pendant un an, des fois. \u00a0Blanche \u2013 Last Year's Leave (je suis certain d'avoir vu Feeney traverser devant moi sans\u2026","rel":"","context":"Dans &quot;Previously unreleased&quot;","block_context":{"text":"Previously unreleased","link":"https:\/\/www.wallendorff.com\/belogue\/category\/previously-unreleased\/"},"img":{"alt_text":"","src":"https:\/\/i0.wp.com\/www.wallendorff.com\/belogue\/wp-content\/uploads\/2015\/04\/200707311.jpg?resize=350%2C200&ssl=1","width":350,"height":200},"classes":[]},{"id":250,"url":"https:\/\/www.wallendorff.com\/belogue\/2005\/12\/04\/previously-unreleased-24\/","url_meta":{"origin":1188,"position":4},"title":"Previously Unreleased #24&sup1;.","author":"dpc","date":"4 d\u00e9cembre 2005","format":false,"excerpt":"Sons and Daughters, La Boule Noire, Paris, 18 novembre. \u00a0Brisa Roch\u00e9 \u2014 Helmet Ray _____ 1 Tradition pas \u00e0 moi qui vient de l\u00e0.","rel":"","context":"Dans &quot;Previously unreleased&quot;","block_context":{"text":"Previously unreleased","link":"https:\/\/www.wallendorff.com\/belogue\/category\/previously-unreleased\/"},"img":{"alt_text":"","src":"https:\/\/i0.wp.com\/www.wallendorff.com\/belogue\/wp-content\/uploads\/2015\/04\/20051204-11.jpg?resize=350%2C200&ssl=1","width":350,"height":200},"classes":[]},{"id":772,"url":"https:\/\/www.wallendorff.com\/belogue\/2006\/08\/23\/previously-unreleased-42\/","url_meta":{"origin":1188,"position":5},"title":"Previously unreleased #421 &times; Shooting people #0.","author":"dpc","date":"23 ao\u00fbt 2006","format":false,"excerpt":"Brendan Benson, la Boule Noire, Paris, 20 octobre 2005. \u00a0The Greenhornes \u2013 No More _____ 1Joli concept from chez Juyette.","rel":"","context":"Dans &quot;Portraits&quot;","block_context":{"text":"Portraits","link":"https:\/\/www.wallendorff.com\/belogue\/category\/portraits\/"},"img":{"alt_text":"","src":"https:\/\/i0.wp.com\/www.wallendorff.com\/belogue\/wp-content\/uploads\/2015\/04\/200608231.jpg?resize=350%2C200&ssl=1","width":350,"height":200,"srcset":"https:\/\/i0.wp.com\/www.wallendorff.com\/belogue\/wp-content\/uploads\/2015\/04\/200608231.jpg?resize=350%2C200&ssl=1 1x, https:\/\/i0.wp.com\/www.wallendorff.com\/belogue\/wp-content\/uploads\/2015\/04\/200608231.jpg?resize=525%2C300&ssl=1 1.5x, https:\/\/i0.wp.com\/www.wallendorff.com\/belogue\/wp-content\/uploads\/2015\/04\/200608231.jpg?resize=700%2C400&ssl=1 2x"},"classes":[]}],"_links":{"self":[{"href":"https:\/\/www.wallendorff.com\/belogue\/wp-json\/wp\/v2\/posts\/1188","targetHints":{"allow":["GET"]}}],"collection":[{"href":"https:\/\/www.wallendorff.com\/belogue\/wp-json\/wp\/v2\/posts"}],"about":[{"href":"https:\/\/www.wallendorff.com\/belogue\/wp-json\/wp\/v2\/types\/post"}],"author":[{"embeddable":true,"href":"https:\/\/www.wallendorff.com\/belogue\/wp-json\/wp\/v2\/users\/1"}],"replies":[{"embeddable":true,"href":"https:\/\/www.wallendorff.com\/belogue\/wp-json\/wp\/v2\/comments?post=1188"}],"version-history":[{"count":1,"href":"https:\/\/www.wallendorff.com\/belogue\/wp-json\/wp\/v2\/posts\/1188\/revisions"}],"predecessor-version":[{"id":15946,"href":"https:\/\/www.wallendorff.com\/belogue\/wp-json\/wp\/v2\/posts\/1188\/revisions\/15946"}],"wp:featuredmedia":[{"embeddable":true,"href":"https:\/\/www.wallendorff.com\/belogue\/wp-json\/wp\/v2\/media\/25112"}],"wp:attachment":[{"href":"https:\/\/www.wallendorff.com\/belogue\/wp-json\/wp\/v2\/media?parent=1188"}],"wp:term":[{"taxonomy":"category","embeddable":true,"href":"https:\/\/www.wallendorff.com\/belogue\/wp-json\/wp\/v2\/categories?post=1188"},{"taxonomy":"post_tag","embeddable":true,"href":"https:\/\/www.wallendorff.com\/belogue\/wp-json\/wp\/v2\/tags?post=1188"}],"curies":[{"name":"wp","href":"https:\/\/api.w.org\/{rel}","templated":true}]}}