{"id":1186,"date":"2008-03-20T09:12:04","date_gmt":"2008-03-20T09:12:04","guid":{"rendered":"http:\/\/www.po-l.com\/wordpress\/?p=1186"},"modified":"2011-10-25T12:44:22","modified_gmt":"2011-10-25T10:44:22","slug":"killerpilze-trabendo-sessions-paris-12-janvier","status":"publish","type":"post","link":"https:\/\/www.wallendorff.com\/belogue\/2008\/03\/20\/killerpilze-trabendo-sessions-paris-12-janvier\/","title":{"rendered":"KillerPilze @ Trabendo sessions, Paris, 12 janvier."},"content":{"rendered":"<div id=\"photo\">\n<p><img decoding=\"async\" src=\"https:\/\/www.wallendorff.com\/belogue\/photo\/2008\/03\/20080320.jpg\" \/><\/p>\n<\/div>ngg_shortcode_0_placeholder<div id=\"bandeson\">\n<p><img decoding=\"async\" src=\"https:\/\/www.wallendorff.com\/belogue\/photo\/pochettes\/blank.jpg\" align=\"left\" \/>&nbsp;<a href=\"http:\/\/www.manicstreetpreachers.com\/\">Manic Street Preachers<\/a> &ndash; <em>Umbrella<\/em> (Rihanna cover)<\/p>\n<\/div>\n<p>ou bien<sup>1<\/sup><\/p>\n<div id=\"bandeson\">\n<p><img decoding=\"async\" src=\"https:\/\/www.wallendorff.com\/belogue\/photo\/pochettes\/blank.jpg\" align=\"left\" \/>&nbsp;<a href=\"http:\/\/www.dresdendolls.com\/\">The Dresden Dolls<\/a> &ndash; <em>Umbrella<\/em> (Rihanna cover) (live)<\/p>\n<\/div>\n<div id=\"bas_note\">\n<p>_____<\/p>\n<p><sup>1<\/sup>Tout &ccedil;a pour dire qu&rsquo;apr&egrave;s <em>Crazy<\/em> et <em>Bang Bang<\/em>, <em>Umbrella<\/em> est depuis quelque temps la reprise &agrave; la mode du moment, et qu&rsquo;un vaste d&eacute;bat sp&eacute;culatif pour savoir qui sera le prochain tioube que tous les groupes s&#8217;empresseront de reprendre s&rsquo;impose. J&rsquo;attends vos pronostics. <\/p>\n<\/div>\n","protected":false},"excerpt":{"rendered":"<p>&nbsp;Manic Street Preachers &ndash; Umbrella (Rihanna cover) ou bien1 &nbsp;The Dresden Dolls &ndash; Umbrella (Rihanna cover) (live) _____ 1Tout &ccedil;a pour dire qu&rsquo;apr&egrave;s Crazy et Bang Bang, Umbrella est depuis quelque temps la reprise &agrave; la mode du moment, et qu&rsquo;un vaste d&eacute;bat sp&eacute;culatif pour savoir qui sera le prochain tioube que tous les groupes&hellip;<\/p>\n","protected":false},"author":1,"featured_media":25110,"comment_status":"open","ping_status":"open","sticky":false,"template":"","format":"standard","meta":{"_acf_changed":false,"ngg_post_thumbnail":0,"jetpack_post_was_ever_published":false,"_jetpack_newsletter_access":"","_jetpack_dont_email_post_to_subs":false,"_jetpack_newsletter_tier_id":0,"_jetpack_memberships_contains_paywalled_content":false,"_jetpack_memberships_contains_paid_content":false,"footnotes":"","jetpack_publicize_message":"","jetpack_publicize_feature_enabled":true,"jetpack_social_post_already_shared":false,"jetpack_social_options":{"image_generator_settings":{"template":"highway","default_image_id":0,"font":"","enabled":false},"version":2}},"categories":[7],"tags":[203,10268,10084,1016,196,181,187,463,10120,10121,1487,10361,1348,143,10098,4190,1488],"class_list":["post-1186","post","type-post","status-publish","format-standard","has-post-thumbnail","hentry","category-alive","tag-203","tag-10268","tag-alive","tag-ef-15-mm-f28-fisheye","tag-ef-28-70-mm-f28l-usm","tag-ef-70-200-mm-f28l-usm","tag-eos-1d-mark-ii","tag-dresden-dolls","tag-france","tag-ile-de-france","tag-killerpilze","tag-le-trabendo","tag-manic-street-preachers","tag-noir-et-blanc","tag-paris","tag-rihanna","tag-umbrella"],"acf":[],"geo":{"latitude":48.8926849,"longitude":2.3939588,"description":"All\u00e9e du Belv\u00e9d\u00e8re, 75019 Paris, France"},"jetpack_publicize_connections":[],"jetpack_featured_media_url":"https:\/\/www.wallendorff.com\/belogue\/wp-content\/uploads\/2015\/04\/200803201.jpg","jetpack_shortlink":"https:\/\/wp.me\/p3b35P-j8","jetpack_sharing_enabled":true,"jetpack-related-posts":[{"id":1221,"url":"https:\/\/www.wallendorff.com\/belogue\/2008\/05\/06\/killerpilze-ilis-paris-3-4-fvrier\/","url_meta":{"origin":1186,"position":0},"title":"KillerPilze + Ilis, Paris, 3-4 f\u00e9vrier.","author":"dpc","date":"6 mai 2008","format":false,"excerpt":"Le Trabendo, 3 f\u00e9vrier. Le Bataclan, 4 f\u00e9vrier Ilis KillerPilze Histoire de raviver nos mots-cl\u00e9s. Remettons-nous de cette d\u00e9bauche germano-rocko-graphique gr\u00e2ce aux Dandy Warhols, leur salutaire nouvel album \u00e0 para\u00eetre dans 13 jours et le MP3 cadeau qu'ils offrent sur leur site. Joie. \u00a0The Dandy Warhols \u2013 The World the\u2026","rel":"","context":"Dans &quot;Alive&quot;","block_context":{"text":"Alive","link":"https:\/\/www.wallendorff.com\/belogue\/category\/alive\/"},"img":{"alt_text":"","src":"https:\/\/i0.wp.com\/www.wallendorff.com\/belogue\/wp-content\/uploads\/2015\/04\/200805061.jpg?resize=350%2C200&ssl=1","width":350,"height":200,"srcset":"https:\/\/i0.wp.com\/www.wallendorff.com\/belogue\/wp-content\/uploads\/2015\/04\/200805061.jpg?resize=350%2C200&ssl=1 1x, https:\/\/i0.wp.com\/www.wallendorff.com\/belogue\/wp-content\/uploads\/2015\/04\/200805061.jpg?resize=525%2C300&ssl=1 1.5x, https:\/\/i0.wp.com\/www.wallendorff.com\/belogue\/wp-content\/uploads\/2015\/04\/200805061.jpg?resize=700%2C400&ssl=1 2x"},"classes":[]},{"id":1154,"url":"https:\/\/www.wallendorff.com\/belogue\/2008\/02\/04\/killerpilze-le-trabendo-paris-2\/","url_meta":{"origin":1186,"position":1},"title":"KillerPilze @ le Trabendo, Paris.","author":"dpc","date":"4 f\u00e9vrier 2008","format":false,"excerpt":"Fait chaud, Fait chaud faut pas, Faut pas \u00e9tudier. Et tous en ch\u0153ur\u00a0: \u00a0KillerPilze \u2013 Springst Hoch","rel":"","context":"Dans &quot;Alive&quot;","block_context":{"text":"Alive","link":"https:\/\/www.wallendorff.com\/belogue\/category\/alive\/"},"img":{"alt_text":"","src":"https:\/\/i0.wp.com\/www.wallendorff.com\/belogue\/wp-content\/uploads\/2015\/04\/200802041.jpg?resize=350%2C200&ssl=1","width":350,"height":200,"srcset":"https:\/\/i0.wp.com\/www.wallendorff.com\/belogue\/wp-content\/uploads\/2015\/04\/200802041.jpg?resize=350%2C200&ssl=1 1x, https:\/\/i0.wp.com\/www.wallendorff.com\/belogue\/wp-content\/uploads\/2015\/04\/200802041.jpg?resize=525%2C300&ssl=1 1.5x, https:\/\/i0.wp.com\/www.wallendorff.com\/belogue\/wp-content\/uploads\/2015\/04\/200802041.jpg?resize=700%2C400&ssl=1 2x"},"classes":[]},{"id":1137,"url":"https:\/\/www.wallendorff.com\/belogue\/2008\/01\/13\/killerpilze-le-trabendo-paris\/","url_meta":{"origin":1186,"position":2},"title":"KillerPilze @ Trabendo Session, Paris.","author":"dpc","date":"13 janvier 2008","format":false,"excerpt":"On m'avait jamais autant appel\u00e9 \u00ab\u00a0monsieur\u00a0\u00bb. \u00a0I'm from Barcelona \u2013 We're from Barcelona","rel":"","context":"Dans &quot;Alive&quot;","block_context":{"text":"Alive","link":"https:\/\/www.wallendorff.com\/belogue\/category\/alive\/"},"img":{"alt_text":"","src":"https:\/\/i0.wp.com\/www.wallendorff.com\/belogue\/wp-content\/uploads\/2015\/04\/200801131.jpg?resize=350%2C200&ssl=1","width":350,"height":200,"srcset":"https:\/\/i0.wp.com\/www.wallendorff.com\/belogue\/wp-content\/uploads\/2015\/04\/200801131.jpg?resize=350%2C200&ssl=1 1x, https:\/\/i0.wp.com\/www.wallendorff.com\/belogue\/wp-content\/uploads\/2015\/04\/200801131.jpg?resize=525%2C300&ssl=1 1.5x, https:\/\/i0.wp.com\/www.wallendorff.com\/belogue\/wp-content\/uploads\/2015\/04\/200801131.jpg?resize=700%2C400&ssl=1 2x"},"classes":[]},{"id":15,"url":"https:\/\/www.wallendorff.com\/belogue\/2007\/06\/08\/shooting-people-11\/","url_meta":{"origin":1186,"position":3},"title":"Shooting people #11.","author":"dpc","date":"8 juin 2007","format":false,"excerpt":"La Boule Noire, Paris, 21 mai. \u00a0Soul Asylum \u2013 Stand Up and Be Strong","rel":"","context":"Dans &quot;Portraits&quot;","block_context":{"text":"Portraits","link":"https:\/\/www.wallendorff.com\/belogue\/category\/portraits\/"},"img":{"alt_text":"","src":"https:\/\/i0.wp.com\/www.wallendorff.com\/belogue\/wp-content\/uploads\/2015\/04\/200706081.jpg?resize=350%2C200&ssl=1","width":350,"height":200,"srcset":"https:\/\/i0.wp.com\/www.wallendorff.com\/belogue\/wp-content\/uploads\/2015\/04\/200706081.jpg?resize=350%2C200&ssl=1 1x, https:\/\/i0.wp.com\/www.wallendorff.com\/belogue\/wp-content\/uploads\/2015\/04\/200706081.jpg?resize=525%2C300&ssl=1 1.5x, https:\/\/i0.wp.com\/www.wallendorff.com\/belogue\/wp-content\/uploads\/2015\/04\/200706081.jpg?resize=700%2C400&ssl=1 2x"},"classes":[]},{"id":18,"url":"https:\/\/www.wallendorff.com\/belogue\/2006\/11\/08\/souris-a-la-vie\/","url_meta":{"origin":1186,"position":4},"title":"Souris [\u00c0 la vie].","author":"dpc","date":"8 novembre 2006","format":false,"excerpt":"Cat Power, le Grand Rex, Paris, 5 novembre. \u00a0Elista \u2013 Mon ivresse (\u00e0 l'autoroute A3)","rel":"","context":"Dans &quot;DPC&quot;","block_context":{"text":"DPC","link":"https:\/\/www.wallendorff.com\/belogue\/category\/dpc\/"},"img":{"alt_text":"","src":"https:\/\/i0.wp.com\/www.wallendorff.com\/belogue\/wp-content\/uploads\/2015\/04\/200611081.jpg?resize=350%2C200&ssl=1","width":350,"height":200},"classes":[]},{"id":1251,"url":"https:\/\/www.wallendorff.com\/belogue\/2008\/06\/17\/the-wombats-le-trabendo-paris-20-mars\/","url_meta":{"origin":1186,"position":5},"title":"The Wombats @ le Trabendo, Paris, 20 mars.","author":"dpc","date":"17 juin 2008","format":false,"excerpt":"\u00a0The Wombats \u2013 Little Miss Pipedream","rel":"","context":"Dans &quot;Alive&quot;","block_context":{"text":"Alive","link":"https:\/\/www.wallendorff.com\/belogue\/category\/alive\/"},"img":{"alt_text":"","src":"https:\/\/i0.wp.com\/www.wallendorff.com\/belogue\/wp-content\/uploads\/2015\/04\/200806171.jpg?resize=350%2C200&ssl=1","width":350,"height":200,"srcset":"https:\/\/i0.wp.com\/www.wallendorff.com\/belogue\/wp-content\/uploads\/2015\/04\/200806171.jpg?resize=350%2C200&ssl=1 1x, https:\/\/i0.wp.com\/www.wallendorff.com\/belogue\/wp-content\/uploads\/2015\/04\/200806171.jpg?resize=525%2C300&ssl=1 1.5x, https:\/\/i0.wp.com\/www.wallendorff.com\/belogue\/wp-content\/uploads\/2015\/04\/200806171.jpg?resize=700%2C400&ssl=1 2x"},"classes":[]}],"_links":{"self":[{"href":"https:\/\/www.wallendorff.com\/belogue\/wp-json\/wp\/v2\/posts\/1186","targetHints":{"allow":["GET"]}}],"collection":[{"href":"https:\/\/www.wallendorff.com\/belogue\/wp-json\/wp\/v2\/posts"}],"about":[{"href":"https:\/\/www.wallendorff.com\/belogue\/wp-json\/wp\/v2\/types\/post"}],"author":[{"embeddable":true,"href":"https:\/\/www.wallendorff.com\/belogue\/wp-json\/wp\/v2\/users\/1"}],"replies":[{"embeddable":true,"href":"https:\/\/www.wallendorff.com\/belogue\/wp-json\/wp\/v2\/comments?post=1186"}],"version-history":[{"count":3,"href":"https:\/\/www.wallendorff.com\/belogue\/wp-json\/wp\/v2\/posts\/1186\/revisions"}],"predecessor-version":[{"id":13980,"href":"https:\/\/www.wallendorff.com\/belogue\/wp-json\/wp\/v2\/posts\/1186\/revisions\/13980"}],"wp:featuredmedia":[{"embeddable":true,"href":"https:\/\/www.wallendorff.com\/belogue\/wp-json\/wp\/v2\/media\/25110"}],"wp:attachment":[{"href":"https:\/\/www.wallendorff.com\/belogue\/wp-json\/wp\/v2\/media?parent=1186"}],"wp:term":[{"taxonomy":"category","embeddable":true,"href":"https:\/\/www.wallendorff.com\/belogue\/wp-json\/wp\/v2\/categories?post=1186"},{"taxonomy":"post_tag","embeddable":true,"href":"https:\/\/www.wallendorff.com\/belogue\/wp-json\/wp\/v2\/tags?post=1186"}],"curies":[{"name":"wp","href":"https:\/\/api.w.org\/{rel}","templated":true}]}}