{"id":1183,"date":"2008-03-13T10:26:07","date_gmt":"2008-03-13T10:26:07","guid":{"rendered":"http:\/\/www.po-l.com\/wordpress\/?p=1183"},"modified":"2012-02-16T11:26:31","modified_gmt":"2012-02-16T09:26:31","slug":"cote-aube-kurde-d-laf-hrs","status":"publish","type":"post","link":"https:\/\/www.wallendorff.com\/belogue\/2008\/03\/13\/cote-aube-kurde-d-laf-hrs\/","title":{"rendered":"Cot\u00e9e aube kurde d&rsquo;\u00d8laf H\u00f6rs."},"content":{"rendered":"<div id=\"photo\">\n<p><img decoding=\"async\" src=\"https:\/\/www.wallendorff.com\/belogue\/photo\/2008\/03\/20080313.jpg\" \/><br \/>\n La Fl&egrave;che d&rsquo;Or, Paris, 1<sup>er<\/sup> d&eacute;cembre 2007.<\/p>\n<\/div>\n<p style=\"text-align:right\">J&rsquo;ai des envies de moyen format.<\/p>\n<div id=\"bandeson\">\n<p><img decoding=\"async\" src=\"https:\/\/www.wallendorff.com\/belogue\/photo\/pochettes\/k\/kills_the-midnight_boom.jpg\" align=\"left\" \/>&nbsp;<a href=\"http:\/\/www.thekills.tv\">The Kills<\/a> &ndash; <em>M.E.X.I.C.O.C.U<\/em><\/p>\n<\/div>\n","protected":false},"excerpt":{"rendered":"<p>La Fl&egrave;che d&rsquo;Or, Paris, 1er d&eacute;cembre 2007. J&rsquo;ai des envies de moyen format. &nbsp;The Kills &ndash; M.E.X.I.C.O.C.U<\/p>\n","protected":false},"author":1,"featured_media":25108,"comment_status":"open","ping_status":"open","sticky":false,"template":"","format":"standard","meta":{"_acf_changed":false,"ngg_post_thumbnail":0,"jetpack_post_was_ever_published":false,"_jetpack_newsletter_access":"","_jetpack_dont_email_post_to_subs":false,"_jetpack_newsletter_tier_id":0,"_jetpack_memberships_contains_paywalled_content":false,"_jetpack_memberships_contains_paid_content":false,"footnotes":"","jetpack_publicize_message":"","jetpack_publicize_feature_enabled":true,"jetpack_social_post_already_shared":false,"jetpack_social_options":{"image_generator_settings":{"template":"highway","default_image_id":0,"font":"","enabled":false},"version":2}},"categories":[3],"tags":[10216,4628,196,187,10120,10121,10374,2346,4811,143,10098,2345,10212],"class_list":["post-1183","post","type-post","status-publish","format-standard","has-post-thumbnail","hentry","category-dpc","tag-10216","tag-boule-a-facettes","tag-ef-28-70-mm-f28l-usm","tag-eos-1d-mark-ii","tag-france","tag-ile-de-france","tag-la-fleche-dor","tag-mexicocu","tag-midnight-boom","tag-noir-et-blanc","tag-paris","tag-star-wars","tag-the-kills"],"acf":[],"geo":{"latitude":48.8594246,"longitude":2.4029884,"description":"94-104 Rue de Bagnolet, 75020 Paris, France"},"jetpack_publicize_connections":[],"jetpack_featured_media_url":"https:\/\/www.wallendorff.com\/belogue\/wp-content\/uploads\/2015\/04\/200803131.jpg","jetpack_shortlink":"https:\/\/wp.me\/p3b35P-j5","jetpack_sharing_enabled":true,"jetpack-related-posts":[{"id":27116,"url":"https:\/\/www.wallendorff.com\/belogue\/2015\/04\/22\/circa-waves-la-fleche-dor-paris\/","url_meta":{"origin":1183,"position":0},"title":"Circa Waves @ la Fl\u00e8che d&rsquo;Or, Paris.","author":"dpc","date":"22 avril 2015","format":false,"excerpt":"T-Shirt Weather Circa Waves","rel":"","context":"Dans &quot;Alive&quot;","block_context":{"text":"Alive","link":"https:\/\/www.wallendorff.com\/belogue\/category\/alive\/"},"img":{"alt_text":"","src":"https:\/\/i0.wp.com\/www.wallendorff.com\/belogue\/wp-content\/uploads\/2015\/04\/20150422.jpg?resize=350%2C200&ssl=1","width":350,"height":200,"srcset":"https:\/\/i0.wp.com\/www.wallendorff.com\/belogue\/wp-content\/uploads\/2015\/04\/20150422.jpg?resize=350%2C200&ssl=1 1x, https:\/\/i0.wp.com\/www.wallendorff.com\/belogue\/wp-content\/uploads\/2015\/04\/20150422.jpg?resize=525%2C300&ssl=1 1.5x, https:\/\/i0.wp.com\/www.wallendorff.com\/belogue\/wp-content\/uploads\/2015\/04\/20150422.jpg?resize=700%2C400&ssl=1 2x"},"classes":[]},{"id":30838,"url":"https:\/\/www.wallendorff.com\/belogue\/2016\/05\/04\/jake-bugg-la-fleche-dor-paris-2\/","url_meta":{"origin":1183,"position":1},"title":"Jake Bugg @ la Fl\u00e8che d&rsquo;Or, Paris.","author":"dpc","date":"4 mai 2016","format":false,"excerpt":"","rel":"","context":"Dans &quot;Alive&quot;","block_context":{"text":"Alive","link":"https:\/\/www.wallendorff.com\/belogue\/category\/alive\/"},"img":{"alt_text":"","src":"https:\/\/i0.wp.com\/www.wallendorff.com\/belogue\/wp-content\/uploads\/2016\/05\/20160504-03-1.jpg?resize=350%2C200&ssl=1","width":350,"height":200,"srcset":"https:\/\/i0.wp.com\/www.wallendorff.com\/belogue\/wp-content\/uploads\/2016\/05\/20160504-03-1.jpg?resize=350%2C200&ssl=1 1x, https:\/\/i0.wp.com\/www.wallendorff.com\/belogue\/wp-content\/uploads\/2016\/05\/20160504-03-1.jpg?resize=525%2C300&ssl=1 1.5x, https:\/\/i0.wp.com\/www.wallendorff.com\/belogue\/wp-content\/uploads\/2016\/05\/20160504-03-1.jpg?resize=700%2C400&ssl=1 2x"},"classes":[]},{"id":19621,"url":"https:\/\/www.wallendorff.com\/belogue\/2012\/11\/22\/mystery-jets-oh-othello-la-fleche-dor-paris\/","url_meta":{"origin":1183,"position":2},"title":"Mystery Jets + Oh Othello @ la Fl\u00e8che d&rsquo;Or, Paris.","author":"dpc","date":"22 novembre 2012","format":false,"excerpt":"The Datsuns \u2013 Gold Halo Oh Othello \u00a0 Mystery Jets \u00a0","rel":"","context":"Dans &quot;Alive&quot;","block_context":{"text":"Alive","link":"https:\/\/www.wallendorff.com\/belogue\/category\/alive\/"},"img":{"alt_text":"","src":"https:\/\/i0.wp.com\/www.wallendorff.com\/belogue\/wp-content\/uploads\/2015\/04\/201211221.jpg?resize=350%2C200&ssl=1","width":350,"height":200,"srcset":"https:\/\/i0.wp.com\/www.wallendorff.com\/belogue\/wp-content\/uploads\/2015\/04\/201211221.jpg?resize=350%2C200&ssl=1 1x, https:\/\/i0.wp.com\/www.wallendorff.com\/belogue\/wp-content\/uploads\/2015\/04\/201211221.jpg?resize=525%2C300&ssl=1 1.5x, https:\/\/i0.wp.com\/www.wallendorff.com\/belogue\/wp-content\/uploads\/2015\/04\/201211221.jpg?resize=700%2C400&ssl=1 2x"},"classes":[]},{"id":23866,"url":"https:\/\/www.wallendorff.com\/belogue\/2015\/02\/19\/balinger-3somesisters-la-fleche-dor-paris-16-fevrier\/","url_meta":{"origin":1183,"position":3},"title":"Balinger + 3sOmEsiStERs @ la Fl\u00e8che d&rsquo;Or, Paris, 16 f\u00e9vrier.","author":"dpc","date":"19 f\u00e9vrier 2015","format":false,"excerpt":"3sOmEsiStERs Balinger \u00a0","rel":"","context":"Dans &quot;Alive&quot;","block_context":{"text":"Alive","link":"https:\/\/www.wallendorff.com\/belogue\/category\/alive\/"},"img":{"alt_text":"","src":"https:\/\/i0.wp.com\/www.wallendorff.com\/belogue\/wp-content\/uploads\/2015\/04\/201502201.jpg?resize=350%2C200&ssl=1","width":350,"height":200,"srcset":"https:\/\/i0.wp.com\/www.wallendorff.com\/belogue\/wp-content\/uploads\/2015\/04\/201502201.jpg?resize=350%2C200&ssl=1 1x, https:\/\/i0.wp.com\/www.wallendorff.com\/belogue\/wp-content\/uploads\/2015\/04\/201502201.jpg?resize=525%2C300&ssl=1 1.5x, https:\/\/i0.wp.com\/www.wallendorff.com\/belogue\/wp-content\/uploads\/2015\/04\/201502201.jpg?resize=700%2C400&ssl=1 2x"},"classes":[]},{"id":7642,"url":"https:\/\/www.wallendorff.com\/belogue\/2010\/06\/06\/menomena-junip-la-fleche-dor-paris\/","url_meta":{"origin":1183,"position":4},"title":"Menomena + Junip @ la Fl\u00e8che d&rsquo;Or, Paris.","author":"dpc","date":"6 juin 2010","format":false,"excerpt":"\u00a0Junip \u2013 Far Away Junip Menomena","rel":"","context":"Dans &quot;Alive&quot;","block_context":{"text":"Alive","link":"https:\/\/www.wallendorff.com\/belogue\/category\/alive\/"},"img":{"alt_text":"","src":"https:\/\/i0.wp.com\/www.wallendorff.com\/belogue\/wp-content\/uploads\/2015\/04\/201006061.jpg?resize=350%2C200&ssl=1","width":350,"height":200,"srcset":"https:\/\/i0.wp.com\/www.wallendorff.com\/belogue\/wp-content\/uploads\/2015\/04\/201006061.jpg?resize=350%2C200&ssl=1 1x, https:\/\/i0.wp.com\/www.wallendorff.com\/belogue\/wp-content\/uploads\/2015\/04\/201006061.jpg?resize=525%2C300&ssl=1 1.5x, https:\/\/i0.wp.com\/www.wallendorff.com\/belogue\/wp-content\/uploads\/2015\/04\/201006061.jpg?resize=700%2C400&ssl=1 2x"},"classes":[]},{"id":4102,"url":"https:\/\/www.wallendorff.com\/belogue\/2009\/04\/01\/ben-lee-la-fleche-dor-paris\/","url_meta":{"origin":1183,"position":5},"title":"Ben Lee @ la Fl\u00e8che d&rsquo;Or, Paris.","author":"dpc","date":"1 avril 2009","format":false,"excerpt":"Kasabian \u2013 Vlad the Impaler","rel":"","context":"Dans &quot;Alive&quot;","block_context":{"text":"Alive","link":"https:\/\/www.wallendorff.com\/belogue\/category\/alive\/"},"img":{"alt_text":"","src":"https:\/\/i0.wp.com\/www.wallendorff.com\/belogue\/wp-content\/uploads\/2015\/04\/200904011.jpg?resize=350%2C200&ssl=1","width":350,"height":200,"srcset":"https:\/\/i0.wp.com\/www.wallendorff.com\/belogue\/wp-content\/uploads\/2015\/04\/200904011.jpg?resize=350%2C200&ssl=1 1x, https:\/\/i0.wp.com\/www.wallendorff.com\/belogue\/wp-content\/uploads\/2015\/04\/200904011.jpg?resize=525%2C300&ssl=1 1.5x, https:\/\/i0.wp.com\/www.wallendorff.com\/belogue\/wp-content\/uploads\/2015\/04\/200904011.jpg?resize=700%2C400&ssl=1 2x"},"classes":[]}],"_links":{"self":[{"href":"https:\/\/www.wallendorff.com\/belogue\/wp-json\/wp\/v2\/posts\/1183","targetHints":{"allow":["GET"]}}],"collection":[{"href":"https:\/\/www.wallendorff.com\/belogue\/wp-json\/wp\/v2\/posts"}],"about":[{"href":"https:\/\/www.wallendorff.com\/belogue\/wp-json\/wp\/v2\/types\/post"}],"author":[{"embeddable":true,"href":"https:\/\/www.wallendorff.com\/belogue\/wp-json\/wp\/v2\/users\/1"}],"replies":[{"embeddable":true,"href":"https:\/\/www.wallendorff.com\/belogue\/wp-json\/wp\/v2\/comments?post=1183"}],"version-history":[{"count":1,"href":"https:\/\/www.wallendorff.com\/belogue\/wp-json\/wp\/v2\/posts\/1183\/revisions"}],"predecessor-version":[{"id":15903,"href":"https:\/\/www.wallendorff.com\/belogue\/wp-json\/wp\/v2\/posts\/1183\/revisions\/15903"}],"wp:featuredmedia":[{"embeddable":true,"href":"https:\/\/www.wallendorff.com\/belogue\/wp-json\/wp\/v2\/media\/25108"}],"wp:attachment":[{"href":"https:\/\/www.wallendorff.com\/belogue\/wp-json\/wp\/v2\/media?parent=1183"}],"wp:term":[{"taxonomy":"category","embeddable":true,"href":"https:\/\/www.wallendorff.com\/belogue\/wp-json\/wp\/v2\/categories?post=1183"},{"taxonomy":"post_tag","embeddable":true,"href":"https:\/\/www.wallendorff.com\/belogue\/wp-json\/wp\/v2\/tags?post=1183"}],"curies":[{"name":"wp","href":"https:\/\/api.w.org\/{rel}","templated":true}]}}