{"id":11814,"date":"2011-01-17T11:53:32","date_gmt":"2011-01-17T10:53:32","guid":{"rendered":"http:\/\/www.po-l.com\/belogue\/?p=11814"},"modified":"2012-01-11T10:59:01","modified_gmt":"2012-01-11T08:59:01","slug":"la-fille-sur-le-pont","status":"publish","type":"post","link":"https:\/\/www.wallendorff.com\/belogue\/2011\/01\/17\/la-fille-sur-le-pont\/","title":{"rendered":"La Fille [sur le pont]."},"content":{"rendered":"\n<p style=\"text-align:right\"><em>Paris, samedi 27 novembre 2010, 7h30<\/em>.<\/p>\n<p>D&eacute;j&agrave; r&eacute;veill&eacute; et pas de bonne raison de rester au lit (plus jamais de bonne raison de rester au lit). Choisir une destination au hasard. Monter dans le m&eacute;tro vide. S&rsquo;&eacute;garer sur le pont des Arts, au milieu de deux touristes japonais et un papy parti chercher son pain.<\/p>\n<p style=\"text-align:right\">Frissonner [un peu].<\/p>\n<p style=\"text-align:right\">Arpenter les planches. Remarquer  la fille sur le pont.<\/p>\n<p>La d&eacute;passer, tourner autour. De loin, discr&egrave;tement. La d&eacute;tailler. La regarder prendre des photos de la Seine avec son t&eacute;l&eacute;phone en s&rsquo;esclaffant. S&rsquo;interroger sur la pr&eacute;sence d&rsquo;autant de sacs Starb&uuml;que une bonne heure avant l&rsquo;ouverture de ceux du quartier. En conclure qu&rsquo;elle attend quelqu&rsquo;un. &Ecirc;tre frapp&eacute; par tant de joie matinale sur un pont venteux par 2&nbsp;&deg;C. Se rappeler ses propres joies matinales, <a href=\"https:\/\/www.wallendorff.com\/belogue\/2004\/12\/18\/schripol-three-hours-three-pix\/\">quand les aurores &eacute;taient le prolongement de longues journ&eacute;es<\/a>. En d&eacute;duire qu&rsquo;elle d&eacute;barque &agrave; l&rsquo;instant de New York avec un Starb&uuml;que achet&eacute; sur Broadway. Improbable, mais tellement plus joli. La prendre en photo de dos, passer devant elle en lui souriant, s&rsquo;&eacute;loigner pour essayer d&rsquo;avoir son visage, foirer sa tentative au t&eacute;l&eacute;objectif. Grommeler.<\/p>\n<p style=\"text-align:right\">La regarder se lever, reprendre ses sacs et s&rsquo;&eacute;loigner en trottinant vers les arcades du Louvre.<\/p>\n<p>Rester l&agrave; &agrave;  penser que l&rsquo;on n&rsquo;a pas de photo de son visage, que son souvenir s&rsquo;estompera, qu&rsquo;elle restera <em>La Fille sur le pont<\/em>, cette fille qui commande son caf&eacute; &agrave; Manhattan pour venir le boire froid &agrave; Paris en prenant des photos avec son Blackberry. Une l&eacute;gende plut&ocirc;t qu&rsquo;une vraie personne. <em>La Dame blanche<\/em> du frappucino. Ne garder qu&rsquo;une photo, la trouver un peu trop proche de celles de <em><a href=\"https:\/\/www.wallendorff.com\/belogue\/2010\/10\/18\/fjord-siesta\/\">La Fille sur le ponton<\/a><\/em>, <em><a href=\"https:\/\/www.wallendorff.com\/belogue\/2008\/05\/14\/digue\/\">La Fille sur la jet&eacute;e<\/a><\/em> voire <em><a href=\"https:\/\/www.wallendorff.com\/belogue\/2010\/09\/16\/mire-ou-menent-iles\/\">La Fille sur le rocher<\/a><\/em> mais la publier quand m&ecirc;me, parce qu&rsquo;il n&rsquo;y a pas que les photos dans la vie&nbsp;; il y a les histoires qui se racontent autour, aussi.<\/p>\n<div id=\"photo\">\n<p><img decoding=\"async\" src=\"https:\/\/www.wallendorff.com\/belogue\/photo\/2011\/01\/20110117.jpg\" \/><br \/>\nPont des Arts, Paris, 27 novembre 2010.<\/p>\n<\/p><\/div>\n<div id=\"bandeson\">\n<p><img decoding=\"async\" src=\"https:\/\/www.wallendorff.com\/belogue\/photo\/pochettes\/c\/campbell_isobel-mark_lanegan-hawk.jpg\" align=\"left\" \/>&nbsp;<a href=\"http:\/\/www.myspace.com\/isobelcampbell\">Isobel Campbell<\/a> &amp; <a href=\"http:\/\/www.myspace.com\/marklanegan\">Mark Lanegan<\/a> &ndash; <em>To Hell and Back Again<\/em><\/p>\n<\/p><\/div>\n","protected":false},"excerpt":{"rendered":"<p>Paris, samedi 27 novembre 2010, 7h30. D&eacute;j&agrave; r&eacute;veill&eacute; et pas de bonne raison de rester au lit (plus jamais de bonne raison de rester au lit). Choisir une destination au hasard. Monter dans le m&eacute;tro vide. S&rsquo;&eacute;garer sur le pont des Arts, au milieu de deux touristes japonais et un papy parti chercher son pain.&hellip;<\/p>\n","protected":false},"author":1,"featured_media":26060,"comment_status":"open","ping_status":"open","sticky":false,"template":"","format":"standard","meta":{"_acf_changed":false,"ngg_post_thumbnail":0,"jetpack_post_was_ever_published":false,"_jetpack_newsletter_access":"","_jetpack_dont_email_post_to_subs":false,"_jetpack_newsletter_tier_id":0,"_jetpack_memberships_contains_paywalled_content":false,"_jetpack_memberships_contains_paid_content":false,"footnotes":"","jetpack_publicize_message":"","jetpack_publicize_feature_enabled":true,"jetpack_social_post_already_shared":false,"jetpack_social_options":{"image_generator_settings":{"template":"highway","default_image_id":0,"font":"","enabled":false},"version":2}},"categories":[8],"tags":[10182,10250,3524,10226,2571,2615,10144,10311,10484,10340,10640,10120,10663,10121,10362,10278,10363,10599,10098,10380,10368,10673,10286,1646,4606],"class_list":["post-11814","post","type-post","status-publish","format-standard","has-post-thumbnail","hentry","category-portraits","tag-10182","tag-10250","tag-aurore","tag-banc","tag-ef-16-35-mm-f28l-ii-usm","tag-eos-5d-mark-ii","tag-ciel","tag-dos","tag-eau","tag-fille","tag-fleuve","tag-france","tag-hiver","tag-ile-de-france","tag-isobel-campbell","tag-lampadaire","tag-mark-lanegan","tag-nuage","tag-paris","tag-pont","tag-pont-des-arts","tag-riviere","tag-seine","tag-starbucks","tag-to-hell-and-back-again"],"acf":[],"geo":{"latitude":48.8585587,"longitude":2.337604,"description":"Pont des Arts, 75001 Paris, France"},"jetpack_publicize_connections":[],"jetpack_featured_media_url":"https:\/\/www.wallendorff.com\/belogue\/wp-content\/uploads\/2015\/04\/201101172.jpg","jetpack_shortlink":"https:\/\/wp.me\/p3b35P-34y","jetpack_sharing_enabled":true,"jetpack-related-posts":[{"id":23074,"url":"https:\/\/www.wallendorff.com\/belogue\/2014\/06\/27\/dix-ans-dinstants\/","url_meta":{"origin":11814,"position":0},"title":"Dix ans d&rsquo;instants.","author":"dpc","date":"27 juin 2014","format":false,"excerpt":"Dix ans de secondes qui s'\u00e9coul\u00e8rent comme des ans. 75 Nord, 25 ao\u00fbt 2004. 75 Nord, D\u00e9troit, 25 ao\u00fbt 2004. \u00ab\u00a0La pluie. Violente. Un orage comme on n'en trouve qu\u2019ici. Ball and Biscuit tr\u00e8s tr\u00e8s fort, \u00e7a prend une toute autre dimension, quand on roule \u00e0 travers D\u00e9troit, qu\u2019on passe\u2026","rel":"","context":"Dans &quot;DPC&quot;","block_context":{"text":"DPC","link":"https:\/\/www.wallendorff.com\/belogue\/category\/dpc\/"},"img":{"alt_text":"","src":"https:\/\/i0.wp.com\/www.wallendorff.com\/belogue\/wp-content\/uploads\/2015\/04\/201101173.jpg?resize=350%2C200&ssl=1","width":350,"height":200,"srcset":"https:\/\/i0.wp.com\/www.wallendorff.com\/belogue\/wp-content\/uploads\/2015\/04\/201101173.jpg?resize=350%2C200&ssl=1 1x, https:\/\/i0.wp.com\/www.wallendorff.com\/belogue\/wp-content\/uploads\/2015\/04\/201101173.jpg?resize=525%2C300&ssl=1 1.5x, https:\/\/i0.wp.com\/www.wallendorff.com\/belogue\/wp-content\/uploads\/2015\/04\/201101173.jpg?resize=700%2C400&ssl=1 2x"},"classes":[]},{"id":131069,"url":"https:\/\/www.wallendorff.com\/belogue\/2024\/10\/31\/octobre-2024\/","url_meta":{"origin":11814,"position":1},"title":"Octobre 2024.","author":"dpc","date":"31 octobre 2024","format":false,"excerpt":"Un ap\u00e9ro, une fresque, un ap\u00e9ro, un au-revoir, un reflet, une valise, des avions, une ruelle, un chat pr\u00e9nomm\u00e9 PREEEEGO, un livre \u00e0 l\u2019ombre, un reflet, une \u0153uvre d\u2019art, une pause, un avion, des toques, un graffiti, une bande dessin\u00e9e, un mus\u00e9e, une tour, un chat pr\u00e9nomm\u00e9 Plume, une expo,\u2026","rel":"","context":"Dans &quot;Blog-note&quot;","block_context":{"text":"Blog-note","link":"https:\/\/www.wallendorff.com\/belogue\/category\/blog-note\/"},"img":{"alt_text":"","src":"https:\/\/i0.wp.com\/www.wallendorff.com\/belogue\/wp-content\/uploads\/2024\/11\/20241116-09.jpg?resize=350%2C200&ssl=1","width":350,"height":200,"srcset":"https:\/\/i0.wp.com\/www.wallendorff.com\/belogue\/wp-content\/uploads\/2024\/11\/20241116-09.jpg?resize=350%2C200&ssl=1 1x, https:\/\/i0.wp.com\/www.wallendorff.com\/belogue\/wp-content\/uploads\/2024\/11\/20241116-09.jpg?resize=525%2C300&ssl=1 1.5x, https:\/\/i0.wp.com\/www.wallendorff.com\/belogue\/wp-content\/uploads\/2024\/11\/20241116-09.jpg?resize=700%2C400&ssl=1 2x, https:\/\/i0.wp.com\/www.wallendorff.com\/belogue\/wp-content\/uploads\/2024\/11\/20241116-09.jpg?resize=1050%2C600&ssl=1 3x"},"classes":[]},{"id":12103,"url":"https:\/\/www.wallendorff.com\/belogue\/2011\/01\/28\/the-girl-on-the-bridge\/","url_meta":{"origin":11814,"position":2},"title":"The girl [on the bridge].","author":"dpc","date":"28 janvier 2011","format":false,"excerpt":"Pont des Arts, Paris, 22 d\u00e9cembre 2010. Yes, it is posed. It is not La fille sur le pont. There is no blond girl from who-knows-where taking pictures of the Seine with her phone. No Starbucks bag, no sneaking, no mystery, but the story of a Saturday night walk in\u2026","rel":"","context":"Dans &quot;Portraits&quot;","block_context":{"text":"Portraits","link":"https:\/\/www.wallendorff.com\/belogue\/category\/portraits\/"},"img":{"alt_text":"","src":"https:\/\/i0.wp.com\/www.wallendorff.com\/belogue\/wp-content\/uploads\/2015\/04\/201101281.jpg?resize=350%2C200&ssl=1","width":350,"height":200,"srcset":"https:\/\/i0.wp.com\/www.wallendorff.com\/belogue\/wp-content\/uploads\/2015\/04\/201101281.jpg?resize=350%2C200&ssl=1 1x, https:\/\/i0.wp.com\/www.wallendorff.com\/belogue\/wp-content\/uploads\/2015\/04\/201101281.jpg?resize=525%2C300&ssl=1 1.5x, https:\/\/i0.wp.com\/www.wallendorff.com\/belogue\/wp-content\/uploads\/2015\/04\/201101281.jpg?resize=700%2C400&ssl=1 2x"},"classes":[]},{"id":127786,"url":"https:\/\/www.wallendorff.com\/belogue\/2024\/03\/31\/mars-2024\/","url_meta":{"origin":11814,"position":3},"title":"Mars 2024.","author":"dpc","date":"31 mars 2024","format":false,"excerpt":"Un parapluie, un chat pr\u00e9nomm\u00e9 Paupiette, un bouchon, un puzzle, une terrasse, une for\u00eat, un pr\u00e9, un marais, un ciel de nuit, une tente, un banc, un m\u00e9tro, un quai, un escalator, un reflet, un logo, un m\u00e9tro, un concert, des bi\u00e8res, un bout de chat, un banc, un arbre,\u2026","rel":"","context":"Dans &quot;Blog-note&quot;","block_context":{"text":"Blog-note","link":"https:\/\/www.wallendorff.com\/belogue\/category\/blog-note\/"},"img":{"alt_text":"","src":"https:\/\/i0.wp.com\/www.wallendorff.com\/belogue\/wp-content\/uploads\/2024\/04\/20240418-32.jpg?resize=350%2C200&ssl=1","width":350,"height":200,"srcset":"https:\/\/i0.wp.com\/www.wallendorff.com\/belogue\/wp-content\/uploads\/2024\/04\/20240418-32.jpg?resize=350%2C200&ssl=1 1x, https:\/\/i0.wp.com\/www.wallendorff.com\/belogue\/wp-content\/uploads\/2024\/04\/20240418-32.jpg?resize=525%2C300&ssl=1 1.5x, https:\/\/i0.wp.com\/www.wallendorff.com\/belogue\/wp-content\/uploads\/2024\/04\/20240418-32.jpg?resize=700%2C400&ssl=1 2x, https:\/\/i0.wp.com\/www.wallendorff.com\/belogue\/wp-content\/uploads\/2024\/04\/20240418-32.jpg?resize=1050%2C600&ssl=1 3x"},"classes":[]},{"id":131919,"url":"https:\/\/www.wallendorff.com\/belogue\/2025\/02\/28\/fevrier-2025\/","url_meta":{"origin":11814,"position":4},"title":"F\u00e9vrier 2025.","author":"dpc","date":"28 f\u00e9vrier 2025","format":false,"excerpt":"Un rayon de soleil, un bout de plante, un canap\u00e9, un rayon de soleil, un appartement, un escalier, un m\u00e9tro, un coup de phares, un chat pr\u00e9nomm\u00e9 Plume, une voiture, une p\u00e9niche, une route, un feu de bois, une rotonde ferroviaire, un wagon, des locomotives, des outils, des chiens pr\u00e9nomm\u00e9s\u2026","rel":"","context":"Dans &quot;Blog-note&quot;","block_context":{"text":"Blog-note","link":"https:\/\/www.wallendorff.com\/belogue\/category\/blog-note\/"},"img":{"alt_text":"","src":"https:\/\/i0.wp.com\/www.wallendorff.com\/belogue\/wp-content\/uploads\/2025\/03\/20250323-54.jpg?resize=350%2C200&ssl=1","width":350,"height":200,"srcset":"https:\/\/i0.wp.com\/www.wallendorff.com\/belogue\/wp-content\/uploads\/2025\/03\/20250323-54.jpg?resize=350%2C200&ssl=1 1x, https:\/\/i0.wp.com\/www.wallendorff.com\/belogue\/wp-content\/uploads\/2025\/03\/20250323-54.jpg?resize=525%2C300&ssl=1 1.5x, https:\/\/i0.wp.com\/www.wallendorff.com\/belogue\/wp-content\/uploads\/2025\/03\/20250323-54.jpg?resize=700%2C400&ssl=1 2x, https:\/\/i0.wp.com\/www.wallendorff.com\/belogue\/wp-content\/uploads\/2025\/03\/20250323-54.jpg?resize=1050%2C600&ssl=1 3x"},"classes":[]},{"id":134263,"url":"https:\/\/www.wallendorff.com\/belogue\/2025\/10\/31\/octobre-2025\/","url_meta":{"origin":11814,"position":5},"title":"Octobre 2025.","author":"dpc","date":"31 octobre 2025","format":false,"excerpt":"Une valise, un m\u00e9tro, un quai de Seine, un m\u00e9tro, un quai de m\u00e9tro, une voiture, un TER, une gare, un TGV, un matin calme, une grosse p\u00e9niche, un arr\u00eat de bus, une paire de jambes, une lampe, un tableau, une expo, une silhouette, une grosse horloge, un reflet, un\u2026","rel":"","context":"Dans &quot;Blog-note&quot;","block_context":{"text":"Blog-note","link":"https:\/\/www.wallendorff.com\/belogue\/category\/blog-note\/"},"img":{"alt_text":"","src":"https:\/\/i0.wp.com\/www.wallendorff.com\/belogue\/wp-content\/uploads\/2025\/11\/20251103-17.jpg?resize=350%2C200&ssl=1","width":350,"height":200,"srcset":"https:\/\/i0.wp.com\/www.wallendorff.com\/belogue\/wp-content\/uploads\/2025\/11\/20251103-17.jpg?resize=350%2C200&ssl=1 1x, https:\/\/i0.wp.com\/www.wallendorff.com\/belogue\/wp-content\/uploads\/2025\/11\/20251103-17.jpg?resize=525%2C300&ssl=1 1.5x, https:\/\/i0.wp.com\/www.wallendorff.com\/belogue\/wp-content\/uploads\/2025\/11\/20251103-17.jpg?resize=700%2C400&ssl=1 2x, https:\/\/i0.wp.com\/www.wallendorff.com\/belogue\/wp-content\/uploads\/2025\/11\/20251103-17.jpg?resize=1050%2C600&ssl=1 3x"},"classes":[]}],"_links":{"self":[{"href":"https:\/\/www.wallendorff.com\/belogue\/wp-json\/wp\/v2\/posts\/11814","targetHints":{"allow":["GET"]}}],"collection":[{"href":"https:\/\/www.wallendorff.com\/belogue\/wp-json\/wp\/v2\/posts"}],"about":[{"href":"https:\/\/www.wallendorff.com\/belogue\/wp-json\/wp\/v2\/types\/post"}],"author":[{"embeddable":true,"href":"https:\/\/www.wallendorff.com\/belogue\/wp-json\/wp\/v2\/users\/1"}],"replies":[{"embeddable":true,"href":"https:\/\/www.wallendorff.com\/belogue\/wp-json\/wp\/v2\/comments?post=11814"}],"version-history":[{"count":1,"href":"https:\/\/www.wallendorff.com\/belogue\/wp-json\/wp\/v2\/posts\/11814\/revisions"}],"predecessor-version":[{"id":15305,"href":"https:\/\/www.wallendorff.com\/belogue\/wp-json\/wp\/v2\/posts\/11814\/revisions\/15305"}],"wp:featuredmedia":[{"embeddable":true,"href":"https:\/\/www.wallendorff.com\/belogue\/wp-json\/wp\/v2\/media\/26060"}],"wp:attachment":[{"href":"https:\/\/www.wallendorff.com\/belogue\/wp-json\/wp\/v2\/media?parent=11814"}],"wp:term":[{"taxonomy":"category","embeddable":true,"href":"https:\/\/www.wallendorff.com\/belogue\/wp-json\/wp\/v2\/categories?post=11814"},{"taxonomy":"post_tag","embeddable":true,"href":"https:\/\/www.wallendorff.com\/belogue\/wp-json\/wp\/v2\/tags?post=11814"}],"curies":[{"name":"wp","href":"https:\/\/api.w.org\/{rel}","templated":true}]}}