{"id":1180,"date":"2008-03-10T10:23:39","date_gmt":"2008-03-10T10:23:39","guid":{"rendered":"http:\/\/www.po-l.com\/wordpress\/?p=1180"},"modified":"2012-02-13T15:08:10","modified_gmt":"2012-02-13T13:08:10","slug":"tant-qu-y-est-l-verres-durent","status":"publish","type":"post","link":"https:\/\/www.wallendorff.com\/belogue\/2008\/03\/10\/tant-qu-y-est-l-verres-durent\/","title":{"rendered":"Tant qu&rsquo;y est l\u00e0, verres durent\u00b9."},"content":{"rendered":"<div id=\"photo\">\n<p><img decoding=\"async\" src=\"https:\/\/www.wallendorff.com\/belogue\/photo\/2008\/03\/20080310.jpg\" \/><br \/>\nPlace de chambre, Metz, 8 mars.<\/p>\n<\/div>\n<p style=\"text-align:right\"><em>There&rsquo;s nothing like homes.<\/em><\/p>\n<div id=\"bandeson\">\n<p><img decoding=\"async\" src=\"https:\/\/www.wallendorff.com\/belogue\/photo\/pochettes\/i\/im_from_barcelona-let_me_introduce_my_friends.jpg\" align=\"left\" \/>&nbsp;<a href=\"http:\/\/www.imfrombarcelona.com\">I&rsquo;m from Barcelona<\/a> &ndash; <em>Rec &amp; Play<\/em><\/p>\n<\/p><\/div>\n<div id=\"bas_note\">\n<p>_____<\/p>\n<p><sup>1<\/sup> Longtemps h&eacute;sit&eacute; avec &laquo;&nbsp;t&rsquo;enquiller l&agrave; verres durs&nbsp;&raquo; avant de finir en pouf-pouf. C&rsquo;est pas facile de faire des choix le lundi matin.<\/p>\n<\/div>\n","protected":false},"excerpt":{"rendered":"<p>Place de chambre, Metz, 8 mars. There&rsquo;s nothing like homes. &nbsp;I&rsquo;m from Barcelona &ndash; Rec &amp; Play _____ 1 Longtemps h&eacute;sit&eacute; avec &laquo;&nbsp;t&rsquo;enquiller l&agrave; verres durs&nbsp;&raquo; avant de finir en pouf-pouf. C&rsquo;est pas facile de faire des choix le lundi matin.<\/p>\n","protected":false},"author":1,"featured_media":25105,"comment_status":"open","ping_status":"open","sticky":false,"template":"","format":"standard","meta":{"_acf_changed":false,"ngg_post_thumbnail":0,"jetpack_post_was_ever_published":false,"_jetpack_newsletter_access":"","_jetpack_dont_email_post_to_subs":false,"_jetpack_newsletter_tier_id":0,"_jetpack_memberships_contains_paywalled_content":false,"_jetpack_memberships_contains_paid_content":false,"footnotes":"","jetpack_publicize_message":"","jetpack_publicize_feature_enabled":true,"jetpack_social_post_already_shared":false,"jetpack_social_options":{"image_generator_settings":{"template":"highway","default_image_id":0,"font":"","enabled":false},"version":2}},"categories":[3],"tags":[1016,187,417,10210,10120,10431,4564,10175,10173,10174,143,10476,2341],"class_list":["post-1180","post","type-post","status-publish","format-standard","has-post-thumbnail","hentry","category-dpc","tag-ef-15-mm-f28-fisheye","tag-eos-1d-mark-ii","tag-cathedrale-saint-etienne","tag-escalier","tag-france","tag-im-from-barcelona","tag-let-me-introduce-my-friends","tag-lorraine","tag-metz","tag-moselle","tag-noir-et-blanc","tag-place-de-chambre","tag-rec-play"],"acf":[],"geo":{"latitude":49.1205215,"longitude":6.1748419,"description":null},"jetpack_publicize_connections":[],"jetpack_featured_media_url":"https:\/\/www.wallendorff.com\/belogue\/wp-content\/uploads\/2015\/04\/200803101.jpg","jetpack_shortlink":"https:\/\/wp.me\/p3b35P-j2","jetpack_sharing_enabled":true,"jetpack-related-posts":[{"id":204,"url":"https:\/\/www.wallendorff.com\/belogue\/2006\/01\/15\/this-metz-we-re-in\/","url_meta":{"origin":1180,"position":0},"title":"This Metz We&rsquo;re In.","author":"dpc","date":"15 janvier 2006","format":false,"excerpt":"Place d'Armes, Metz, 15 janvier, 00h27. J'ai compt\u00e9 les stations, les kilom\u00e8tres, les pages, J'ai compt\u00e9 les cigarettes, les verres, les gens, J'ai compt\u00e9 les minutes de retard, les \u00e9tages \u00e0 monter, les caf\u00e9s \u00e0 boire, Les photos, les Ricard, encore les gens, les croissants, les Steinhoff, Les bi\u00e8res, les\u2026","rel":"","context":"Dans &quot;DPC&quot;","block_context":{"text":"DPC","link":"https:\/\/www.wallendorff.com\/belogue\/category\/dpc\/"},"img":{"alt_text":"","src":"https:\/\/i0.wp.com\/www.wallendorff.com\/belogue\/wp-content\/uploads\/2015\/04\/200601151.jpg?resize=350%2C200&ssl=1","width":350,"height":200},"classes":[]},{"id":7733,"url":"https:\/\/www.wallendorff.com\/belogue\/2010\/06\/21\/chambre-des-communes\/","url_meta":{"origin":1180,"position":1},"title":"Chambre des communes.","author":"dpc","date":"21 juin 2010","format":false,"excerpt":"Metz, 21 mai. Non mais c'est de l'art, vous pouvez pas comprendre. \u00a0Oasis \u2013 Rock n'Roll Star1 (live London Roundhouse 2009) _____ 1 Oui c'est ironique. S'il y a bien un jour dans l'ann\u00e9e o\u00f9 l'on ne risque pas d'en croiser, des rock stars, c'est bien le 21 juin.","rel":"","context":"Dans &quot;DPC&quot;","block_context":{"text":"DPC","link":"https:\/\/www.wallendorff.com\/belogue\/category\/dpc\/"},"img":{"alt_text":"","src":"https:\/\/i0.wp.com\/www.wallendorff.com\/belogue\/wp-content\/uploads\/2015\/04\/201006211.jpg?resize=350%2C200&ssl=1","width":350,"height":200},"classes":[]},{"id":1161,"url":"https:\/\/www.wallendorff.com\/belogue\/2008\/02\/13\/nuit-gt-rare-dos\/","url_meta":{"origin":1180,"position":2},"title":"\u00c0 nuit g\u00eet rare dos.","author":"dpc","date":"13 f\u00e9vrier 2008","format":false,"excerpt":"Place de Chambre, Metz, 18 janvier. Trop rare. \u00a0Interpol \u2013 Pioneer to the Fall (orchestral)","rel":"","context":"Dans &quot;DPC&quot;","block_context":{"text":"DPC","link":"https:\/\/www.wallendorff.com\/belogue\/category\/dpc\/"},"img":{"alt_text":"","src":"https:\/\/i0.wp.com\/www.wallendorff.com\/belogue\/wp-content\/uploads\/2015\/04\/200802131.jpg?resize=350%2C200&ssl=1","width":350,"height":200},"classes":[]},{"id":22156,"url":"https:\/\/www.wallendorff.com\/belogue\/2013\/12\/13\/gotham\/","url_meta":{"origin":1180,"position":3},"title":"Gotham.","author":"dpc","date":"13 d\u00e9cembre 2013","format":false,"excerpt":"Place de Chambre, Metz, 18 novembre. Hit Void Primal Scream","rel":"","context":"Dans &quot;DPC&quot;","block_context":{"text":"DPC","link":"https:\/\/www.wallendorff.com\/belogue\/category\/dpc\/"},"img":{"alt_text":"","src":"https:\/\/i0.wp.com\/www.wallendorff.com\/belogue\/wp-content\/uploads\/2015\/04\/201312131.jpg?resize=350%2C200&ssl=1","width":350,"height":200,"srcset":"https:\/\/i0.wp.com\/www.wallendorff.com\/belogue\/wp-content\/uploads\/2015\/04\/201312131.jpg?resize=350%2C200&ssl=1 1x, https:\/\/i0.wp.com\/www.wallendorff.com\/belogue\/wp-content\/uploads\/2015\/04\/201312131.jpg?resize=525%2C300&ssl=1 1.5x, https:\/\/i0.wp.com\/www.wallendorff.com\/belogue\/wp-content\/uploads\/2015\/04\/201312131.jpg?resize=700%2C400&ssl=1 2x"},"classes":[]},{"id":135693,"url":"https:\/\/www.wallendorff.com\/belogue\/2026\/03\/27\/tcho-metz\/","url_meta":{"origin":1180,"position":4},"title":"Tch\u00f4 Metz.","author":"dpc","date":"27 mars 2026","format":false,"excerpt":"","rel":"","context":"Dans &quot;DPC&quot;","block_context":{"text":"DPC","link":"https:\/\/www.wallendorff.com\/belogue\/category\/dpc\/"},"img":{"alt_text":"","src":"https:\/\/i0.wp.com\/www.wallendorff.com\/belogue\/wp-content\/uploads\/2026\/03\/20260327-10.jpg?resize=350%2C200&ssl=1","width":350,"height":200,"srcset":"https:\/\/i0.wp.com\/www.wallendorff.com\/belogue\/wp-content\/uploads\/2026\/03\/20260327-10.jpg?resize=350%2C200&ssl=1 1x, https:\/\/i0.wp.com\/www.wallendorff.com\/belogue\/wp-content\/uploads\/2026\/03\/20260327-10.jpg?resize=525%2C300&ssl=1 1.5x, https:\/\/i0.wp.com\/www.wallendorff.com\/belogue\/wp-content\/uploads\/2026\/03\/20260327-10.jpg?resize=700%2C400&ssl=1 2x, https:\/\/i0.wp.com\/www.wallendorff.com\/belogue\/wp-content\/uploads\/2026\/03\/20260327-10.jpg?resize=1050%2C600&ssl=1 3x"},"classes":[]},{"id":355,"url":"https:\/\/www.wallendorff.com\/belogue\/2005\/06\/03\/feodations-in-vitraux\/","url_meta":{"origin":1180,"position":5},"title":"F&eacute;odations in vitraux.","author":"dpc","date":"3 juin 2005","format":false,"excerpt":"Place de Chambre, Metz, 27 mai. [c'est pas encore de la courtoisie, mais presque.] \u00a0Guns N' Roses \u2013 Used to Love Her","rel":"","context":"Dans &quot;DPC&quot;","block_context":{"text":"DPC","link":"https:\/\/www.wallendorff.com\/belogue\/category\/dpc\/"},"img":{"alt_text":"","src":"https:\/\/i0.wp.com\/www.wallendorff.com\/belogue\/wp-content\/uploads\/2015\/04\/200506031.jpg?resize=350%2C200&ssl=1","width":350,"height":200},"classes":[]}],"_links":{"self":[{"href":"https:\/\/www.wallendorff.com\/belogue\/wp-json\/wp\/v2\/posts\/1180","targetHints":{"allow":["GET"]}}],"collection":[{"href":"https:\/\/www.wallendorff.com\/belogue\/wp-json\/wp\/v2\/posts"}],"about":[{"href":"https:\/\/www.wallendorff.com\/belogue\/wp-json\/wp\/v2\/types\/post"}],"author":[{"embeddable":true,"href":"https:\/\/www.wallendorff.com\/belogue\/wp-json\/wp\/v2\/users\/1"}],"replies":[{"embeddable":true,"href":"https:\/\/www.wallendorff.com\/belogue\/wp-json\/wp\/v2\/comments?post=1180"}],"version-history":[{"count":1,"href":"https:\/\/www.wallendorff.com\/belogue\/wp-json\/wp\/v2\/posts\/1180\/revisions"}],"predecessor-version":[{"id":15845,"href":"https:\/\/www.wallendorff.com\/belogue\/wp-json\/wp\/v2\/posts\/1180\/revisions\/15845"}],"wp:featuredmedia":[{"embeddable":true,"href":"https:\/\/www.wallendorff.com\/belogue\/wp-json\/wp\/v2\/media\/25105"}],"wp:attachment":[{"href":"https:\/\/www.wallendorff.com\/belogue\/wp-json\/wp\/v2\/media?parent=1180"}],"wp:term":[{"taxonomy":"category","embeddable":true,"href":"https:\/\/www.wallendorff.com\/belogue\/wp-json\/wp\/v2\/categories?post=1180"},{"taxonomy":"post_tag","embeddable":true,"href":"https:\/\/www.wallendorff.com\/belogue\/wp-json\/wp\/v2\/tags?post=1180"}],"curies":[{"name":"wp","href":"https:\/\/api.w.org\/{rel}","templated":true}]}}