{"id":118,"date":"2006-04-07T13:40:00","date_gmt":"2006-04-07T13:40:00","guid":{"rendered":"http:\/\/www.po-l.com\/wordpress\/?p=118"},"modified":"2012-02-28T10:43:07","modified_gmt":"2012-02-28T08:43:07","slug":"paix-terree-petessons-dans-un-bateau","status":"publish","type":"post","link":"https:\/\/www.wallendorff.com\/belogue\/2006\/04\/07\/paix-terree-petessons-dans-un-bateau\/","title":{"rendered":"Paix terr&eacute;e, p&eacute;tessons&sup1; dans un bateau."},"content":{"rendered":"<div id=\"photo\">\n<p><img decoding=\"async\" src=\"http:\/\/www.po-L.com\/belogue\/photo\/2006\/04\/20060407.jpg\"><br \/>\nCMC, 31 mars.<\/p>\n<\/div>\n<p style=\"text-align:right\">&Ecirc;tre un gros flemmard &agrave; court d&rsquo;id&eacute;e en 2006, c&rsquo;est faire une note toute neuve en recyclant celles du <a href=\"https:\/\/www.wallendorff.com\/belogue\/2006\/03\/07\/jaune-j-aune-j-one-j-1\/\">7 mars<\/a> et du <a href=\"https:\/\/www.wallendorff.com\/belogue\/2005\/11\/23\/art-work-2\/\">23 novembre<\/a>. Yeah.<\/p>\n<div id=\"bandeson\">\n<p><img decoding=\"async\" src=\"https:\/\/www.wallendorff.com\/belogue\/photo\/pochettes\/c\/cure_the-kiss_me_kiss_me_kiss_me.jpg\" align=\"left\" \/>&nbsp;<a href=\"http:\/\/www.thecure.com\/\">The Cure<\/a> &ndash; <em>Why Can&rsquo;t I Be You?<\/em><\/p>\n<\/div>\n<p>_____<\/p>\n<div id=\"bas_note\">\n<p><sup>1<\/sup> &laquo;&nbsp;Pa&icirc;tessons&nbsp;&raquo; est la premi&egrave;re personne du pluriel de l&rsquo;imp&eacute;ratif pr&eacute;sent du verbe pa&icirc;tesser, ancienne forme de pa&icirc;tre, qui a dispara&icirc;tess&eacute;<sup>2<\/sup> lors de l&rsquo;invention du 3<sup>e<\/sup> groupe, en 1547.<\/p>\n<p><sup>2<\/sup> &laquo;&nbsp;Dispara&icirc;tess&eacute;&nbsp;&raquo; est le participe pass&eacute; du verbe dispara&icirc;tesser, qu&rsquo;on a envoy&eacute; pa&icirc;tesser<sup>3<\/sup> lors de la m&ecirc;me r&eacute;forme, au profit de dispara&icirc;tre.<\/p>\n<p><sup>3<\/sup> Cf. <sup> 1<\/sup>.<\/p>\n<\/div>\n","protected":false},"excerpt":{"rendered":"<p>CMC, 31 mars. &Ecirc;tre un gros flemmard &agrave; court d&rsquo;id&eacute;e en 2006, c&rsquo;est faire une note toute neuve en recyclant celles du 7 mars et du 23 novembre. Yeah. &nbsp;The Cure &ndash; Why Can&rsquo;t I Be You? _____ 1 &laquo;&nbsp;Pa&icirc;tessons&nbsp;&raquo; est la premi&egrave;re personne du pluriel de l&rsquo;imp&eacute;ratif pr&eacute;sent du verbe pa&icirc;tesser, ancienne forme de&hellip;<\/p>\n","protected":false},"author":1,"featured_media":24052,"comment_status":"open","ping_status":"open","sticky":false,"template":"","format":"standard","meta":{"_acf_changed":false,"ngg_post_thumbnail":0,"jetpack_post_was_ever_published":false,"_jetpack_newsletter_access":"","_jetpack_dont_email_post_to_subs":false,"_jetpack_newsletter_tier_id":0,"_jetpack_memberships_contains_paywalled_content":false,"_jetpack_memberships_contains_paid_content":false,"footnotes":"","jetpack_publicize_message":"","jetpack_publicize_feature_enabled":true,"jetpack_social_post_already_shared":false,"jetpack_social_options":{"image_generator_settings":{"template":"highway","default_image_id":0,"font":"","enabled":false},"version":2}},"categories":[3],"tags":[10145,132,10246,10249,173,139,1326,695],"class_list":["post-118","post","type-post","status-publish","format-standard","has-post-thumbnail","hentry","category-dpc","tag-bureau","tag-eos-20d","tag-contre-jour","tag-francais","tag-sigma-28-70-mm-f28-dg-ex","tag-the-cure","tag-touillette","tag-why-cant-i-be-you"],"acf":[],"geo":null,"jetpack_publicize_connections":[],"jetpack_featured_media_url":"https:\/\/www.wallendorff.com\/belogue\/wp-content\/uploads\/2015\/04\/200604071.jpg","jetpack_shortlink":"https:\/\/wp.me\/p3b35P-1U","jetpack_sharing_enabled":true,"jetpack-related-posts":[{"id":127786,"url":"https:\/\/www.wallendorff.com\/belogue\/2024\/03\/31\/mars-2024\/","url_meta":{"origin":118,"position":0},"title":"Mars 2024.","author":"dpc","date":"31 mars 2024","format":false,"excerpt":"Un parapluie, un chat pr\u00e9nomm\u00e9 Paupiette, un bouchon, un puzzle, une terrasse, une for\u00eat, un pr\u00e9, un marais, un ciel de nuit, une tente, un banc, un m\u00e9tro, un quai, un escalator, un reflet, un logo, un m\u00e9tro, un concert, des bi\u00e8res, un bout de chat, un banc, un arbre,\u2026","rel":"","context":"Dans &quot;Blog-note&quot;","block_context":{"text":"Blog-note","link":"https:\/\/www.wallendorff.com\/belogue\/category\/blog-note\/"},"img":{"alt_text":"","src":"https:\/\/i0.wp.com\/www.wallendorff.com\/belogue\/wp-content\/uploads\/2024\/04\/20240418-32.jpg?resize=350%2C200&ssl=1","width":350,"height":200,"srcset":"https:\/\/i0.wp.com\/www.wallendorff.com\/belogue\/wp-content\/uploads\/2024\/04\/20240418-32.jpg?resize=350%2C200&ssl=1 1x, https:\/\/i0.wp.com\/www.wallendorff.com\/belogue\/wp-content\/uploads\/2024\/04\/20240418-32.jpg?resize=525%2C300&ssl=1 1.5x, https:\/\/i0.wp.com\/www.wallendorff.com\/belogue\/wp-content\/uploads\/2024\/04\/20240418-32.jpg?resize=700%2C400&ssl=1 2x, https:\/\/i0.wp.com\/www.wallendorff.com\/belogue\/wp-content\/uploads\/2024\/04\/20240418-32.jpg?resize=1050%2C600&ssl=1 3x"},"classes":[]},{"id":128420,"url":"https:\/\/www.wallendorff.com\/belogue\/2024\/06\/17\/cetait-2009\/","url_meta":{"origin":118,"position":1},"title":"C&rsquo;\u00e9tait 2009.","author":"dpc","date":"17 juin 2024","format":false,"excerpt":"2009, tentatives. Paris, 17 jenvier 2009. Paris, 14 f\u00e9vrier 2009. Paris, 2 mars 2009. Eagles of Death Metal @ le Bataclan, Paris, 27 mars 2009 Milwaukee, 28 avril 2009. Chicago, 29 avril 2009. Michigan, 1er mai 2009. D\u00e9troit, 3 mai 2009. Franz Ferdinand @ Clutch Cargo\u2019s, Pontiac, 03 mai 2009\u2026","rel":"","context":"Dans &quot;DPC&quot;","block_context":{"text":"DPC","link":"https:\/\/www.wallendorff.com\/belogue\/category\/dpc\/"},"img":{"alt_text":"","src":"https:\/\/i0.wp.com\/www.wallendorff.com\/belogue\/wp-content\/uploads\/2024\/06\/20240617-13.jpg?resize=350%2C200&ssl=1","width":350,"height":200,"srcset":"https:\/\/i0.wp.com\/www.wallendorff.com\/belogue\/wp-content\/uploads\/2024\/06\/20240617-13.jpg?resize=350%2C200&ssl=1 1x, https:\/\/i0.wp.com\/www.wallendorff.com\/belogue\/wp-content\/uploads\/2024\/06\/20240617-13.jpg?resize=525%2C300&ssl=1 1.5x, https:\/\/i0.wp.com\/www.wallendorff.com\/belogue\/wp-content\/uploads\/2024\/06\/20240617-13.jpg?resize=700%2C400&ssl=1 2x, https:\/\/i0.wp.com\/www.wallendorff.com\/belogue\/wp-content\/uploads\/2024\/06\/20240617-13.jpg?resize=1050%2C600&ssl=1 3x"},"classes":[]},{"id":124188,"url":"https:\/\/www.wallendorff.com\/belogue\/2023\/03\/31\/mars-2023\/","url_meta":{"origin":118,"position":2},"title":"Mars 2023.","author":"dpc","date":"31 mars 2023","format":false,"excerpt":"Un train, un fauteuil, des culs de chats, une plage, un portail, une plage, un c\u0153ur, un champ, un rocher, un bisou, un rocher, un arbre, un viaduc, un rideau, un chat, une falaise, un rocher, un sentier, un bonnet, une falaise, un oc\u00e9an, un miroir, des branches, un RER,\u2026","rel":"","context":"Dans &quot;Blog-note&quot;","block_context":{"text":"Blog-note","link":"https:\/\/www.wallendorff.com\/belogue\/category\/blog-note\/"},"img":{"alt_text":"","src":"https:\/\/i0.wp.com\/www.wallendorff.com\/belogue\/wp-content\/uploads\/2023\/04\/20230413-19.jpg?resize=350%2C200&ssl=1","width":350,"height":200,"srcset":"https:\/\/i0.wp.com\/www.wallendorff.com\/belogue\/wp-content\/uploads\/2023\/04\/20230413-19.jpg?resize=350%2C200&ssl=1 1x, https:\/\/i0.wp.com\/www.wallendorff.com\/belogue\/wp-content\/uploads\/2023\/04\/20230413-19.jpg?resize=525%2C300&ssl=1 1.5x, https:\/\/i0.wp.com\/www.wallendorff.com\/belogue\/wp-content\/uploads\/2023\/04\/20230413-19.jpg?resize=700%2C400&ssl=1 2x, https:\/\/i0.wp.com\/www.wallendorff.com\/belogue\/wp-content\/uploads\/2023\/04\/20230413-19.jpg?resize=1050%2C600&ssl=1 3x"},"classes":[]},{"id":124588,"url":"https:\/\/www.wallendorff.com\/belogue\/2023\/05\/26\/hier-qui-houle-namasse-pas-housse\/","url_meta":{"origin":118,"position":3},"title":"Hier qui houle n&rsquo;amasse pas housse.","author":"dpc","date":"26 mai 2023","format":false,"excerpt":"Beg an Diben, Plougasnou, 5 mars 2023.","rel":"","context":"Dans &quot;DPC&quot;","block_context":{"text":"DPC","link":"https:\/\/www.wallendorff.com\/belogue\/category\/dpc-en\/"},"img":{"alt_text":"","src":"https:\/\/i0.wp.com\/www.wallendorff.com\/belogue\/wp-content\/uploads\/2023\/05\/20230526.jpg?resize=350%2C200&ssl=1","width":350,"height":200,"srcset":"https:\/\/i0.wp.com\/www.wallendorff.com\/belogue\/wp-content\/uploads\/2023\/05\/20230526.jpg?resize=350%2C200&ssl=1 1x, https:\/\/i0.wp.com\/www.wallendorff.com\/belogue\/wp-content\/uploads\/2023\/05\/20230526.jpg?resize=525%2C300&ssl=1 1.5x, https:\/\/i0.wp.com\/www.wallendorff.com\/belogue\/wp-content\/uploads\/2023\/05\/20230526.jpg?resize=700%2C400&ssl=1 2x, https:\/\/i0.wp.com\/www.wallendorff.com\/belogue\/wp-content\/uploads\/2023\/05\/20230526.jpg?resize=1050%2C600&ssl=1 3x"},"classes":[]},{"id":128454,"url":"https:\/\/www.wallendorff.com\/belogue\/2024\/06\/18\/cetait-2010\/","url_meta":{"origin":118,"position":4},"title":"C&rsquo;\u00e9tait 2010.","author":"dpc","date":"18 juin 2024","format":false,"excerpt":"2010, ann\u00e9e z\u00e9ro. Paris, 9 janvier 2010. Black Rebel Motorcycle Club, Paris, 27 janvier 2010 Mumford & Sons, Paris, 21 f\u00e9vrier 2010 John Butler Trio @ la Boule Noire, Paris, 15 mars 2010 Dieppe, 20 mars 2010. Paris, 25 avril 2010. Gossip @ le Z\u00e9nith, Paris, 26 mai 2010 Gossip\u2026","rel":"","context":"Dans &quot;DPC&quot;","block_context":{"text":"DPC","link":"https:\/\/www.wallendorff.com\/belogue\/category\/dpc\/"},"img":{"alt_text":"","src":"https:\/\/i0.wp.com\/www.wallendorff.com\/belogue\/wp-content\/uploads\/2024\/06\/20240618-20.jpg?resize=350%2C200&ssl=1","width":350,"height":200,"srcset":"https:\/\/i0.wp.com\/www.wallendorff.com\/belogue\/wp-content\/uploads\/2024\/06\/20240618-20.jpg?resize=350%2C200&ssl=1 1x, https:\/\/i0.wp.com\/www.wallendorff.com\/belogue\/wp-content\/uploads\/2024\/06\/20240618-20.jpg?resize=525%2C300&ssl=1 1.5x, https:\/\/i0.wp.com\/www.wallendorff.com\/belogue\/wp-content\/uploads\/2024\/06\/20240618-20.jpg?resize=700%2C400&ssl=1 2x, https:\/\/i0.wp.com\/www.wallendorff.com\/belogue\/wp-content\/uploads\/2024\/06\/20240618-20.jpg?resize=1050%2C600&ssl=1 3x"},"classes":[]},{"id":128605,"url":"https:\/\/www.wallendorff.com\/belogue\/2024\/06\/23\/cetait-2015\/","url_meta":{"origin":118,"position":5},"title":"C&rsquo;\u00e9tait 2015.","author":"dpc","date":"23 juin 2024","format":false,"excerpt":"2015, secousses. Paris, 7 janvier 2015. Mademoiselle K @ la Cigale, Paris, 26 janvier 2015 Vienne, 20 f\u00e9vrier 2015. New York, 13 mars 2015. Courtney Barnett @ les Femmes s\u2019en M\u00ealent, le Divan du Monde, Paris, 25 mars 2015 Wroc\u0142aw, 12 mai 2015. Eagles of Death Metal @ le Trianon,\u2026","rel":"","context":"Dans &quot;DPC&quot;","block_context":{"text":"DPC","link":"https:\/\/www.wallendorff.com\/belogue\/category\/dpc\/"},"img":{"alt_text":"","src":"https:\/\/i0.wp.com\/www.wallendorff.com\/belogue\/wp-content\/uploads\/2024\/06\/20240623-19.jpg?resize=350%2C200&ssl=1","width":350,"height":200,"srcset":"https:\/\/i0.wp.com\/www.wallendorff.com\/belogue\/wp-content\/uploads\/2024\/06\/20240623-19.jpg?resize=350%2C200&ssl=1 1x, https:\/\/i0.wp.com\/www.wallendorff.com\/belogue\/wp-content\/uploads\/2024\/06\/20240623-19.jpg?resize=525%2C300&ssl=1 1.5x, https:\/\/i0.wp.com\/www.wallendorff.com\/belogue\/wp-content\/uploads\/2024\/06\/20240623-19.jpg?resize=700%2C400&ssl=1 2x, https:\/\/i0.wp.com\/www.wallendorff.com\/belogue\/wp-content\/uploads\/2024\/06\/20240623-19.jpg?resize=1050%2C600&ssl=1 3x"},"classes":[]}],"_links":{"self":[{"href":"https:\/\/www.wallendorff.com\/belogue\/wp-json\/wp\/v2\/posts\/118","targetHints":{"allow":["GET"]}}],"collection":[{"href":"https:\/\/www.wallendorff.com\/belogue\/wp-json\/wp\/v2\/posts"}],"about":[{"href":"https:\/\/www.wallendorff.com\/belogue\/wp-json\/wp\/v2\/types\/post"}],"author":[{"embeddable":true,"href":"https:\/\/www.wallendorff.com\/belogue\/wp-json\/wp\/v2\/users\/1"}],"replies":[{"embeddable":true,"href":"https:\/\/www.wallendorff.com\/belogue\/wp-json\/wp\/v2\/comments?post=118"}],"version-history":[{"count":1,"href":"https:\/\/www.wallendorff.com\/belogue\/wp-json\/wp\/v2\/posts\/118\/revisions"}],"predecessor-version":[{"id":16103,"href":"https:\/\/www.wallendorff.com\/belogue\/wp-json\/wp\/v2\/posts\/118\/revisions\/16103"}],"wp:featuredmedia":[{"embeddable":true,"href":"https:\/\/www.wallendorff.com\/belogue\/wp-json\/wp\/v2\/media\/24052"}],"wp:attachment":[{"href":"https:\/\/www.wallendorff.com\/belogue\/wp-json\/wp\/v2\/media?parent=118"}],"wp:term":[{"taxonomy":"category","embeddable":true,"href":"https:\/\/www.wallendorff.com\/belogue\/wp-json\/wp\/v2\/categories?post=118"},{"taxonomy":"post_tag","embeddable":true,"href":"https:\/\/www.wallendorff.com\/belogue\/wp-json\/wp\/v2\/tags?post=118"}],"curies":[{"name":"wp","href":"https:\/\/api.w.org\/{rel}","templated":true}]}}