{"id":1178,"date":"2008-03-06T09:49:52","date_gmt":"2008-03-06T09:49:52","guid":{"rendered":"http:\/\/www.po-l.com\/wordpress\/?p=1178"},"modified":"2011-10-25T13:10:28","modified_gmt":"2011-10-25T11:10:28","slug":"the-coral-l-lyse-montmartre-paris-6-dcembre-2007","status":"publish","type":"post","link":"https:\/\/www.wallendorff.com\/belogue\/2008\/03\/06\/the-coral-l-lyse-montmartre-paris-6-dcembre-2007\/","title":{"rendered":"The Coral @ l&rsquo;\u00c9lys\u00e9e-Montmartre, Paris, 6 d\u00e9cembre 2007."},"content":{"rendered":"\n<div id=\"photo\">\n<p><img decoding=\"async\" src=\"https:\/\/www.wallendorff.com\/belogue\/photo\/2008\/03\/20080306.jpg\" \/><\/p>\n<\/p><\/div>\n<div id=\"bandeson\">\n<p><img decoding=\"async\" src=\"https:\/\/www.wallendorff.com\/belogue\/photo\/pochettes\/o\/oasis-familiar_to_millions.jpg\" align=\"left\" \/>&nbsp;<a href=\"http:\/\/www.oasininet.com\/\">Oasis<\/a> &ndash; <em>Step Out<\/em> (live)<\/p>\n<\/div>ngg_shortcode_0_placeholder","protected":false},"excerpt":{"rendered":"<p>&nbsp;Oasis &ndash; Step Out (live)<\/p>\n","protected":false},"author":1,"featured_media":25103,"comment_status":"open","ping_status":"open","sticky":false,"template":"","format":"standard","meta":{"_acf_changed":false,"ngg_post_thumbnail":0,"jetpack_post_was_ever_published":false,"_jetpack_newsletter_access":"","_jetpack_dont_email_post_to_subs":false,"_jetpack_newsletter_tier_id":0,"_jetpack_memberships_contains_paywalled_content":false,"_jetpack_memberships_contains_paid_content":false,"footnotes":"","jetpack_publicize_message":"","jetpack_publicize_feature_enabled":true,"jetpack_social_post_already_shared":false,"jetpack_social_options":{"image_generator_settings":{"template":"highway","default_image_id":0,"font":"","enabled":false},"version":2}},"categories":[7],"tags":[10134,10143,10084,4516,196,187,10120,10192,10121,10276,143,408,10098,1633,2234],"class_list":["post-1178","post","type-post","status-publish","format-standard","has-post-thumbnail","hentry","category-alive","tag-10134","tag-10143","tag-alive","tag-boulevard-rochechouart","tag-ef-28-70-mm-f28l-usm","tag-eos-1d-mark-ii","tag-france","tag-guitare","tag-ile-de-france","tag-lelysee-montmartre","tag-noir-et-blanc","tag-oasis","tag-paris","tag-step-out","tag-the-coral"],"acf":[],"geo":{"latitude":48.883007,"longitude":2.3433254,"description":"72 Boulevard de Rochechouart, 75018 Paris, France"},"jetpack_publicize_connections":[],"jetpack_featured_media_url":"https:\/\/www.wallendorff.com\/belogue\/wp-content\/uploads\/2015\/04\/200803061.jpg","jetpack_shortlink":"https:\/\/wp.me\/p3b35P-j0","jetpack_sharing_enabled":true,"jetpack-related-posts":[{"id":1102,"url":"https:\/\/www.wallendorff.com\/belogue\/2007\/12\/07\/the-coral-l-lyse-montmartre-paris\/","url_meta":{"origin":1178,"position":0},"title":"The Coral @ l&rsquo;\u00c9lys\u00e9e-Montmartre, Paris.","author":"dpc","date":"7 d\u00e9cembre 2007","format":false,"excerpt":"Je vous la fais rapide, parce que j'ai pas le temps\u00a0: Je mets une guitare pour une fois, parce que \u00e7a nous change des pieds. Oui, et \u00e7a nous change aussi du noir et blanc crasseux, oui. Ahah. The Coral est un bien chouette groupe, qui se transforme savamment en\u2026","rel":"","context":"Dans &quot;Alive&quot;","block_context":{"text":"Alive","link":"https:\/\/www.wallendorff.com\/belogue\/category\/alive\/"},"img":{"alt_text":"","src":"https:\/\/i0.wp.com\/www.wallendorff.com\/belogue\/wp-content\/uploads\/2015\/04\/200712071.jpg?resize=350%2C200&ssl=1","width":350,"height":200,"srcset":"https:\/\/i0.wp.com\/www.wallendorff.com\/belogue\/wp-content\/uploads\/2015\/04\/200712071.jpg?resize=350%2C200&ssl=1 1x, https:\/\/i0.wp.com\/www.wallendorff.com\/belogue\/wp-content\/uploads\/2015\/04\/200712071.jpg?resize=525%2C300&ssl=1 1.5x"},"classes":[]},{"id":974,"url":"https:\/\/www.wallendorff.com\/belogue\/2007\/06\/13\/mademoiselle-k-l-elysee-montmartre-paris\/","url_meta":{"origin":1178,"position":1},"title":"Mademoiselle K @ l&rsquo;\u00c9lys\u00e9e-Montmartre, Paris.","author":"dpc","date":"13 juin 2007","format":false,"excerpt":"\u00catre rock en 2007, c'est renier le cornichon pour soutenir la betterave. \u00a0Flogging Molly \u2013 Devil's Dance Floor (acoustic)","rel":"","context":"Dans &quot;Alive&quot;","block_context":{"text":"Alive","link":"https:\/\/www.wallendorff.com\/belogue\/category\/alive\/"},"img":{"alt_text":"","src":"https:\/\/i0.wp.com\/www.wallendorff.com\/belogue\/wp-content\/uploads\/2015\/04\/200706131.jpg?resize=350%2C200&ssl=1","width":350,"height":200,"srcset":"https:\/\/i0.wp.com\/www.wallendorff.com\/belogue\/wp-content\/uploads\/2015\/04\/200706131.jpg?resize=350%2C200&ssl=1 1x, https:\/\/i0.wp.com\/www.wallendorff.com\/belogue\/wp-content\/uploads\/2015\/04\/200706131.jpg?resize=525%2C300&ssl=1 1.5x, https:\/\/i0.wp.com\/www.wallendorff.com\/belogue\/wp-content\/uploads\/2015\/04\/200706131.jpg?resize=700%2C400&ssl=1 2x"},"classes":[]},{"id":979,"url":"https:\/\/www.wallendorff.com\/belogue\/2007\/06\/21\/narrow-terence-l-elysee-montmartre-paris-12-juin\/","url_meta":{"origin":1178,"position":2},"title":"Narrow Terence @ l&rsquo;\u00c9lys\u00e9e-Montmartre, Paris, 12 juin.","author":"dpc","date":"21 juin 2007","format":false,"excerpt":"\u00a0Yeah Yeah Yeahs \u2013 Rockers to Swallow (live)","rel":"","context":"Dans &quot;Alive&quot;","block_context":{"text":"Alive","link":"https:\/\/www.wallendorff.com\/belogue\/category\/alive\/"},"img":{"alt_text":"","src":"https:\/\/i0.wp.com\/www.wallendorff.com\/belogue\/wp-content\/uploads\/2015\/04\/200706211.jpg?resize=350%2C200&ssl=1","width":350,"height":200,"srcset":"https:\/\/i0.wp.com\/www.wallendorff.com\/belogue\/wp-content\/uploads\/2015\/04\/200706211.jpg?resize=350%2C200&ssl=1 1x, https:\/\/i0.wp.com\/www.wallendorff.com\/belogue\/wp-content\/uploads\/2015\/04\/200706211.jpg?resize=525%2C300&ssl=1 1.5x, https:\/\/i0.wp.com\/www.wallendorff.com\/belogue\/wp-content\/uploads\/2015\/04\/200706211.jpg?resize=700%2C400&ssl=1 2x"},"classes":[]},{"id":948,"url":"https:\/\/www.wallendorff.com\/belogue\/2007\/05\/10\/195queens-of-the-stone-age-l-elysee-montmartre-paris\/","url_meta":{"origin":1178,"position":3},"title":"[195] Queens of the Stone Age @ l&rsquo;\u00c9lys\u00e9e-Montmartre, Paris.","author":"dpc","date":"10 mai 2007","format":false,"excerpt":"H\u00e9h\u00e9h\u00e9, \u00e0 5\u00a0cm pr\u00e8s, je coupais aussi la main gauche du Josh Homme et apr\u00e8s \u00e7a et \u00e7a, on \u00e9tait parti pour une nouvelle s\u00e9rie de sinistrachirophobie, dis donc. \u00a0The Raconteurs \u2013 Level (live)","rel":"","context":"Dans &quot;Alive&quot;","block_context":{"text":"Alive","link":"https:\/\/www.wallendorff.com\/belogue\/category\/alive\/"},"img":{"alt_text":"","src":"https:\/\/i0.wp.com\/www.wallendorff.com\/belogue\/wp-content\/uploads\/2015\/04\/200705101.jpg?resize=350%2C200&ssl=1","width":350,"height":200},"classes":[]},{"id":1153,"url":"https:\/\/www.wallendorff.com\/belogue\/2008\/02\/01\/black-rebel-motorcycle-club-l-lyse-montmartre-paris-20-novembre-2007\/","url_meta":{"origin":1178,"position":4},"title":"Black Rebel Motorcycle Club @ l&rsquo;\u00c9lys\u00e9e-Montmartre, Paris, 20 novembre 2007.","author":"dpc","date":"1 f\u00e9vrier 2008","format":false,"excerpt":"Je sais que \u00e7a date mais y a des fois o\u00f9 on n'a pas le choix, hein. \u00a0Black Rebel Motorcycle Club \u2013 Ain't No Easy Way (live acoustic)","rel":"","context":"Dans &quot;Alive&quot;","block_context":{"text":"Alive","link":"https:\/\/www.wallendorff.com\/belogue\/category\/alive\/"},"img":{"alt_text":"","src":"https:\/\/i0.wp.com\/www.wallendorff.com\/belogue\/wp-content\/uploads\/2015\/04\/200802011.jpg?resize=350%2C200&ssl=1","width":350,"height":200,"srcset":"https:\/\/i0.wp.com\/www.wallendorff.com\/belogue\/wp-content\/uploads\/2015\/04\/200802011.jpg?resize=350%2C200&ssl=1 1x, https:\/\/i0.wp.com\/www.wallendorff.com\/belogue\/wp-content\/uploads\/2015\/04\/200802011.jpg?resize=525%2C300&ssl=1 1.5x, https:\/\/i0.wp.com\/www.wallendorff.com\/belogue\/wp-content\/uploads\/2015\/04\/200802011.jpg?resize=700%2C400&ssl=1 2x"},"classes":[]},{"id":33901,"url":"https:\/\/www.wallendorff.com\/belogue\/2017\/04\/26\/isaac-delusion-lelysee-montmartre-paris\/","url_meta":{"origin":1178,"position":5},"title":"Isaac Delusion @ l&rsquo;\u00c9lys\u00e9e-Montmartre, Paris.","author":"dpc","date":"26 avril 2017","format":false,"excerpt":"","rel":"","context":"Dans &quot;Alive&quot;","block_context":{"text":"Alive","link":"https:\/\/www.wallendorff.com\/belogue\/category\/alive\/"},"img":{"alt_text":"","src":"https:\/\/i0.wp.com\/www.wallendorff.com\/belogue\/wp-content\/uploads\/2017\/04\/20170426-13.jpg?resize=350%2C200&ssl=1","width":350,"height":200,"srcset":"https:\/\/i0.wp.com\/www.wallendorff.com\/belogue\/wp-content\/uploads\/2017\/04\/20170426-13.jpg?resize=350%2C200&ssl=1 1x, https:\/\/i0.wp.com\/www.wallendorff.com\/belogue\/wp-content\/uploads\/2017\/04\/20170426-13.jpg?resize=525%2C300&ssl=1 1.5x, https:\/\/i0.wp.com\/www.wallendorff.com\/belogue\/wp-content\/uploads\/2017\/04\/20170426-13.jpg?resize=700%2C400&ssl=1 2x"},"classes":[]}],"_links":{"self":[{"href":"https:\/\/www.wallendorff.com\/belogue\/wp-json\/wp\/v2\/posts\/1178","targetHints":{"allow":["GET"]}}],"collection":[{"href":"https:\/\/www.wallendorff.com\/belogue\/wp-json\/wp\/v2\/posts"}],"about":[{"href":"https:\/\/www.wallendorff.com\/belogue\/wp-json\/wp\/v2\/types\/post"}],"author":[{"embeddable":true,"href":"https:\/\/www.wallendorff.com\/belogue\/wp-json\/wp\/v2\/users\/1"}],"replies":[{"embeddable":true,"href":"https:\/\/www.wallendorff.com\/belogue\/wp-json\/wp\/v2\/comments?post=1178"}],"version-history":[{"count":2,"href":"https:\/\/www.wallendorff.com\/belogue\/wp-json\/wp\/v2\/posts\/1178\/revisions"}],"predecessor-version":[{"id":13981,"href":"https:\/\/www.wallendorff.com\/belogue\/wp-json\/wp\/v2\/posts\/1178\/revisions\/13981"}],"wp:featuredmedia":[{"embeddable":true,"href":"https:\/\/www.wallendorff.com\/belogue\/wp-json\/wp\/v2\/media\/25103"}],"wp:attachment":[{"href":"https:\/\/www.wallendorff.com\/belogue\/wp-json\/wp\/v2\/media?parent=1178"}],"wp:term":[{"taxonomy":"category","embeddable":true,"href":"https:\/\/www.wallendorff.com\/belogue\/wp-json\/wp\/v2\/categories?post=1178"},{"taxonomy":"post_tag","embeddable":true,"href":"https:\/\/www.wallendorff.com\/belogue\/wp-json\/wp\/v2\/tags?post=1178"}],"curies":[{"name":"wp","href":"https:\/\/api.w.org\/{rel}","templated":true}]}}