{"id":1175,"date":"2008-03-01T00:11:24","date_gmt":"2008-03-01T00:11:24","guid":{"rendered":"http:\/\/www.po-l.com\/wordpress\/?p=1175"},"modified":"2012-02-10T11:18:49","modified_gmt":"2012-02-10T09:18:49","slug":"l-ennui-toutes-les-chasses-aigries","status":"publish","type":"post","link":"https:\/\/www.wallendorff.com\/belogue\/2008\/03\/01\/l-ennui-toutes-les-chasses-aigries\/","title":{"rendered":"L&rsquo;ennui, toutes les chasses aigries."},"content":{"rendered":"<div id=\"photo\">\n<p><img decoding=\"async\" src=\"https:\/\/www.wallendorff.com\/belogue\/photo\/2008\/03\/20080301.jpg\" \/><br \/>\n Salon de la meuh-meuh, Paris, 29 f&eacute;vrier.<\/p>\n<\/div>\n<div id=\"bandeson\">\n<p><img decoding=\"async\" src=\"https:\/\/www.wallendorff.com\/belogue\/photo\/pochettes\/b\/blakes_the-the_blakes.jpg\" align=\"left\" \/>&nbsp;<a href=\"http:\/\/www.myspace.com\/theblakes\">The Blakes<\/a> &ndash; <em>Streets<\/em><\/p>\n<\/p><\/div>\n","protected":false},"excerpt":{"rendered":"<p>Salon de la meuh-meuh, Paris, 29 f&eacute;vrier. &nbsp;The Blakes &ndash; Streets<\/p>\n","protected":false},"author":1,"featured_media":25100,"comment_status":"open","ping_status":"open","sticky":false,"template":"","format":"standard","meta":{"_acf_changed":false,"ngg_post_thumbnail":0,"jetpack_post_was_ever_published":false,"_jetpack_newsletter_access":"","_jetpack_dont_email_post_to_subs":false,"_jetpack_newsletter_tier_id":0,"_jetpack_memberships_contains_paywalled_content":false,"_jetpack_memberships_contains_paid_content":false,"footnotes":"","jetpack_publicize_message":"","jetpack_publicize_feature_enabled":true,"jetpack_social_post_already_shared":false,"jetpack_social_options":{"image_generator_settings":{"template":"highway","default_image_id":0,"font":"","enabled":false},"version":2}},"categories":[3],"tags":[10243,132,10311,10120,10121,143,10098,10244,878,173,2337,2336],"class_list":["post-1175","post","type-post","status-publish","format-standard","has-post-thumbnail","hentry","category-dpc","tag-10243","tag-eos-20d","tag-dos","tag-france","tag-ile-de-france","tag-noir-et-blanc","tag-paris","tag-paris-expo","tag-salon-de-lagriculture","tag-sigma-28-70-mm-f28-dg-ex","tag-streets","tag-the-blakes"],"acf":[],"geo":{"latitude":48.8319359,"longitude":2.2854459,"description":"Rue des Sciences, 75015 Paris, France"},"jetpack_publicize_connections":[],"jetpack_featured_media_url":"https:\/\/www.wallendorff.com\/belogue\/wp-content\/uploads\/2015\/04\/200803011.jpg","jetpack_shortlink":"https:\/\/wp.me\/p3b35P-iX","jetpack_sharing_enabled":true,"jetpack-related-posts":[{"id":443,"url":"https:\/\/www.wallendorff.com\/belogue\/2005\/03\/11\/fringues-en-destrie\/","url_meta":{"origin":1175,"position":0},"title":"Fringues en destri&eacute;.","author":"dpc","date":"11 mars 2005","format":false,"excerpt":"Salon de la Meuh-Meuh, Paris, 5 mars. [Je sais, au salon de la Meuh-Meuh, on est cens\u00e9 photographier des Meuh-Meuhs, voire des coins-coins, mais pas des gens sur un escalier vide.] [Mais \u00e7a lui faisait plaisir, aussi, \u00e0 l'escalier, de voir que tout le monde ne l'avait pas oubli\u00e9, hein.\u2026","rel":"","context":"Dans &quot;DPC&quot;","block_context":{"text":"DPC","link":"https:\/\/www.wallendorff.com\/belogue\/category\/dpc\/"},"img":{"alt_text":"","src":"https:\/\/i0.wp.com\/www.wallendorff.com\/belogue\/wp-content\/uploads\/2015\/04\/20050311-011.jpg?resize=350%2C200&ssl=1","width":350,"height":200},"classes":[]},{"id":12465,"url":"https:\/\/www.wallendorff.com\/belogue\/2011\/03\/22\/shooting-meuhmeuhz-2\/","url_meta":{"origin":1175,"position":1},"title":"Shooting meuhmeuhz #2.","author":"dpc","date":"22 mars 2011","format":false,"excerpt":"Salon de la meuh-meuh, Paris, 23 f\u00e9vrier. Comme Rustine me fait une t\u00eate de cochon depuis deux semaines parce que j'ai oubli\u00e9 de publier sa photo dans ma s\u00e9rie de l'autre jour, aujourd'hui ce sera photo de Rustine. Voil\u00e0. Bonjour, Rustine. I'm from Barcelona \u2013 But Hey Even Though Your\u2026","rel":"","context":"Dans &quot;Shooting meuhmeuhz&quot;","block_context":{"text":"Shooting meuhmeuhz","link":"https:\/\/www.wallendorff.com\/belogue\/category\/shooting-meuhmeuhz\/"},"img":{"alt_text":"","src":"https:\/\/i0.wp.com\/www.wallendorff.com\/belogue\/wp-content\/uploads\/2015\/04\/201103221.jpg?resize=350%2C200&ssl=1","width":350,"height":200},"classes":[]},{"id":10755,"url":"https:\/\/www.wallendorff.com\/belogue\/2010\/12\/15\/shooting-people-76\/","url_meta":{"origin":1175,"position":2},"title":"Shooting people #76.","author":"dpc","date":"15 d\u00e9cembre 2010","format":false,"excerpt":"Caf\u00e9 La Cigale, Paris, 9 d\u00e9cembre. The Blakes \u2013 Streets","rel":"","context":"Dans &quot;Portraits&quot;","block_context":{"text":"Portraits","link":"https:\/\/www.wallendorff.com\/belogue\/category\/portraits\/"},"img":{"alt_text":"","src":"https:\/\/i0.wp.com\/www.wallendorff.com\/belogue\/wp-content\/uploads\/2015\/04\/201012151.jpg?resize=350%2C200&ssl=1","width":350,"height":200,"srcset":"https:\/\/i0.wp.com\/www.wallendorff.com\/belogue\/wp-content\/uploads\/2015\/04\/201012151.jpg?resize=350%2C200&ssl=1 1x, https:\/\/i0.wp.com\/www.wallendorff.com\/belogue\/wp-content\/uploads\/2015\/04\/201012151.jpg?resize=525%2C300&ssl=1 1.5x, https:\/\/i0.wp.com\/www.wallendorff.com\/belogue\/wp-content\/uploads\/2015\/04\/201012151.jpg?resize=700%2C400&ssl=1 2x"},"classes":[]},{"id":22886,"url":"https:\/\/www.wallendorff.com\/belogue\/2014\/06\/04\/10-ans-a-la-ferme\/","url_meta":{"origin":1175,"position":3},"title":"10 ans [\u00e0 la] ferme.","author":"dpc","date":"4 juin 2014","format":false,"excerpt":"10 ans de jappement, de meuglements, de caquettements, de b\u00ealements et de piaillement. D'abord avec des toutous, puis des chats, puis tout le reste de la ferme quand na\u00eet en 2011 notre tradition de la visite annuelle au salon de la meuh-meuh (et \u00e0 l'ap\u00e9ro des producteurs de brebis). 10\u2026","rel":"","context":"Dans &quot;DPC&quot;","block_context":{"text":"DPC","link":"https:\/\/www.wallendorff.com\/belogue\/category\/dpc\/"},"img":{"alt_text":"","src":"https:\/\/i0.wp.com\/www.wallendorff.com\/belogue\/wp-content\/uploads\/2015\/04\/201204262.jpg?resize=350%2C200&ssl=1","width":350,"height":200,"srcset":"https:\/\/i0.wp.com\/www.wallendorff.com\/belogue\/wp-content\/uploads\/2015\/04\/201204262.jpg?resize=350%2C200&ssl=1 1x, https:\/\/i0.wp.com\/www.wallendorff.com\/belogue\/wp-content\/uploads\/2015\/04\/201204262.jpg?resize=525%2C300&ssl=1 1.5x, https:\/\/i0.wp.com\/www.wallendorff.com\/belogue\/wp-content\/uploads\/2015\/04\/201204262.jpg?resize=700%2C400&ssl=1 2x"},"classes":[]},{"id":131,"url":"https:\/\/www.wallendorff.com\/belogue\/2006\/04\/22\/train-train-hele-pis-carosse\/","url_meta":{"origin":1175,"position":4},"title":"Train, train h&eacute;l&eacute;, pis carosse&sup1;.","author":"dpc","date":"22 avril 2006","format":false,"excerpt":"Gare de l'Est, Paris, 15 avril. Et l\u00e0, tu vois, t'as envie d'enfiler un turban, de partir au Pakistan \u00e0 pied et d'aller \u00e9lever des meuh-meuhs sacr\u00e9es. Et puis finalement, non. \u00a0Eddie Vedder \/ Nusrat Fateh Ali Khan \u2013 The Long Road _____ 1 Avec 24 albums dans la s\u00e9rie,\u2026","rel":"","context":"Dans &quot;DPC&quot;","block_context":{"text":"DPC","link":"https:\/\/www.wallendorff.com\/belogue\/category\/dpc\/"},"img":{"alt_text":"","src":"https:\/\/i0.wp.com\/www.wallendorff.com\/belogue\/wp-content\/uploads\/2015\/04\/200604221.jpg?resize=350%2C200&ssl=1","width":350,"height":200},"classes":[]},{"id":3671,"url":"https:\/\/www.wallendorff.com\/belogue\/2008\/12\/10\/jaunie-allee-difs1\/","url_meta":{"origin":1175,"position":5},"title":"Jaunie all\u00e9e d&rsquo;ifs1.","author":"dpc","date":"10 d\u00e9cembre 2008","format":false,"excerpt":"Caf\u00e9 Skansen, Oslo, 16 novembre. \u00a0The Blakes \u2013 Lie Next to Me Et l\u00e0, tu r\u00e9alises qu'en plus d'\u00eatre un boulot cool qui te permettrait de passer dans les Air France magazine que tu feuilletterais en vol pour tes prochaines cibles, photographeur d'h\u00f4tel super-cher qui fait r\u00eaver, \u00e7a n'a pas\u2026","rel":"","context":"Dans &quot;DPC&quot;","block_context":{"text":"DPC","link":"https:\/\/www.wallendorff.com\/belogue\/category\/dpc\/"},"img":{"alt_text":"","src":"https:\/\/i0.wp.com\/www.wallendorff.com\/belogue\/wp-content\/uploads\/2015\/04\/200812101.jpg?resize=350%2C200&ssl=1","width":350,"height":200},"classes":[]}],"_links":{"self":[{"href":"https:\/\/www.wallendorff.com\/belogue\/wp-json\/wp\/v2\/posts\/1175","targetHints":{"allow":["GET"]}}],"collection":[{"href":"https:\/\/www.wallendorff.com\/belogue\/wp-json\/wp\/v2\/posts"}],"about":[{"href":"https:\/\/www.wallendorff.com\/belogue\/wp-json\/wp\/v2\/types\/post"}],"author":[{"embeddable":true,"href":"https:\/\/www.wallendorff.com\/belogue\/wp-json\/wp\/v2\/users\/1"}],"replies":[{"embeddable":true,"href":"https:\/\/www.wallendorff.com\/belogue\/wp-json\/wp\/v2\/comments?post=1175"}],"version-history":[{"count":1,"href":"https:\/\/www.wallendorff.com\/belogue\/wp-json\/wp\/v2\/posts\/1175\/revisions"}],"predecessor-version":[{"id":15817,"href":"https:\/\/www.wallendorff.com\/belogue\/wp-json\/wp\/v2\/posts\/1175\/revisions\/15817"}],"wp:featuredmedia":[{"embeddable":true,"href":"https:\/\/www.wallendorff.com\/belogue\/wp-json\/wp\/v2\/media\/25100"}],"wp:attachment":[{"href":"https:\/\/www.wallendorff.com\/belogue\/wp-json\/wp\/v2\/media?parent=1175"}],"wp:term":[{"taxonomy":"category","embeddable":true,"href":"https:\/\/www.wallendorff.com\/belogue\/wp-json\/wp\/v2\/categories?post=1175"},{"taxonomy":"post_tag","embeddable":true,"href":"https:\/\/www.wallendorff.com\/belogue\/wp-json\/wp\/v2\/tags?post=1175"}],"curies":[{"name":"wp","href":"https:\/\/api.w.org\/{rel}","templated":true}]}}