{"id":1173,"date":"2008-02-28T09:19:43","date_gmt":"2008-02-28T09:19:43","guid":{"rendered":"http:\/\/www.po-l.com\/wordpress\/?p=1173"},"modified":"2012-02-08T11:29:34","modified_gmt":"2012-02-08T09:29:34","slug":"pis-prismes-11","status":"publish","type":"post","link":"https:\/\/www.wallendorff.com\/belogue\/2008\/02\/28\/pis-prismes-11\/","title":{"rendered":"Pis \u00e0 prismes #11."},"content":{"rendered":"<div id=\"photo\">\n<p><img decoding=\"async\" src=\"https:\/\/www.wallendorff.com\/belogue\/photo\/2008\/02\/20080228.jpg\" \/><br \/>\n Tour Eiffel, Paris, 27 janvier.<\/p>\n<\/div>\n<p style=\"text-align:right\">Et garder le meilleur pour la fin.<\/p>\n<div id=\"bandeson\">\n<p><img decoding=\"async\" src=\"https:\/\/www.wallendorff.com\/belogue\/photo\/pochettes\/m\/mgmt-oracular_spectacular.jpg\" align=\"left\" \/>&nbsp;<a href=\"http:\/\/www.whoismgmt.com\/\">MGMT<\/a> &ndash; <em>Time to Pretend<\/em><\/p>\n<\/div>\n","protected":false},"excerpt":{"rendered":"<p>Tour Eiffel, Paris, 27 janvier. Et garder le meilleur pour la fin. &nbsp;MGMT &ndash; Time to Pretend<\/p>\n","protected":false},"author":1,"featured_media":25098,"comment_status":"open","ping_status":"open","sticky":false,"template":"","format":"standard","meta":{"_acf_changed":false,"ngg_post_thumbnail":0,"jetpack_post_was_ever_published":false,"_jetpack_newsletter_access":"","_jetpack_dont_email_post_to_subs":false,"_jetpack_newsletter_tier_id":0,"_jetpack_memberships_contains_paywalled_content":false,"_jetpack_memberships_contains_paid_content":false,"footnotes":"","jetpack_publicize_message":"","jetpack_publicize_feature_enabled":true,"jetpack_social_post_already_shared":false,"jetpack_social_options":{"image_generator_settings":{"template":"highway","default_image_id":0,"font":"","enabled":false},"version":2}},"categories":[13],"tags":[10235,1016,187,10120,10121,10478,143,10098,2335,10236],"class_list":["post-1173","post","type-post","status-publish","format-standard","has-post-thumbnail","hentry","category-pis-a-prismes","tag-10235","tag-ef-15-mm-f28-fisheye","tag-eos-1d-mark-ii","tag-france","tag-ile-de-france","tag-mgmt","tag-noir-et-blanc","tag-paris","tag-time-to-pretend","tag-tour-eiffel"],"acf":[],"geo":{"latitude":48.859024,"longitude":2.2944634,"description":"Paris Tour Eiffel, 75007 Paris, France"},"jetpack_publicize_connections":[],"jetpack_featured_media_url":"https:\/\/www.wallendorff.com\/belogue\/wp-content\/uploads\/2015\/04\/200802281.jpg","jetpack_shortlink":"https:\/\/wp.me\/p3b35P-iV","jetpack_sharing_enabled":true,"jetpack-related-posts":[{"id":246,"url":"https:\/\/www.wallendorff.com\/belogue\/2005\/12\/08\/pis-a-prismes-4\/","url_meta":{"origin":1173,"position":0},"title":"Pis &agrave; prismes #4.","author":"dpc","date":"8 d\u00e9cembre 2005","format":false,"excerpt":"Tour Eiffel, Paris, 30 novembre. Borracho. Voy a dormir.","rel":"","context":"Dans &quot;Pis \u00e0 prismes&quot;","block_context":{"text":"Pis \u00e0 prismes","link":"https:\/\/www.wallendorff.com\/belogue\/category\/pis-a-prismes\/"},"img":{"alt_text":"","src":"https:\/\/i0.wp.com\/www.wallendorff.com\/belogue\/wp-content\/uploads\/2015\/04\/200512081.jpg?resize=350%2C200&ssl=1","width":350,"height":200},"classes":[]},{"id":244,"url":"https:\/\/www.wallendorff.com\/belogue\/2005\/12\/10\/pis-a-prismes-6\/","url_meta":{"origin":1173,"position":1},"title":"Pis &agrave; prismes #6.","author":"dpc","date":"10 d\u00e9cembre 2005","format":false,"excerpt":"Champ de Mars, Paris, 5 d\u00e9cembre. Et demain, j'arr\u00eate. \u00a0Nada Surf \u2013 Imaginary Friends","rel":"","context":"Dans &quot;Pis \u00e0 prismes&quot;","block_context":{"text":"Pis \u00e0 prismes","link":"https:\/\/www.wallendorff.com\/belogue\/category\/pis-a-prismes\/"},"img":{"alt_text":"","src":"https:\/\/i0.wp.com\/www.wallendorff.com\/belogue\/wp-content\/uploads\/2015\/04\/200512101.jpg?resize=350%2C200&ssl=1","width":350,"height":200},"classes":[]},{"id":12288,"url":"https:\/\/www.wallendorff.com\/belogue\/2011\/02\/14\/pis-a-prismes-25\/","url_meta":{"origin":1173,"position":2},"title":"Pis \u00e0 prismes #25.","author":"dpc","date":"14 f\u00e9vrier 2011","format":false,"excerpt":"Pont de Bir-Hakeim, Paris, 8 janvier. \u00a0I Am Kloot \u2013 From Your Favourite Sky","rel":"","context":"Dans &quot;Pis \u00e0 prismes&quot;","block_context":{"text":"Pis \u00e0 prismes","link":"https:\/\/www.wallendorff.com\/belogue\/category\/pis-a-prismes\/"},"img":{"alt_text":"","src":"https:\/\/i0.wp.com\/www.wallendorff.com\/belogue\/wp-content\/uploads\/2015\/04\/201102141.jpg?resize=350%2C200&ssl=1","width":350,"height":200},"classes":[]},{"id":22070,"url":"https:\/\/www.wallendorff.com\/belogue\/2013\/11\/26\/pis-a-prismes-35\/","url_meta":{"origin":1173,"position":3},"title":"Pis \u00e0 prismes #35.","author":"dpc","date":"26 novembre 2013","format":false,"excerpt":"Parc de Belleville, Paris, 4 octobre. Monter aux Cascades, passer dans un vernissage en coup de vent et chercher \u00e0 d\u00eener aux Envierges. En arrivant en haut du parc de Belleville, trouver la tour Eiffel devant un trou, la regarder quelques minutes et aller se faire un pr\u00e9-anniversaire dans le\u2026","rel":"","context":"Dans &quot;Pis \u00e0 prismes&quot;","block_context":{"text":"Pis \u00e0 prismes","link":"https:\/\/www.wallendorff.com\/belogue\/category\/pis-a-prismes\/"},"img":{"alt_text":"","src":"https:\/\/i0.wp.com\/www.wallendorff.com\/belogue\/wp-content\/uploads\/2015\/04\/201311261.jpg?resize=350%2C200&ssl=1","width":350,"height":200,"srcset":"https:\/\/i0.wp.com\/www.wallendorff.com\/belogue\/wp-content\/uploads\/2015\/04\/201311261.jpg?resize=350%2C200&ssl=1 1x, https:\/\/i0.wp.com\/www.wallendorff.com\/belogue\/wp-content\/uploads\/2015\/04\/201311261.jpg?resize=525%2C300&ssl=1 1.5x, https:\/\/i0.wp.com\/www.wallendorff.com\/belogue\/wp-content\/uploads\/2015\/04\/201311261.jpg?resize=700%2C400&ssl=1 2x"},"classes":[]},{"id":21448,"url":"https:\/\/www.wallendorff.com\/belogue\/2013\/08\/19\/into-the-wide-16-x-pis-a-prismes-33\/","url_meta":{"origin":1173,"position":4},"title":"Into the wide #16 \u00d7 Pis \u00e0 prismes #33.","author":"dpc","date":"19 ao\u00fbt 2013","format":false,"excerpt":"Pont de Bir-Hakeim, Paris, 10 juin. Du m\u00eame endroit que la fameuseTour Eiffel \u00e0 la fistule anale de Louis XIV. The West Ty Segall","rel":"","context":"Dans &quot;Into the wide&quot;","block_context":{"text":"Into the wide","link":"https:\/\/www.wallendorff.com\/belogue\/category\/into-the-wide\/"},"img":{"alt_text":"","src":"https:\/\/i0.wp.com\/www.wallendorff.com\/belogue\/wp-content\/uploads\/2015\/04\/201308191.jpg?resize=350%2C200&ssl=1","width":350,"height":200,"srcset":"https:\/\/i0.wp.com\/www.wallendorff.com\/belogue\/wp-content\/uploads\/2015\/04\/201308191.jpg?resize=350%2C200&ssl=1 1x, https:\/\/i0.wp.com\/www.wallendorff.com\/belogue\/wp-content\/uploads\/2015\/04\/201308191.jpg?resize=525%2C300&ssl=1 1.5x, https:\/\/i0.wp.com\/www.wallendorff.com\/belogue\/wp-content\/uploads\/2015\/04\/201308191.jpg?resize=700%2C400&ssl=1 2x"},"classes":[]},{"id":1166,"url":"https:\/\/www.wallendorff.com\/belogue\/2008\/02\/20\/pis-prismes-9\/","url_meta":{"origin":1173,"position":5},"title":"Pis \u00e0 prismes #9.","author":"dpc","date":"20 f\u00e9vrier 2008","format":false,"excerpt":"Champ de Mars, Paris, 27 janvier. (((A))) \u00a0The Kills \u2013 Black Balloon","rel":"","context":"Dans &quot;Pis \u00e0 prismes&quot;","block_context":{"text":"Pis \u00e0 prismes","link":"https:\/\/www.wallendorff.com\/belogue\/category\/pis-a-prismes\/"},"img":{"alt_text":"","src":"https:\/\/i0.wp.com\/www.wallendorff.com\/belogue\/wp-content\/uploads\/2015\/04\/200802201.jpg?resize=350%2C200&ssl=1","width":350,"height":200},"classes":[]}],"_links":{"self":[{"href":"https:\/\/www.wallendorff.com\/belogue\/wp-json\/wp\/v2\/posts\/1173","targetHints":{"allow":["GET"]}}],"collection":[{"href":"https:\/\/www.wallendorff.com\/belogue\/wp-json\/wp\/v2\/posts"}],"about":[{"href":"https:\/\/www.wallendorff.com\/belogue\/wp-json\/wp\/v2\/types\/post"}],"author":[{"embeddable":true,"href":"https:\/\/www.wallendorff.com\/belogue\/wp-json\/wp\/v2\/users\/1"}],"replies":[{"embeddable":true,"href":"https:\/\/www.wallendorff.com\/belogue\/wp-json\/wp\/v2\/comments?post=1173"}],"version-history":[{"count":1,"href":"https:\/\/www.wallendorff.com\/belogue\/wp-json\/wp\/v2\/posts\/1173\/revisions"}],"predecessor-version":[{"id":15785,"href":"https:\/\/www.wallendorff.com\/belogue\/wp-json\/wp\/v2\/posts\/1173\/revisions\/15785"}],"wp:featuredmedia":[{"embeddable":true,"href":"https:\/\/www.wallendorff.com\/belogue\/wp-json\/wp\/v2\/media\/25098"}],"wp:attachment":[{"href":"https:\/\/www.wallendorff.com\/belogue\/wp-json\/wp\/v2\/media?parent=1173"}],"wp:term":[{"taxonomy":"category","embeddable":true,"href":"https:\/\/www.wallendorff.com\/belogue\/wp-json\/wp\/v2\/categories?post=1173"},{"taxonomy":"post_tag","embeddable":true,"href":"https:\/\/www.wallendorff.com\/belogue\/wp-json\/wp\/v2\/tags?post=1173"}],"curies":[{"name":"wp","href":"https:\/\/api.w.org\/{rel}","templated":true}]}}