{"id":1172,"date":"2008-02-27T10:47:06","date_gmt":"2008-02-27T10:47:06","guid":{"rendered":"http:\/\/www.po-l.com\/wordpress\/?p=1172"},"modified":"2011-10-25T13:17:51","modified_gmt":"2011-10-25T11:17:51","slug":"air-traffic-la-flche-d-or-paris","status":"publish","type":"post","link":"https:\/\/www.wallendorff.com\/belogue\/2008\/02\/27\/air-traffic-la-flche-d-or-paris\/","title":{"rendered":"Air Traffic + The Bagels\u00b9 @ la Fl\u00e8che d&rsquo;Or, Paris."},"content":{"rendered":"<div id=\"photo\">\n<p><img decoding=\"async\" src=\"https:\/\/www.wallendorff.com\/belogue\/photo\/2008\/02\/20080227.jpg\" \/><\/p>\n<\/div>\n<p>35 minutes c&rsquo;est court, mais &ccedil;a suffit pour comprendre que l&rsquo;excellente impression qu&rsquo;avait laiss&eacute; leur <em>Fractured Life<\/em> en septembre &eacute;tait fond&eacute;e. D&rsquo;entr&eacute;e de jeu, Air Traffic s&rsquo;approprie la salle avec <em>Just Abuse Me<\/em> et enfonce le clou sur <em>Get In Line<\/em>. R&ecirc;veur sur les percus militaires de <em>No More Running Away<\/em>, le chanteur Chris Wall s&rsquo;attire toutes les attentions pendant <em>Charlotte<\/em> en se tordant sur son clavier dans la plus pure tradition des Matthew Bellamy ou Tom Smith. Bonne ambiance, bonne ex&eacute;cution, beaucoup de pr&eacute;sence. La meute de groupies anglaises mass&eacute;e au premier rang est aux anges. Le premier single, <em>Shooting Star<\/em>, cl&ocirc;t le mini-set dans une effusion explosive, Wall en rajoutant comme il faut pour accentuer tout le drame du final. Air Traffic lib&egrave;re le parquet en jurant vouloir revenir. &Ccedil;a serait bien, oui. Avec de la chance, ceux-l&agrave; deviendront aussi gros que Snow Patrol ou Coldplay. Profitons-en avant qu&rsquo;ils deviennent aussi chiants.<\/p>\n<div id=\"bandeson\">\n<p><img decoding=\"async\" src=\"https:\/\/www.wallendorff.com\/belogue\/photo\/pochettes\/a\/air_traffic-fractured_life.jpg\" align=\"left\" \/>&nbsp;<a href=\"http:\/\/www.airtraffic.co.uk\">Air Traffic<\/a> &ndash; <em>Shooting Star<\/em><\/p>\n<\/p><\/div>\n<div id=\"bas_note\">\n<p>_____<\/p>\n<p><sup>1<\/sup> Je sais, je sais, les vraies premi&egrave;res parties s&rsquo;appelaient Pony Express et Coco, mais je voulais souligner l&agrave; que les bagels de la Fl&egrave;che d&rsquo;Or, quoique petits, valent le d&eacute;tour.<\/p>\n<\/div>\n","protected":false},"excerpt":{"rendered":"<p>35 minutes c&rsquo;est court, mais &ccedil;a suffit pour comprendre que l&rsquo;excellente impression qu&rsquo;avait laiss&eacute; leur Fractured Life en septembre &eacute;tait fond&eacute;e. D&rsquo;entr&eacute;e de jeu, Air Traffic s&rsquo;approprie la salle avec Just Abuse Me et enfonce le clou sur Get In Line. R&ecirc;veur sur les percus militaires de No More Running Away, le chanteur Chris Wall&hellip;<\/p>\n","protected":false},"author":1,"featured_media":25097,"comment_status":"open","ping_status":"open","sticky":false,"template":"","format":"standard","meta":{"_acf_changed":false,"ngg_post_thumbnail":0,"jetpack_post_was_ever_published":false,"_jetpack_newsletter_access":"","_jetpack_dont_email_post_to_subs":false,"_jetpack_newsletter_tier_id":0,"_jetpack_memberships_contains_paywalled_content":false,"_jetpack_memberships_contains_paid_content":false,"footnotes":"","jetpack_publicize_message":"","jetpack_publicize_feature_enabled":true,"jetpack_social_post_already_shared":false,"jetpack_social_options":{"image_generator_settings":{"template":"highway","default_image_id":0,"font":"","enabled":false},"version":2}},"categories":[7],"tags":[203,10216,2138,10084,181,132,10120,10121,10374,143,10098,2333],"class_list":["post-1172","post","type-post","status-publish","format-standard","has-post-thumbnail","hentry","category-alive","tag-203","tag-10216","tag-air-traffic","tag-alive","tag-ef-70-200-mm-f28l-usm","tag-eos-20d","tag-france","tag-ile-de-france","tag-la-fleche-dor","tag-noir-et-blanc","tag-paris","tag-shooting-star"],"acf":[],"geo":{"latitude":48.8594246,"longitude":2.4029884,"description":"94-104 Rue de Bagnolet, 75020 Paris, France"},"jetpack_publicize_connections":[],"jetpack_featured_media_url":"https:\/\/www.wallendorff.com\/belogue\/wp-content\/uploads\/2015\/04\/200802271.jpg","jetpack_shortlink":"https:\/\/wp.me\/p3b35P-iU","jetpack_sharing_enabled":true,"jetpack-related-posts":[{"id":1097,"url":"https:\/\/www.wallendorff.com\/belogue\/2007\/12\/02\/flexa-lyndo-la-flche-d-or-paris\/","url_meta":{"origin":1172,"position":0},"title":"Flexa Lyndo @ la Fl\u00e8che d&rsquo;Or, Paris.","author":"dpc","date":"2 d\u00e9cembre 2007","format":false,"excerpt":"Passant en dernier apr\u00e8s Amen Birdmen et We Are Terrorists, et malgr\u00e9 un bassiste diminu\u00e9 par une s\u00e9v\u00e8re gastro \u2015\u00a0il jouera assis durant tout le set\u00a0\u2015 Flexa Lyndo est \u00e0 l\u2019aise dans cette Fl\u00e8che d\u2019Or de samedi soir \u00e0 moiti\u00e9 pleine. S\u2019imposant d\u2019entr\u00e9e avec un Europe Stump prenant, les Namurois\u2026","rel":"","context":"Dans &quot;Alive&quot;","block_context":{"text":"Alive","link":"https:\/\/www.wallendorff.com\/belogue\/category\/alive\/"},"img":{"alt_text":"","src":"https:\/\/i0.wp.com\/www.wallendorff.com\/belogue\/wp-content\/uploads\/2015\/04\/200712021.jpg?resize=350%2C200&ssl=1","width":350,"height":200,"srcset":"https:\/\/i0.wp.com\/www.wallendorff.com\/belogue\/wp-content\/uploads\/2015\/04\/200712021.jpg?resize=350%2C200&ssl=1 1x, https:\/\/i0.wp.com\/www.wallendorff.com\/belogue\/wp-content\/uploads\/2015\/04\/200712021.jpg?resize=525%2C300&ssl=1 1.5x, https:\/\/i0.wp.com\/www.wallendorff.com\/belogue\/wp-content\/uploads\/2015\/04\/200712021.jpg?resize=700%2C400&ssl=1 2x"},"classes":[]},{"id":12644,"url":"https:\/\/www.wallendorff.com\/belogue\/2011\/04\/14\/the-head-and-the-heart-mechanical-bride-trevor-ross-hannah-lou\/","url_meta":{"origin":1172,"position":1},"title":"The Head and the Heart + Mechanical Bride + Trevor Ross &#038; Hannah-Lou @ la Fl\u00e8che d&rsquo;Or, Paris.","author":"dpc","date":"14 avril 2011","format":false,"excerpt":"Tr\u00e8s calmes sur disque \u2015\u00a0le Cats and Dogs ci-dessous est ce qu'on trouve de plus \u00e9nerv\u00e9 chez eux\u00a0\u2015, The Head and the Heart se montrent bien plus enjou\u00e9s sur sc\u00e8ne, donnant plus d'ampleur \u00e0 leurs morceaux et conqu\u00e9rant bien vite une Fl\u00e8che d'Or qui ne tarde pas \u00e0 taper dans\u2026","rel":"","context":"Dans &quot;Alive&quot;","block_context":{"text":"Alive","link":"https:\/\/www.wallendorff.com\/belogue\/category\/alive\/"},"img":{"alt_text":"","src":"https:\/\/i0.wp.com\/www.wallendorff.com\/belogue\/wp-content\/uploads\/2015\/04\/201104141.jpg?resize=350%2C200&ssl=1","width":350,"height":200,"srcset":"https:\/\/i0.wp.com\/www.wallendorff.com\/belogue\/wp-content\/uploads\/2015\/04\/201104141.jpg?resize=350%2C200&ssl=1 1x, https:\/\/i0.wp.com\/www.wallendorff.com\/belogue\/wp-content\/uploads\/2015\/04\/201104141.jpg?resize=525%2C300&ssl=1 1.5x, https:\/\/i0.wp.com\/www.wallendorff.com\/belogue\/wp-content\/uploads\/2015\/04\/201104141.jpg?resize=700%2C400&ssl=1 2x"},"classes":[]},{"id":7708,"url":"https:\/\/www.wallendorff.com\/belogue\/2010\/06\/15\/the-hold-steady-i-love-ufo-la-fleche-dor-paris\/","url_meta":{"origin":1172,"position":2},"title":"The Hold Steady + I Love UFO @ la Fl\u00e8che d&rsquo;Or, Paris.","author":"dpc","date":"15 juin 2010","format":false,"excerpt":"Habituellement, quand un de ces groupes ind\u00e9s qui marchent bien aux \u00c9tats-Unis et restent presque inconnus en France se pointe ici, il se retrouve dans une petite salle \u00e0 jouer devant un parterre presque enti\u00e8rement constitu\u00e9 de Ricains tout contents de profiter de l'aubaine d'une si petite sc\u00e8ne. Ce qui\u2026","rel":"","context":"Dans &quot;Alive&quot;","block_context":{"text":"Alive","link":"https:\/\/www.wallendorff.com\/belogue\/category\/alive\/"},"img":{"alt_text":"","src":"https:\/\/i0.wp.com\/www.wallendorff.com\/belogue\/wp-content\/uploads\/2015\/04\/201006151.jpg?resize=350%2C200&ssl=1","width":350,"height":200,"srcset":"https:\/\/i0.wp.com\/www.wallendorff.com\/belogue\/wp-content\/uploads\/2015\/04\/201006151.jpg?resize=350%2C200&ssl=1 1x, https:\/\/i0.wp.com\/www.wallendorff.com\/belogue\/wp-content\/uploads\/2015\/04\/201006151.jpg?resize=525%2C300&ssl=1 1.5x, https:\/\/i0.wp.com\/www.wallendorff.com\/belogue\/wp-content\/uploads\/2015\/04\/201006151.jpg?resize=700%2C400&ssl=1 2x"},"classes":[]},{"id":783,"url":"https:\/\/www.wallendorff.com\/belogue\/2006\/09\/08\/ben-kweller-la-fleche-d-or-paris\/","url_meta":{"origin":1172,"position":3},"title":"Ben Kweller @ la Fl\u00e8che d&rsquo;Or, Paris.","author":"dpc","date":"8 septembre 2006","format":false,"excerpt":"Ben, c'est un gars sympa et sa coupe de cheveux est coule. Et sa veste en jean, aussi. Quand il d\u00e9barque, Ben, qu'il dit bonjour Paris avec sa voix qu'on dirait un peu celle de Garth et son visage poupin, Ben, on l'aime. Il est tout seul sur sc\u00e8ne, Ben.\u2026","rel":"","context":"Dans &quot;Alive&quot;","block_context":{"text":"Alive","link":"https:\/\/www.wallendorff.com\/belogue\/category\/alive\/"},"img":{"alt_text":"","src":"https:\/\/i0.wp.com\/www.wallendorff.com\/belogue\/wp-content\/uploads\/2015\/04\/200609081.jpg?resize=350%2C200&ssl=1","width":350,"height":200,"srcset":"https:\/\/i0.wp.com\/www.wallendorff.com\/belogue\/wp-content\/uploads\/2015\/04\/200609081.jpg?resize=350%2C200&ssl=1 1x, https:\/\/i0.wp.com\/www.wallendorff.com\/belogue\/wp-content\/uploads\/2015\/04\/200609081.jpg?resize=525%2C300&ssl=1 1.5x, https:\/\/i0.wp.com\/www.wallendorff.com\/belogue\/wp-content\/uploads\/2015\/04\/200609081.jpg?resize=700%2C400&ssl=1 2x"},"classes":[]},{"id":12784,"url":"https:\/\/www.wallendorff.com\/belogue\/2011\/05\/19\/foster-the-people-la-fleche-dor-paris\/","url_meta":{"origin":1172,"position":4},"title":"Foster the People @ la Fl\u00e8che d&rsquo;Or, Paris.","author":"dpc","date":"19 mai 2011","format":false,"excerpt":"Quelques d\u00e9plaisants c\u00f4t\u00e9s boys band, mais aussi un single efficace1 et un album avec de joli monstres qui sera du meilleur go\u00fbt sur la plage cet \u00e9t\u00e9. \u00a0Foster the People \u2013 Color on the Walls (Don't Stop) _____ 1 Mais siii vous voyez, il est en bande-son l\u00e0-bas.","rel":"","context":"Dans &quot;Alive&quot;","block_context":{"text":"Alive","link":"https:\/\/www.wallendorff.com\/belogue\/category\/alive\/"},"img":{"alt_text":"","src":"https:\/\/i0.wp.com\/www.wallendorff.com\/belogue\/wp-content\/uploads\/2015\/04\/201105191.jpg?resize=350%2C200&ssl=1","width":350,"height":200,"srcset":"https:\/\/i0.wp.com\/www.wallendorff.com\/belogue\/wp-content\/uploads\/2015\/04\/201105191.jpg?resize=350%2C200&ssl=1 1x, https:\/\/i0.wp.com\/www.wallendorff.com\/belogue\/wp-content\/uploads\/2015\/04\/201105191.jpg?resize=525%2C300&ssl=1 1.5x, https:\/\/i0.wp.com\/www.wallendorff.com\/belogue\/wp-content\/uploads\/2015\/04\/201105191.jpg?resize=700%2C400&ssl=1 2x"},"classes":[]},{"id":7381,"url":"https:\/\/www.wallendorff.com\/belogue\/2010\/04\/14\/frightened-rabbit-candy-clash-la-fleche-dor-paris\/","url_meta":{"origin":1172,"position":5},"title":"Frightened Rabbit + Candy Clash @ la Fl\u00e8che d&rsquo;Or, Paris.","author":"dpc","date":"14 avril 2010","format":false,"excerpt":"[Va falloir que je pense s\u00e9rieusement \u00e0 arr\u00eater la Fl\u00e8che d'Or et ses lumi\u00e8res moisies.] Candy Clash n'\u00e9volue pas vraiment dans ma ligue, mais plut\u00f4t dans ce genre musical o\u00f9 le chanteur finit invariablement pendu dans sa cuisine avec une corde \u00e0 linge1 la veille de son d\u00e9part en tourn\u00e9e\u2026","rel":"","context":"Dans &quot;Alive&quot;","block_context":{"text":"Alive","link":"https:\/\/www.wallendorff.com\/belogue\/category\/alive\/"},"img":{"alt_text":"","src":"https:\/\/i0.wp.com\/www.wallendorff.com\/belogue\/wp-content\/uploads\/2015\/04\/201004141.jpg?resize=350%2C200&ssl=1","width":350,"height":200,"srcset":"https:\/\/i0.wp.com\/www.wallendorff.com\/belogue\/wp-content\/uploads\/2015\/04\/201004141.jpg?resize=350%2C200&ssl=1 1x, https:\/\/i0.wp.com\/www.wallendorff.com\/belogue\/wp-content\/uploads\/2015\/04\/201004141.jpg?resize=525%2C300&ssl=1 1.5x, https:\/\/i0.wp.com\/www.wallendorff.com\/belogue\/wp-content\/uploads\/2015\/04\/201004141.jpg?resize=700%2C400&ssl=1 2x"},"classes":[]}],"_links":{"self":[{"href":"https:\/\/www.wallendorff.com\/belogue\/wp-json\/wp\/v2\/posts\/1172","targetHints":{"allow":["GET"]}}],"collection":[{"href":"https:\/\/www.wallendorff.com\/belogue\/wp-json\/wp\/v2\/posts"}],"about":[{"href":"https:\/\/www.wallendorff.com\/belogue\/wp-json\/wp\/v2\/types\/post"}],"author":[{"embeddable":true,"href":"https:\/\/www.wallendorff.com\/belogue\/wp-json\/wp\/v2\/users\/1"}],"replies":[{"embeddable":true,"href":"https:\/\/www.wallendorff.com\/belogue\/wp-json\/wp\/v2\/comments?post=1172"}],"version-history":[{"count":1,"href":"https:\/\/www.wallendorff.com\/belogue\/wp-json\/wp\/v2\/posts\/1172\/revisions"}],"predecessor-version":[{"id":13985,"href":"https:\/\/www.wallendorff.com\/belogue\/wp-json\/wp\/v2\/posts\/1172\/revisions\/13985"}],"wp:featuredmedia":[{"embeddable":true,"href":"https:\/\/www.wallendorff.com\/belogue\/wp-json\/wp\/v2\/media\/25097"}],"wp:attachment":[{"href":"https:\/\/www.wallendorff.com\/belogue\/wp-json\/wp\/v2\/media?parent=1172"}],"wp:term":[{"taxonomy":"category","embeddable":true,"href":"https:\/\/www.wallendorff.com\/belogue\/wp-json\/wp\/v2\/categories?post=1172"},{"taxonomy":"post_tag","embeddable":true,"href":"https:\/\/www.wallendorff.com\/belogue\/wp-json\/wp\/v2\/tags?post=1172"}],"curies":[{"name":"wp","href":"https:\/\/api.w.org\/{rel}","templated":true}]}}