{"id":1169,"date":"2008-02-24T12:00:05","date_gmt":"2008-02-24T12:00:05","guid":{"rendered":"http:\/\/www.po-l.com\/wordpress\/?p=1169"},"modified":"2011-10-25T13:33:06","modified_gmt":"2011-10-25T11:33:06","slug":"tiny-masters-of-today-the-dodoz-la-maroquinerie-paris","status":"publish","type":"post","link":"https:\/\/www.wallendorff.com\/belogue\/2008\/02\/24\/tiny-masters-of-today-the-dodoz-la-maroquinerie-paris\/","title":{"rendered":"Tiny Masters of Today + The Dodoz @ la Maroquinerie, Paris."},"content":{"rendered":"\n<div id=\"photo\">\n<p><img decoding=\"async\" src=\"https:\/\/www.wallendorff.com\/belogue\/photo\/2008\/02\/20080224.jpg\" \/><\/p>\n<\/p><\/div>\n<p>Curiosit&eacute; du moment pour beaucoup &#8213;&nbsp;mais pas pour tout le monde, puisque &eacute;trangement la moiti&eacute; de la salle est partie apr&egrave;s les Dodoz&nbsp;&#8213;, le fr&egrave;re, la s&oelig;ur et leur batteur en forme de Kurt Cobain juv&eacute;nile d&eacute;barquent sur sc&egrave;ne pour livrer un set bien plus mou que leur <em>Bang Bang Boom Cake<\/em>. Pas qu&rsquo;on leur en veuille pour autant&nbsp;: &agrave; 11 et 13 ans, quand on commence juste &agrave; tourner en dehors de New York et qu&rsquo;on se tape sa premi&egrave;re date parisienne, on a le droit d&rsquo;avoir le trac. Les quelques pains d&rsquo;Ivan et la tendance d&rsquo;Ada &agrave; laisser partir sa voix ici et l&agrave; dans un trip <em>&Eacute;cole des fans<\/em> sont &agrave; mettre sur le compte de leur &acirc;ges. M&ecirc;me si l&rsquo;interpr\u00e9tation est l\u00e0, faut qu&rsquo;ils m&ucirc;rissent, qu&rsquo;ils gagnent en pr\u00e9sence. Heureusement d&rsquo;ailleurs, parce que s&rsquo;ils &eacute;taient d&eacute;j&agrave; au top, tout &ccedil;a n&rsquo;aurait plus trop d&rsquo;int&eacute;r&ecirc;t. Les Petits Ma\u00eetres m&eacute;ritent qu&rsquo;on reviennent pour voir comment tout &ccedil;a &eacute;volue, et je reviendrai. <\/p>\n<div id=\"bandeson\">\n<p><img decoding=\"async\" src=\"https:\/\/www.wallendorff.com\/belogue\/photo\/pochettes\/t\/tiny_masters_of_today-bang_bang_boom_cake.jpg\" align=\"left\" \/>&nbsp;<a href=\"http:\/\/www.tinymasters.net\/\">Tiny Masters of Today<\/a> &ndash; <em>Bushy<\/em><\/p>\n<\/p><\/div>ngg_shortcode_0_placeholder","protected":false},"excerpt":{"rendered":"<p>Curiosit&eacute; du moment pour beaucoup &#8213;&nbsp;mais pas pour tout le monde, puisque &eacute;trangement la moiti&eacute; de la salle est partie apr&egrave;s les Dodoz&nbsp;&#8213;, le fr&egrave;re, la s&oelig;ur et leur batteur en forme de Kurt Cobain juv&eacute;nile d&eacute;barquent sur sc&egrave;ne pour livrer un set bien plus mou que leur Bang Bang Boom Cake. Pas qu&rsquo;on leur&hellip;<\/p>\n","protected":false},"author":1,"featured_media":25094,"comment_status":"open","ping_status":"open","sticky":false,"template":"","format":"standard","meta":{"_acf_changed":false,"ngg_post_thumbnail":0,"jetpack_post_was_ever_published":false,"_jetpack_newsletter_access":"","_jetpack_dont_email_post_to_subs":false,"_jetpack_newsletter_tier_id":0,"_jetpack_memberships_contains_paywalled_content":false,"_jetpack_memberships_contains_paid_content":false,"footnotes":"","jetpack_publicize_message":"","jetpack_publicize_feature_enabled":true,"jetpack_social_post_already_shared":false,"jetpack_social_options":{"image_generator_settings":{"template":"highway","default_image_id":0,"font":"","enabled":false},"version":2}},"categories":[7],"tags":[203,10216,10084,2330,196,187,10120,10121,10290,143,10098,10199,10477,2244],"class_list":["post-1169","post","type-post","status-publish","format-standard","has-post-thumbnail","hentry","category-alive","tag-203","tag-10216","tag-alive","tag-bushy","tag-ef-28-70-mm-f28l-usm","tag-eos-1d-mark-ii","tag-france","tag-ile-de-france","tag-la-maroquinerie","tag-noir-et-blanc","tag-paris","tag-pieds","tag-the-dodoz","tag-tiny-masters-of-today"],"acf":[],"geo":{"latitude":48.8685608,"longitude":2.3919244,"description":"18-26 Rue Boyer, 75020 Paris, France"},"jetpack_publicize_connections":[],"jetpack_featured_media_url":"https:\/\/www.wallendorff.com\/belogue\/wp-content\/uploads\/2015\/04\/200802241.jpg","jetpack_shortlink":"https:\/\/wp.me\/p3b35P-iR","jetpack_sharing_enabled":true,"jetpack-related-posts":[{"id":37470,"url":"https:\/\/www.wallendorff.com\/belogue\/2018\/03\/09\/the-wombats-la-maroquinerie-paris-2\/","url_meta":{"origin":1169,"position":0},"title":"The Wombats @ la Maroquinerie, Paris.","author":"dpc","date":"9 mars 2018","format":false,"excerpt":"Cheetah Tongue | Give Me a Try | Kill the Director | Lemon to a Knife Fight | Jump into the Fog | Black Flamingo | Moving to New York | English Summer | Turn | Let's Dance to Joy Division | Tokyo (Vampires & Wolves) | Greek Tragedy \u00ab\u00a0Nous\u2026","rel":"","context":"Dans &quot;Alive&quot;","block_context":{"text":"Alive","link":"https:\/\/www.wallendorff.com\/belogue\/category\/alive\/"},"img":{"alt_text":"","src":"https:\/\/i0.wp.com\/www.wallendorff.com\/belogue\/wp-content\/uploads\/2018\/03\/20180309-22.jpg?resize=350%2C200&ssl=1","width":350,"height":200,"srcset":"https:\/\/i0.wp.com\/www.wallendorff.com\/belogue\/wp-content\/uploads\/2018\/03\/20180309-22.jpg?resize=350%2C200&ssl=1 1x, https:\/\/i0.wp.com\/www.wallendorff.com\/belogue\/wp-content\/uploads\/2018\/03\/20180309-22.jpg?resize=525%2C300&ssl=1 1.5x, https:\/\/i0.wp.com\/www.wallendorff.com\/belogue\/wp-content\/uploads\/2018\/03\/20180309-22.jpg?resize=700%2C400&ssl=1 2x, https:\/\/i0.wp.com\/www.wallendorff.com\/belogue\/wp-content\/uploads\/2018\/03\/20180309-22.jpg?resize=1050%2C600&ssl=1 3x"},"classes":[]},{"id":9658,"url":"https:\/\/www.wallendorff.com\/belogue\/2010\/10\/14\/shout-out-louds-baden-baden-la-maroquinerie\/","url_meta":{"origin":1169,"position":1},"title":"Shout Out Louds + Baden Baden @ la Maroquinerie, Paris.","author":"dpc","date":"14 octobre 2010","format":false,"excerpt":"Mon dernier live su\u00e9dois avait d\u00e9\u00e7u, celui-l\u00e0 m'a agr\u00e9ablement surpris. Je m'attendais \u00e0 une soir\u00e9e tranquille, lov\u00e9e dans les morceaux p\u00e9p\u00e8res de leur trois bons albums (Howl Howl Gaff Gaff, 2005, Our Ill Wills, 2007 et Work, 2010) mais non, les Shout Out Louds montent leur compos un niveau au-dessus,\u2026","rel":"","context":"Dans &quot;Alive&quot;","block_context":{"text":"Alive","link":"https:\/\/www.wallendorff.com\/belogue\/category\/alive\/"},"img":{"alt_text":"","src":"https:\/\/i0.wp.com\/www.wallendorff.com\/belogue\/wp-content\/uploads\/2015\/04\/201010141.jpg?resize=350%2C200&ssl=1","width":350,"height":200,"srcset":"https:\/\/i0.wp.com\/www.wallendorff.com\/belogue\/wp-content\/uploads\/2015\/04\/201010141.jpg?resize=350%2C200&ssl=1 1x, https:\/\/i0.wp.com\/www.wallendorff.com\/belogue\/wp-content\/uploads\/2015\/04\/201010141.jpg?resize=525%2C300&ssl=1 1.5x, https:\/\/i0.wp.com\/www.wallendorff.com\/belogue\/wp-content\/uploads\/2015\/04\/201010141.jpg?resize=700%2C400&ssl=1 2x"},"classes":[]},{"id":1093,"url":"https:\/\/www.wallendorff.com\/belogue\/2007\/11\/27\/two-gallants-la-maroquinerie-paris\/","url_meta":{"origin":1169,"position":2},"title":"Two Gallants @ la Maroquinerie, Paris.","author":"dpc","date":"27 novembre 2007","format":false,"excerpt":"Pendant que les T\u00eates Raides cherchent \u00e0 justifier leur nom en f\u00eatant la sortie de leur nouvel album, Banco, dans le bar-restaurant du rez-de-chauss\u00e9e, Two Gallants prennent possession du sous-sol devant une salle de tous \u00e2ges en bonne partie anglophone. Le set est carr\u00e9, pas de setlist, les titres s'encha\u00eenent\u2026","rel":"","context":"Dans &quot;Alive&quot;","block_context":{"text":"Alive","link":"https:\/\/www.wallendorff.com\/belogue\/category\/alive\/"},"img":{"alt_text":"","src":"https:\/\/i0.wp.com\/www.wallendorff.com\/belogue\/wp-content\/uploads\/2015\/04\/20071127.jpg?resize=350%2C200&ssl=1","width":350,"height":200,"srcset":"https:\/\/i0.wp.com\/www.wallendorff.com\/belogue\/wp-content\/uploads\/2015\/04\/20071127.jpg?resize=350%2C200&ssl=1 1x, https:\/\/i0.wp.com\/www.wallendorff.com\/belogue\/wp-content\/uploads\/2015\/04\/20071127.jpg?resize=525%2C300&ssl=1 1.5x, https:\/\/i0.wp.com\/www.wallendorff.com\/belogue\/wp-content\/uploads\/2015\/04\/20071127.jpg?resize=700%2C400&ssl=1 2x"},"classes":[]},{"id":1100,"url":"https:\/\/www.wallendorff.com\/belogue\/2007\/12\/05\/thed-la-maroquinerie-paris\/","url_meta":{"origin":1169,"position":3},"title":"The D\u00f8 @ la Maroquinerie, Paris.","author":"dpc","date":"5 d\u00e9cembre 2007","format":false,"excerpt":"Complices, intenses, arm\u00e9s d'une chouette chanteuse, The D\u00f8 ont tout pour eux, y compris un tas de Finlandais venus d'on-ne-sait-o\u00f91 pour venir les acclamer en finnois quand on en vient \u00e0 Unissasi Laulelet. Le pied. Je leur souhaite de vendre des cartons entiers de leur A Mouthful, \u00e7a leur permettra\u2026","rel":"","context":"Dans &quot;Alive&quot;","block_context":{"text":"Alive","link":"https:\/\/www.wallendorff.com\/belogue\/category\/alive\/"},"img":{"alt_text":"","src":"https:\/\/i0.wp.com\/www.wallendorff.com\/belogue\/wp-content\/uploads\/2015\/04\/200712051.jpg?resize=350%2C200&ssl=1","width":350,"height":200,"srcset":"https:\/\/i0.wp.com\/www.wallendorff.com\/belogue\/wp-content\/uploads\/2015\/04\/200712051.jpg?resize=350%2C200&ssl=1 1x, https:\/\/i0.wp.com\/www.wallendorff.com\/belogue\/wp-content\/uploads\/2015\/04\/200712051.jpg?resize=525%2C300&ssl=1 1.5x, https:\/\/i0.wp.com\/www.wallendorff.com\/belogue\/wp-content\/uploads\/2015\/04\/200712051.jpg?resize=700%2C400&ssl=1 2x"},"classes":[]},{"id":3989,"url":"https:\/\/www.wallendorff.com\/belogue\/2009\/03\/06\/i-am-kloot-la-maroquinerie-paris\/","url_meta":{"origin":1169,"position":4},"title":"I Am Kloot @ Minimum Festival, la Maroquinerie, Paris.","author":"dpc","date":"6 mars 2009","format":false,"excerpt":"Habituellement, je passe sous silence les premi\u00e8res parties nases parce que dans la vie il faut \u00eatre sympa, ouvert d'esprit et grave tol\u00e9rant. Mais quand on te sert Arlt., duo d\u00e9primant et mixte constitu\u00e9 d'un gars et une fille aussi dr\u00f4les que des amishs \u00e0 l'enterrement de leur grand-tante, d\u00e9bitant\u2026","rel":"","context":"Dans &quot;Alive&quot;","block_context":{"text":"Alive","link":"https:\/\/www.wallendorff.com\/belogue\/category\/alive\/"},"img":{"alt_text":"","src":"https:\/\/i0.wp.com\/www.wallendorff.com\/belogue\/wp-content\/uploads\/2015\/04\/200903061.jpg?resize=350%2C200&ssl=1","width":350,"height":200,"srcset":"https:\/\/i0.wp.com\/www.wallendorff.com\/belogue\/wp-content\/uploads\/2015\/04\/200903061.jpg?resize=350%2C200&ssl=1 1x, https:\/\/i0.wp.com\/www.wallendorff.com\/belogue\/wp-content\/uploads\/2015\/04\/200903061.jpg?resize=525%2C300&ssl=1 1.5x, https:\/\/i0.wp.com\/www.wallendorff.com\/belogue\/wp-content\/uploads\/2015\/04\/200903061.jpg?resize=700%2C400&ssl=1 2x"},"classes":[]},{"id":3584,"url":"https:\/\/www.wallendorff.com\/belogue\/2008\/11\/17\/space-mots-keys-27\/","url_meta":{"origin":1169,"position":5},"title":"Space mots-keys #27.","author":"dpc","date":"17 novembre 2008","format":false,"excerpt":"ize proude tou pr\u00e9sente Dites donc plus \u00e7a va et plus cette rubrique s'essoufle, je vais finir par la laisser tomber. La courte-liste\u00a0: En voil\u00e0 un qui n'a pas d\u00fb se sentir tr\u00e8s aid\u00e9 par le r\u00e9sultat sur lequel il est tomb\u00e9. \u00a0 Dans mes souvenirs c'\u00e9tait plut\u00f4t Agnan. \u00a0\u2026","rel":"","context":"Dans &quot;Space mots-keys&quot;","block_context":{"text":"Space mots-keys","link":"https:\/\/www.wallendorff.com\/belogue\/category\/space-mots-keys\/"},"img":{"alt_text":"","src":"","width":0,"height":0},"classes":[]}],"_links":{"self":[{"href":"https:\/\/www.wallendorff.com\/belogue\/wp-json\/wp\/v2\/posts\/1169","targetHints":{"allow":["GET"]}}],"collection":[{"href":"https:\/\/www.wallendorff.com\/belogue\/wp-json\/wp\/v2\/posts"}],"about":[{"href":"https:\/\/www.wallendorff.com\/belogue\/wp-json\/wp\/v2\/types\/post"}],"author":[{"embeddable":true,"href":"https:\/\/www.wallendorff.com\/belogue\/wp-json\/wp\/v2\/users\/1"}],"replies":[{"embeddable":true,"href":"https:\/\/www.wallendorff.com\/belogue\/wp-json\/wp\/v2\/comments?post=1169"}],"version-history":[{"count":3,"href":"https:\/\/www.wallendorff.com\/belogue\/wp-json\/wp\/v2\/posts\/1169\/revisions"}],"predecessor-version":[{"id":13989,"href":"https:\/\/www.wallendorff.com\/belogue\/wp-json\/wp\/v2\/posts\/1169\/revisions\/13989"}],"wp:featuredmedia":[{"embeddable":true,"href":"https:\/\/www.wallendorff.com\/belogue\/wp-json\/wp\/v2\/media\/25094"}],"wp:attachment":[{"href":"https:\/\/www.wallendorff.com\/belogue\/wp-json\/wp\/v2\/media?parent=1169"}],"wp:term":[{"taxonomy":"category","embeddable":true,"href":"https:\/\/www.wallendorff.com\/belogue\/wp-json\/wp\/v2\/categories?post=1169"},{"taxonomy":"post_tag","embeddable":true,"href":"https:\/\/www.wallendorff.com\/belogue\/wp-json\/wp\/v2\/tags?post=1169"}],"curies":[{"name":"wp","href":"https:\/\/api.w.org\/{rel}","templated":true}]}}