{"id":1167,"date":"2008-02-21T10:39:54","date_gmt":"2008-02-21T10:39:54","guid":{"rendered":"http:\/\/www.po-l.com\/wordpress\/?p=1167"},"modified":"2018-02-21T15:29:44","modified_gmt":"2018-02-21T13:29:44","slug":"10958jours-30-mois","status":"publish","type":"post","link":"https:\/\/www.wallendorff.com\/belogue\/2008\/02\/21\/10958jours-30-mois\/","title":{"rendered":"10 958 jours, 30 mois."},"content":{"rendered":"<div id=\"photo\">\n<p><img decoding=\"async\" src=\"https:\/\/www.wallendorff.com\/belogue\/photo\/2008\/02\/2.jpg\" \/><br \/>\n    Reims, 2<sup>e<\/sup> jour.<\/p>\n<\/div>\n<div id=\"photo2\">\n<p><img decoding=\"async\" src=\"https:\/\/www.wallendorff.com\/belogue\/photo\/2008\/02\/2334.jpg\" \/><br \/>\n    Loctudy, 2&nbsp;334<sup>e<\/sup> jour.<\/p>\n<\/div>\n<div id=\"photo2\">\n<p><img decoding=\"async\" src=\"https:\/\/www.wallendorff.com\/belogue\/photo\/2008\/02\/5627.jpg\" \/><br \/>\n    Givet, 5&nbsp;627<sup>e<\/sup> jour.<\/p>\n<\/div>\n<div id=\"photo2\">\n<p><img decoding=\"async\" src=\"https:\/\/www.wallendorff.com\/belogue\/photo\/2008\/02\/6478.jpg\" \/><br \/>\n    Paris, 6&nbsp;478<sup>e<\/sup> jour.<\/p>\n<\/div>\n<div id=\"photo2\">\n<p><img decoding=\"async\" src=\"https:\/\/www.wallendorff.com\/belogue\/photo\/2008\/02\/6662.jpg\" \/><br \/>\n    Bruxelles, 6&nbsp;662<sup>e<\/sup> jour.<\/p>\n<\/div>\n<div id=\"photo2\">\n<p><img decoding=\"async\" src=\"https:\/\/www.wallendorff.com\/belogue\/photo\/2008\/02\/7012.jpg\" \/><br \/>\n    Charleville-M&eacute;zi&egrave;res, 7&nbsp;012<sup>e<\/sup> jour.<\/p>\n<\/div>\n<div id=\"photo2\">\n<p><img decoding=\"async\" src=\"https:\/\/www.wallendorff.com\/belogue\/photo\/2008\/02\/7509.jpg\" \/><br \/>\n    Metz, 7&nbsp;509<sup>e<\/sup> jour.<\/p>\n<\/div>\n<div id=\"photo2\">\n<p><img decoding=\"async\" src=\"https:\/\/www.wallendorff.com\/belogue\/photo\/2008\/02\/7637.jpg\" \/><br \/>\n    Metz, 7&nbsp;637<sup>e<\/sup> jour.<\/p>\n<\/div>\n<div id=\"photo2\">\n<p><img decoding=\"async\" src=\"https:\/\/www.wallendorff.com\/belogue\/photo\/2008\/02\/8217.jpg\" \/><br \/>\n    RTL, 8&nbsp;217<sup>e<\/sup> jour.<\/p>\n<\/div>\n<div id=\"photo2\">\n<p><a href=\"http:\/\/membres.lycos.fr\/oursdetarbes\/\"><img decoding=\"async\" src=\"https:\/\/www.wallendorff.com\/belogue\/photo\/2008\/02\/8521.jpg\" border=\"0\" \/><\/a><br \/>\n    Metz, 8&nbsp;521<sup>e<\/sup> jour.<\/p>\n<\/div>\n<div id=\"photo2\">\n<p><img decoding=\"async\" src=\"https:\/\/www.wallendorff.com\/belogue\/photo\/2008\/02\/8676.jpg\" \/><br \/>\n    Ann Arbor, 8&nbsp;676<sup>e<\/sup> jour.<\/p>\n<\/div>\n<div id=\"photo2\">\n<p><img decoding=\"async\" src=\"https:\/\/www.wallendorff.com\/belogue\/photo\/2008\/02\/8700.jpg\" \/><br \/>\n    Chicago, 8&nbsp;700<sup>e<\/sup> jour.<\/p>\n<\/div>\n<div id=\"photo2\">\n<p><img decoding=\"async\" src=\"https:\/\/www.wallendorff.com\/belogue\/photo\/2008\/02\/8757.jpg\" \/><br \/>\n    Com&rsquo;Info, 8&nbsp;757<sup>e<\/sup> jour.<\/p>\n<\/div>\n<div id=\"photo2\">\n<p><img decoding=\"async\" src=\"https:\/\/www.wallendorff.com\/belogue\/photo\/2008\/02\/8870.jpg\" \/><br \/>\n    Metz, 8&nbsp;870<sup>e<\/sup> jour.<\/p>\n<\/div>\n<div id=\"photo2\">\n<p><img decoding=\"async\" src=\"https:\/\/www.wallendorff.com\/belogue\/photo\/2008\/02\/9097.jpg\" \/><br \/>\n    Com&rsquo;Info, 9&nbsp;097<sup>e<\/sup> jour.<\/p>\n<\/div>\n<div id=\"photo2\">\n<p><img decoding=\"async\" src=\"https:\/\/www.wallendorff.com\/belogue\/photo\/2008\/02\/9138.jpg\" \/><br \/>\n    Metz, 9&nbsp;138<sup>e<\/sup> jour.<\/p>\n<\/div>\n<div id=\"photo2\">\n<p><img decoding=\"async\" src=\"https:\/\/www.wallendorff.com\/belogue\/photo\/2008\/02\/9146.jpg\" \/><br \/>\n    Metz, 9&nbsp;146<sup>e<\/sup> jour.<\/p>\n<\/div>\n<div id=\"photo2\">\n<p><img decoding=\"async\" src=\"https:\/\/www.wallendorff.com\/belogue\/photo\/2008\/02\/9188.jpg\" \/><br \/>\n    Tarbes, 9&nbsp;188<sup>e<\/sup> jour.<\/p>\n<\/div>\n<div id=\"photo2\">\n<p><img decoding=\"async\" src=\"https:\/\/www.wallendorff.com\/belogue\/photo\/2008\/02\/9265.jpg\" \/><br \/>\n    Com&rsquo;Info, 9&nbsp;265<sup>e<\/sup> jour.<\/p>\n<\/div>\n<div id=\"photo2\">\n<p><img decoding=\"async\" src=\"https:\/\/www.wallendorff.com\/belogue\/photo\/2008\/02\/9552.jpg\" \/><br \/>\n    Paris, 9&nbsp;552<sup>e<\/sup> jour.<\/p>\n<\/div>\n<div id=\"photo2\">\n<p><img decoding=\"async\" src=\"https:\/\/www.wallendorff.com\/belogue\/photo\/2008\/02\/9554.jpg\" \/><br \/>\n    ?, 9&nbsp;554<sup>e<\/sup> jour.<\/p>\n<\/div>\n<div id=\"photo2\">\n<p><img decoding=\"async\" src=\"https:\/\/www.wallendorff.com\/belogue\/photo\/2008\/02\/9568.jpg\" \/><br \/>\n    Californie, 9&nbsp;568<sup>e<\/sup> jour.<\/p>\n<\/div>\n<div id=\"photo2\">\n<p><img decoding=\"async\" src=\"https:\/\/www.wallendorff.com\/belogue\/photo\/2008\/02\/9826.jpg\" \/><br \/>\n    Macomb, 9&nbsp;826<sup>e<\/sup> jour.<\/p>\n<\/div>\n<div id=\"photo2\">\n<p><img decoding=\"async\" src=\"https:\/\/www.wallendorff.com\/belogue\/photo\/2008\/02\/9840.jpg\" \/><br \/>\n    Toronto, 9&nbsp;840<sup>e<\/sup> jour.<\/p>\n<\/div>\n<div id=\"photo2\">\n<p><img decoding=\"async\" src=\"https:\/\/www.wallendorff.com\/belogue\/photo\/2008\/02\/10048.jpg\" \/><br \/>\n    Ibarron, 10&nbsp;048<sup>e<\/sup> jour. [photo <a href=\"http:\/\/blog.julietterobert.com\">-ju<\/a>] <\/p>\n<\/div>\n<div id=\"photo2\">\n<p><img decoding=\"async\" src=\"https:\/\/www.wallendorff.com\/belogue\/photo\/2008\/02\/10602.jpg\" \/><br \/>\n    L&rsquo;Ancienne Belgique, Bruxelles, 10&nbsp;602<sup>e<\/sup> jour. <\/p>\n<\/div>\n<div id=\"photo2\">\n<p><img decoding=\"async\" src=\"https:\/\/www.wallendorff.com\/belogue\/photo\/2008\/02\/10673.jpg\" \/><br \/>\n    Guyancourt, 10&nbsp;673<sup>e<\/sup> jour.<\/p>\n<\/div>\n<div id=\"photo2\">\n<p><img decoding=\"async\" src=\"https:\/\/www.wallendorff.com\/belogue\/photo\/2008\/02\/10693.jpg\" \/><br \/>\n    Paris, 10&nbsp;693<sup>e<\/sup> jour. <\/p>\n<\/div>\n<div id=\"photo2\">\n<p><img decoding=\"async\" src=\"https:\/\/www.wallendorff.com\/belogue\/photo\/2008\/02\/10779.jpg\" \/><br \/>\n    Rock en Seine, 10&nbsp;779<sup>e<\/sup> jour. [re-photo <a href=\"http:\/\/blog.julietterobert.com\">-ju<\/a>] <\/p>\n<\/div>\n<div id=\"photo2\">\n<p><img decoding=\"async\" src=\"https:\/\/www.wallendorff.com\/belogue\/photo\/2008\/02\/10911.jpg\" \/><br \/>\n    Paris, 10&nbsp;911<sup>e<\/sup> jour.<\/p>\n<\/div>\n<div id=\"bandeson\">\n<p><img decoding=\"async\" src=\"https:\/\/www.wallendorff.com\/belogue\/photo\/pochettes\/v\/vedder_eddie-into_the_wild.jpg\" align=\"left\" \/>&nbsp;<a href=\"http:\/\/www.tenclub.net\">Eddie Vedder<\/a> &ndash; <em>Hard Sun<\/em> (Indio cover)<\/p>\n<\/div>\n","protected":false},"excerpt":{"rendered":"<p>Reims, 2e jour. Loctudy, 2&nbsp;334e jour. Givet, 5&nbsp;627e jour. Paris, 6&nbsp;478e jour. Bruxelles, 6&nbsp;662e jour. Charleville-M&eacute;zi&egrave;res, 7&nbsp;012e jour. Metz, 7&nbsp;509e jour. Metz, 7&nbsp;637e jour. RTL, 8&nbsp;217e jour. Metz, 8&nbsp;521e jour. Ann Arbor, 8&nbsp;676e jour. Chicago, 8&nbsp;700e jour. Com&rsquo;Info, 8&nbsp;757e jour. Metz, 8&nbsp;870e jour. Com&rsquo;Info, 9&nbsp;097e jour. Metz, 9&nbsp;138e jour. Metz, 9&nbsp;146e jour. Tarbes, 9&nbsp;188e jour.&hellip;<\/p>\n","protected":false},"author":1,"featured_media":25092,"comment_status":"open","ping_status":"open","sticky":false,"template":"","format":"standard","meta":{"_acf_changed":false,"ngg_post_thumbnail":0,"jetpack_post_was_ever_published":false,"_jetpack_newsletter_access":"","_jetpack_dont_email_post_to_subs":false,"_jetpack_newsletter_tier_id":0,"_jetpack_memberships_contains_paywalled_content":false,"_jetpack_memberships_contains_paid_content":false,"footnotes":"","jetpack_publicize_message":"","jetpack_publicize_feature_enabled":true,"jetpack_social_post_already_shared":false,"jetpack_social_options":{"image_generator_settings":{"template":"highway","default_image_id":0,"font":"","enabled":false},"version":2}},"categories":[3],"tags":[10131,10330,2328,3322,10875,449],"class_list":["post-1167","post","type-post","status-publish","format-standard","has-post-thumbnail","hentry","category-dpc","tag-anniversaire","tag-eddie-vedder","tag-hard-sun","tag-indio","tag-into-the-wild","tag-moi"],"acf":[],"geo":null,"jetpack_publicize_connections":[],"jetpack_featured_media_url":"https:\/\/www.wallendorff.com\/belogue\/wp-content\/uploads\/2015\/04\/210.jpg","jetpack_shortlink":"https:\/\/wp.me\/p3b35P-iP","jetpack_sharing_enabled":true,"jetpack-related-posts":[{"id":37271,"url":"https:\/\/www.wallendorff.com\/belogue\/2018\/02\/21\/14-611-jours\/","url_meta":{"origin":1167,"position":0},"title":"14&nbsp;611 jours.","author":"dpc","date":"21 f\u00e9vrier 2018","format":false,"excerpt":"Vieillir, h\u00e9las\u00a0! disait mon p\u00e8re, mais c'est le seul moyen que j'aie trouv\u00e9 de ne pas mourir jeune. Daniel Pennac in La F\u00e9e carabine Puisque j'ai commenc\u00e9 la s\u00e9rie il y a dix ans (\u00e0 une \u00e9poque o\u00f9 les r\u00e9solutions d'\u00e9crans \u00e9taient bien inf\u00e9rieures \u00e0 celles d'aujourd'hui), autant la continuer.\u2026","rel":"","context":"Dans &quot;DPC&quot;","block_context":{"text":"DPC","link":"https:\/\/www.wallendorff.com\/belogue\/category\/dpc\/"},"img":{"alt_text":"","src":"https:\/\/i0.wp.com\/www.wallendorff.com\/belogue\/wp-content\/uploads\/2018\/02\/banniere-etoile.png?resize=350%2C200&ssl=1","width":350,"height":200,"srcset":"https:\/\/i0.wp.com\/www.wallendorff.com\/belogue\/wp-content\/uploads\/2018\/02\/banniere-etoile.png?resize=350%2C200&ssl=1 1x, https:\/\/i0.wp.com\/www.wallendorff.com\/belogue\/wp-content\/uploads\/2018\/02\/banniere-etoile.png?resize=525%2C300&ssl=1 1.5x, https:\/\/i0.wp.com\/www.wallendorff.com\/belogue\/wp-content\/uploads\/2018\/02\/banniere-etoile.png?resize=700%2C400&ssl=1 2x, https:\/\/i0.wp.com\/www.wallendorff.com\/belogue\/wp-content\/uploads\/2018\/02\/banniere-etoile.png?resize=1050%2C600&ssl=1 3x"},"classes":[]},{"id":18828,"url":"https:\/\/www.wallendorff.com\/belogue\/2012\/08\/29\/rock-en-seine-2012-jour-3\/","url_meta":{"origin":1167,"position":1},"title":"Rock en Seine 2012, jour 3.","author":"dpc","date":"29 ao\u00fbt 2012","format":false,"excerpt":"Premier jour par l\u00e0, deuxi\u00e8me jour par ici. Japandroids \u2013 For the Love of Ivy \u00a0","rel":"","context":"Dans &quot;Alive&quot;","block_context":{"text":"Alive","link":"https:\/\/www.wallendorff.com\/belogue\/category\/alive\/"},"img":{"alt_text":"","src":"https:\/\/i0.wp.com\/www.wallendorff.com\/belogue\/wp-content\/uploads\/2015\/04\/201208291.jpg?resize=350%2C200&ssl=1","width":350,"height":200,"srcset":"https:\/\/i0.wp.com\/www.wallendorff.com\/belogue\/wp-content\/uploads\/2015\/04\/201208291.jpg?resize=350%2C200&ssl=1 1x, https:\/\/i0.wp.com\/www.wallendorff.com\/belogue\/wp-content\/uploads\/2015\/04\/201208291.jpg?resize=525%2C300&ssl=1 1.5x, https:\/\/i0.wp.com\/www.wallendorff.com\/belogue\/wp-content\/uploads\/2015\/04\/201208291.jpg?resize=700%2C400&ssl=1 2x"},"classes":[]},{"id":22984,"url":"https:\/\/www.wallendorff.com\/belogue\/2014\/06\/18\/dix-ans-de-xptdr\/","url_meta":{"origin":1167,"position":2},"title":"Dix ans de XPTDR.","author":"dpc","date":"18 juin 2014","format":false,"excerpt":"N'emp\u00eache, qu'est-ce qu'on a pu rigoler en dix ans. [Et demain, le retour des photos]. Dix ans de notes QLB1. Le jour o\u00f9 mon coll\u00e8gue de bureau m'a offert mon poids en bonbons (2 novembre 2004). Le jour o\u00f9 je suis all\u00e9 travailler sans lunettes (8 juillet 2005). Le jour\u2026","rel":"","context":"Dans &quot;DPC&quot;","block_context":{"text":"DPC","link":"https:\/\/www.wallendorff.com\/belogue\/category\/dpc\/"},"img":{"alt_text":"","src":"https:\/\/i0.wp.com\/www.wallendorff.com\/images\/etoile_blanche.jpg?resize=350%2C200","width":350,"height":200},"classes":[]},{"id":381,"url":"https:\/\/www.wallendorff.com\/belogue\/2005\/05\/10\/bees-vitrees\/","url_meta":{"origin":1167,"position":3},"title":"B\u00e9es vitr\u00e9es.","author":"dpc","date":"10 mai 2005","format":false,"excerpt":"Ancienne usine Packard, D\u00e9troit, 5 f\u00e9vrier. [Viendra un jour pas si lointain o\u00f9 j'aurai totalement vid\u00e9 mon stock.] [Je crois que ce jour-l\u00e0, \u00e7a sera fini pour de bon.] [Je crois que ce jour-l\u00e0, \u00e7a me manquera encore plus que maintenant.] [Encore plus.] \u00a0Air \u2013 Alone in Kyoto","rel":"","context":"Dans &quot;DPC&quot;","block_context":{"text":"DPC","link":"https:\/\/www.wallendorff.com\/belogue\/category\/dpc\/"},"img":{"alt_text":"","src":"https:\/\/i0.wp.com\/www.wallendorff.com\/belogue\/wp-content\/uploads\/2015\/04\/200505101.jpg?resize=350%2C200&ssl=1","width":350,"height":200},"classes":[]},{"id":728,"url":"https:\/\/www.wallendorff.com\/belogue\/2004\/07\/19\/l-autocollant-du-jour\/","url_meta":{"origin":1167,"position":4},"title":"L&rsquo;autocollant du jour.","author":"dpc","date":"19 juillet 2004","format":false,"excerpt":"Les \u00e9lections approchent, les autocollants rigolos fleurissent. \u00a0Tarmac \u2013 In\u00f9til (live)","rel":"","context":"Dans &quot;DPC&quot;","block_context":{"text":"DPC","link":"https:\/\/www.wallendorff.com\/belogue\/category\/dpc\/"},"img":{"alt_text":"","src":"https:\/\/i0.wp.com\/www.wallendorff.com\/belogue\/wp-content\/uploads\/2015\/04\/295.jpg?resize=350%2C200&ssl=1","width":350,"height":200},"classes":[]},{"id":771,"url":"https:\/\/www.wallendorff.com\/belogue\/2004\/06\/13\/le-vainqueur-du-jour\/","url_meta":{"origin":1167,"position":5},"title":"Le vainqueur du jour.","author":"dpc","date":"13 juin 2004","format":false,"excerpt":"Un joli pick-up repeint sur la 275.","rel":"","context":"Dans &quot;DPC&quot;","block_context":{"text":"DPC","link":"https:\/\/www.wallendorff.com\/belogue\/category\/dpc\/"},"img":{"alt_text":"","src":"https:\/\/i0.wp.com\/www.wallendorff.com\/belogue\/wp-content\/uploads\/2015\/04\/039.jpg?resize=350%2C200&ssl=1","width":350,"height":200},"classes":[]}],"_links":{"self":[{"href":"https:\/\/www.wallendorff.com\/belogue\/wp-json\/wp\/v2\/posts\/1167","targetHints":{"allow":["GET"]}}],"collection":[{"href":"https:\/\/www.wallendorff.com\/belogue\/wp-json\/wp\/v2\/posts"}],"about":[{"href":"https:\/\/www.wallendorff.com\/belogue\/wp-json\/wp\/v2\/types\/post"}],"author":[{"embeddable":true,"href":"https:\/\/www.wallendorff.com\/belogue\/wp-json\/wp\/v2\/users\/1"}],"replies":[{"embeddable":true,"href":"https:\/\/www.wallendorff.com\/belogue\/wp-json\/wp\/v2\/comments?post=1167"}],"version-history":[{"count":2,"href":"https:\/\/www.wallendorff.com\/belogue\/wp-json\/wp\/v2\/posts\/1167\/revisions"}],"predecessor-version":[{"id":37301,"href":"https:\/\/www.wallendorff.com\/belogue\/wp-json\/wp\/v2\/posts\/1167\/revisions\/37301"}],"wp:featuredmedia":[{"embeddable":true,"href":"https:\/\/www.wallendorff.com\/belogue\/wp-json\/wp\/v2\/media\/25092"}],"wp:attachment":[{"href":"https:\/\/www.wallendorff.com\/belogue\/wp-json\/wp\/v2\/media?parent=1167"}],"wp:term":[{"taxonomy":"category","embeddable":true,"href":"https:\/\/www.wallendorff.com\/belogue\/wp-json\/wp\/v2\/categories?post=1167"},{"taxonomy":"post_tag","embeddable":true,"href":"https:\/\/www.wallendorff.com\/belogue\/wp-json\/wp\/v2\/tags?post=1167"}],"curies":[{"name":"wp","href":"https:\/\/api.w.org\/{rel}","templated":true}]}}