{"id":1162,"date":"2008-02-14T09:18:16","date_gmt":"2008-02-14T09:18:16","guid":{"rendered":"http:\/\/www.po-l.com\/wordpress\/?p=1162"},"modified":"2012-02-02T11:20:49","modified_gmt":"2012-02-02T09:20:49","slug":"sains-lamantins","status":"publish","type":"post","link":"https:\/\/www.wallendorff.com\/belogue\/2008\/02\/14\/sains-lamantins\/","title":{"rendered":"Sains lamantins."},"content":{"rendered":"<div id=\"photo\">\n<p><img decoding=\"async\" src=\"https:\/\/www.wallendorff.com\/belogue\/photo\/2008\/02\/20080214.jpg\" \/><br \/>\n   La rue, Paris, 8 janvier.<\/p>\n<\/div>\n<p style=\"text-align:right\">Vu que c&rsquo;est la journ&eacute;e de l&rsquo;amour <strike>mercantile<\/strike> universel, j&rsquo;en profite pour encenser la multitude de mes fans qui se sont cotis&eacute;s pour m&rsquo;offrir cette fresque &agrave; ma gloire sur le rideau de la boulangerie. Si, vraiment, je suis touch&eacute; et quand je passe devant tous les soirs je pense bien &agrave; vous, les lecteurs du Internet.<\/p>\n<p style=\"text-align:right\">Merci, les gros. Amour, paix et des fraises Tagada aussi.<\/p>\n<div id=\"bandeson\">\n<p><img decoding=\"async\" src=\"https:\/\/www.wallendorff.com\/belogue\/photo\/pochettes\/h\/hard-fi-once_upon_a_time_in_the_west.jpg\" align=\"left\" \/>&nbsp;<a href=\"http:\/\/www.hard-fi.com\/\">Hard-Fi<\/a> &ndash; <em>I Close My Eyes<\/em><\/p>\n<\/p><\/div>\n<div id=\"bas_note\">\n<p>_____<\/p>\n<p><sup>1<\/sup> Je sais qu&rsquo;il est pourri ce jeu de mot, mais avouons quand m&ecirc;me que c&rsquo;est <a href=\"http:\/\/upload.wikimedia.org\/wikipedia\/commons\/8\/8d\/Manatee2.jpg\">super-choupi<\/a>, on dirait de l&rsquo;Anne Geddes en plus gnan-gnan.<\/p>\n<\/div>\n","protected":false},"excerpt":{"rendered":"<p>La rue, Paris, 8 janvier. Vu que c&rsquo;est la journ&eacute;e de l&rsquo;amour mercantile universel, j&rsquo;en profite pour encenser la multitude de mes fans qui se sont cotis&eacute;s pour m&rsquo;offrir cette fresque &agrave; ma gloire sur le rideau de la boulangerie. Si, vraiment, je suis touch&eacute; et quand je passe devant tous les soirs je pense&hellip;<\/p>\n","protected":false},"author":1,"featured_media":25087,"comment_status":"open","ping_status":"open","sticky":false,"template":"","format":"standard","meta":{"_acf_changed":false,"ngg_post_thumbnail":0,"jetpack_post_was_ever_published":false,"_jetpack_newsletter_access":"","_jetpack_dont_email_post_to_subs":false,"_jetpack_newsletter_tier_id":0,"_jetpack_memberships_contains_paywalled_content":false,"_jetpack_memberships_contains_paid_content":false,"footnotes":"","jetpack_publicize_message":"","jetpack_publicize_feature_enabled":true,"jetpack_social_post_already_shared":false,"jetpack_social_options":{"image_generator_settings":{"template":"highway","default_image_id":0,"font":"","enabled":false},"version":2}},"categories":[3],"tags":[10183,1016,187,10082,10120,10668,194,2319,10121,10147,10098,10351,10280],"class_list":["post-1162","post","type-post","status-publish","format-standard","has-post-thumbnail","hentry","category-dpc","tag-10183","tag-ef-15-mm-f28-fisheye","tag-eos-1d-mark-ii","tag-dpc","tag-france","tag-graffiti","tag-hard-fi","tag-i-close-my-eyes","tag-ile-de-france","tag-nuit","tag-paris","tag-rue","tag-rue-oberkampf"],"acf":[],"geo":{"latitude":48.8656349,"longitude":2.3775904,"description":null},"jetpack_publicize_connections":[],"jetpack_featured_media_url":"https:\/\/www.wallendorff.com\/belogue\/wp-content\/uploads\/2015\/04\/200802141.jpg","jetpack_shortlink":"https:\/\/wp.me\/p3b35P-iK","jetpack_sharing_enabled":true,"jetpack-related-posts":[{"id":1106,"url":"https:\/\/www.wallendorff.com\/belogue\/2007\/12\/11\/stone-ghost-hard\/","url_meta":{"origin":1162,"position":0},"title":"Stone ghost hard\u00b9.","author":"dpc","date":"11 d\u00e9cembre 2007","format":false,"excerpt":"Rue des Cascades, Paris, 17 novembre. Y a un truc qui m'\u00e9nerve, c'est quand je r\u00e9alise un beau matin qu'apr\u00e8s Louis XIV, les Kills reviennent aussi et que quand je cherche \u00e0 dater l'info, j'apprends que j'arrive 2 semaines apr\u00e8s la bataille et qu'il y a d\u00e9j\u00e0 une vid\u00e9o pour\u2026","rel":"","context":"Dans &quot;DPC&quot;","block_context":{"text":"DPC","link":"https:\/\/www.wallendorff.com\/belogue\/category\/dpc\/"},"img":{"alt_text":"","src":"https:\/\/i0.wp.com\/www.wallendorff.com\/belogue\/wp-content\/uploads\/2015\/04\/200712111.jpg?resize=350%2C200&ssl=1","width":350,"height":200},"classes":[]},{"id":996,"url":"https:\/\/www.wallendorff.com\/belogue\/2007\/07\/18\/porte-a-portes\/","url_meta":{"origin":1162,"position":1},"title":"Porte \u00e0 portes.","author":"dpc","date":"18 juillet 2007","format":false,"excerpt":"Rue Saint-Denis, Paris, 2 juillet. \u00c7a sent le fond de tiroir, je sais. Les module Firefox de recherche sur le TLFI pointent dor\u00e9navant sur un nouveau truc, le Portail lexical du CNRTL, avec un dictionnaire des synonymes en 3D inutile donc indispensable, des barres Firefox de poneys et plein d'outils\u2026","rel":"","context":"Dans &quot;DPC&quot;","block_context":{"text":"DPC","link":"https:\/\/www.wallendorff.com\/belogue\/category\/dpc\/"},"img":{"alt_text":"","src":"https:\/\/i0.wp.com\/www.wallendorff.com\/belogue\/wp-content\/uploads\/2015\/04\/200707181.jpg?resize=350%2C200&ssl=1","width":350,"height":200},"classes":[]},{"id":269,"url":"https:\/\/www.wallendorff.com\/belogue\/2005\/11\/16\/titre-y-aigres-aumines\/","url_meta":{"origin":1162,"position":2},"title":"Titre y aigres aumin&eacute;s&sup1;.","author":"dpc","date":"16 novembre 2005","format":false,"excerpt":"Rue des Haudriettes, Paris, 6 novembre. Bon. C'est pas pour me faire de l'auto-pub, hein. Mais c'est juste que gr\u00e2ce \u00e0 ma joyeuse camarade SweetJane, j'ai pu photographier de pr\u00e8s \u2014\u00a0de super-pr\u00e8s, m\u00eame\u00a0\u2014 M. Brendan Benson himself, et que c'est pas rien, parce que Brendan Benson, il a lui-m\u00eame approch\u00e9\u2026","rel":"","context":"Dans &quot;DPC&quot;","block_context":{"text":"DPC","link":"https:\/\/www.wallendorff.com\/belogue\/category\/dpc\/"},"img":{"alt_text":"","src":"https:\/\/i0.wp.com\/www.wallendorff.com\/belogue\/wp-content\/uploads\/2015\/04\/200511161.jpg?resize=350%2C200&ssl=1","width":350,"height":200},"classes":[]},{"id":6798,"url":"https:\/\/www.wallendorff.com\/belogue\/2010\/02\/17\/le-petit-bonhomme-en-moufles\/","url_meta":{"origin":1162,"position":3},"title":"Le petit bonhomme en moufles.","author":"dpc","date":"17 f\u00e9vrier 2010","format":false,"excerpt":"Place Franz-Liszt, Paris, 9 janvier. Je sais, on lui voit mal les moufles. Je ne me rappelle la t\u00eate des gens qu'une fois que je les ai pris en photo. Tant que ce n'est pas fait, j'oublie leur visage \u2015\u00a0et leur nom aussi, d'ailleurs, pratique pour se d\u00e9velopper une vie\u2026","rel":"","context":"Dans &quot;DPC&quot;","block_context":{"text":"DPC","link":"https:\/\/www.wallendorff.com\/belogue\/category\/dpc\/"},"img":{"alt_text":"","src":"https:\/\/i0.wp.com\/www.wallendorff.com\/belogue\/wp-content\/uploads\/2015\/04\/201002171.jpg?resize=350%2C200&ssl=1","width":350,"height":200},"classes":[]},{"id":24,"url":"https:\/\/www.wallendorff.com\/belogue\/2006\/02\/06\/tri-bancs-belent\/","url_meta":{"origin":1162,"position":4},"title":"Tri&sup1; bancs b&ecirc;lent","author":"dpc","date":"6 f\u00e9vrier 2006","format":false,"excerpt":"Rue de Bi\u00e8vres, Paris, 22 janvier, 15h15. Proverbe florentin\u00a0: \u00ab\u00a0Quand ta note ribambelle, trois fois de ta journ\u00e9e b\u00eale\u00a0:\u00a0\u00bb Les g\u00e2teaux de Michel et Augustin sont vraiment \u2015 presque\u00a0\u2015 ronds et vraiments \u2015\u00a0compl\u00e8tement\u00a0\u2015 bons2. Il y a un tabouret \u00e0 roulettes qui se balade \u00e0 la Fnac St-Lazare sur lequel\u2026","rel":"","context":"Dans &quot;DPC&quot;","block_context":{"text":"DPC","link":"https:\/\/www.wallendorff.com\/belogue\/category\/dpc\/"},"img":{"alt_text":"","src":"https:\/\/i0.wp.com\/www.wallendorff.com\/belogue\/wp-content\/uploads\/2015\/04\/200602061.jpg?resize=350%2C200&ssl=1","width":350,"height":200},"classes":[]},{"id":7621,"url":"https:\/\/www.wallendorff.com\/belogue\/2010\/06\/03\/wheeeere-the-streeeeeets-have-a-naaaaame\/","url_meta":{"origin":1162,"position":5},"title":"Wheeeere the streeeeeets have a naaaaame.","author":"dpc","date":"3 juin 2010","format":false,"excerpt":"Rue des Chantres, Paris, 25 avril. Je n'arrive toujours pas \u00e0 savoir si c'est bien ou mal d'\u00e9couter des bouts de la BO de Twilight1 et si je vais me changer en loup-garou2 m\u00e9chant et baveur ou en vampire glabre si j'en abuse. L'\u0153uvre est \u00e9coutable en int\u00e9grale ici, pour\u2026","rel":"","context":"Dans &quot;DPC&quot;","block_context":{"text":"DPC","link":"https:\/\/www.wallendorff.com\/belogue\/category\/dpc\/"},"img":{"alt_text":"","src":"https:\/\/i0.wp.com\/www.wallendorff.com\/belogue\/wp-content\/uploads\/2015\/04\/201006031.jpg?resize=350%2C200&ssl=1","width":350,"height":200},"classes":[]}],"_links":{"self":[{"href":"https:\/\/www.wallendorff.com\/belogue\/wp-json\/wp\/v2\/posts\/1162","targetHints":{"allow":["GET"]}}],"collection":[{"href":"https:\/\/www.wallendorff.com\/belogue\/wp-json\/wp\/v2\/posts"}],"about":[{"href":"https:\/\/www.wallendorff.com\/belogue\/wp-json\/wp\/v2\/types\/post"}],"author":[{"embeddable":true,"href":"https:\/\/www.wallendorff.com\/belogue\/wp-json\/wp\/v2\/users\/1"}],"replies":[{"embeddable":true,"href":"https:\/\/www.wallendorff.com\/belogue\/wp-json\/wp\/v2\/comments?post=1162"}],"version-history":[{"count":2,"href":"https:\/\/www.wallendorff.com\/belogue\/wp-json\/wp\/v2\/posts\/1162\/revisions"}],"predecessor-version":[{"id":15688,"href":"https:\/\/www.wallendorff.com\/belogue\/wp-json\/wp\/v2\/posts\/1162\/revisions\/15688"}],"wp:featuredmedia":[{"embeddable":true,"href":"https:\/\/www.wallendorff.com\/belogue\/wp-json\/wp\/v2\/media\/25087"}],"wp:attachment":[{"href":"https:\/\/www.wallendorff.com\/belogue\/wp-json\/wp\/v2\/media?parent=1162"}],"wp:term":[{"taxonomy":"category","embeddable":true,"href":"https:\/\/www.wallendorff.com\/belogue\/wp-json\/wp\/v2\/categories?post=1162"},{"taxonomy":"post_tag","embeddable":true,"href":"https:\/\/www.wallendorff.com\/belogue\/wp-json\/wp\/v2\/tags?post=1162"}],"curies":[{"name":"wp","href":"https:\/\/api.w.org\/{rel}","templated":true}]}}