{"id":116,"date":"2006-04-05T00:19:03","date_gmt":"2006-04-05T00:19:03","guid":{"rendered":"http:\/\/www.po-l.com\/wordpress\/?p=116"},"modified":"2012-02-26T13:02:04","modified_gmt":"2012-02-26T11:02:04","slug":"poneyshot-2","status":"publish","type":"post","link":"https:\/\/www.wallendorff.com\/belogue\/2006\/04\/05\/poneyshot-2\/","title":{"rendered":"Poneyshot #2."},"content":{"rendered":"\n<p>Attention. Cette note contient, elle aussi, une v&eacute;ritable photo de poney.<\/p>\n<p>      <!--more--><\/p>\n<div id=\"photo\">\n<p><img decoding=\"async\" src=\"http:\/\/www.po-L.com\/belogue\/photo\/2006\/04\/20060405.jpg\" \/><br \/>\n          Jardins du Palais de Justice, Metz, 25 mars.<\/p>\n<\/p><\/div>\n<p style=\"text-align:right\">huhuhuhuhuhu<sup>1<\/sup><\/p>\n<div id=\"bandeson\">\n<p><img decoding=\"async\" src=\"https:\/\/www.wallendorff.com\/belogue\/photo\/pochettes\/s\/subways_the-young_for_eternity.jpg\" align=\"left\" \/>&nbsp;<a href=\"http:\/\/www.thesubways.net\">The Subways<\/a> &ndash; <em>Oh Yeah<\/em><\/p>\n<\/div>\n<div id=\"bas_note\">\n<p>_____<\/p>\n<p><sup>1<\/sup> C&rsquo;est [toujours] tr&egrave;s onomatopesque, ici, en ce moment, je trouve [et en plus les notes se r&eacute;p&egrave;tent].<\/p>\n<\/p><\/div>\n","protected":false},"excerpt":{"rendered":"<p>Attention. Cette note contient, elle aussi, une v&eacute;ritable photo de poney.<\/p>\n","protected":false},"author":1,"featured_media":24050,"comment_status":"open","ping_status":"open","sticky":false,"template":"","format":"standard","meta":{"_acf_changed":false,"ngg_post_thumbnail":0,"jetpack_post_was_ever_published":false,"_jetpack_newsletter_access":"","_jetpack_dont_email_post_to_subs":false,"_jetpack_newsletter_tier_id":0,"_jetpack_memberships_contains_paywalled_content":false,"_jetpack_memberships_contains_paid_content":false,"footnotes":"","jetpack_publicize_message":"","jetpack_publicize_feature_enabled":true,"jetpack_social_post_already_shared":false,"jetpack_social_options":{"image_generator_settings":{"template":"highway","default_image_id":0,"font":"","enabled":false},"version":2}},"categories":[3],"tags":[142,132,10144,3938,10120,1537,1538,10175,10173,10174,1539,10382,10227,10234],"class_list":["post-116","post","type-post","status-publish","format-standard","has-post-thumbnail","hentry","category-dpc","tag-ef-s-10-22-mm-f35-45-usm","tag-eos-20d","tag-ciel","tag-esplanade","tag-france","tag-jardin-du-palais-de-justice","tag-la-fayette","tag-lorraine","tag-metz","tag-moselle","tag-oh-yeah","tag-poney","tag-statue","tag-the-subways"],"acf":[],"geo":{"latitude":49.1176414,"longitude":6.1696706,"description":null},"jetpack_publicize_connections":[],"jetpack_featured_media_url":"https:\/\/www.wallendorff.com\/belogue\/wp-content\/uploads\/2015\/04\/200604051.jpg","jetpack_shortlink":"https:\/\/wp.me\/p3b35P-1S","jetpack_sharing_enabled":true,"jetpack-related-posts":[{"id":115,"url":"https:\/\/www.wallendorff.com\/belogue\/2006\/04\/04\/poneyshot-1\/","url_meta":{"origin":116,"position":0},"title":"Poneyshot #1.","author":"dpc","date":"4 avril 2006","format":false,"excerpt":"Attention. La note qui suit contient une v\u00e9ritable photo de poney.","rel":"","context":"Dans &quot;DPC&quot;","block_context":{"text":"DPC","link":"https:\/\/www.wallendorff.com\/belogue\/category\/dpc\/"},"img":{"alt_text":"","src":"https:\/\/i0.wp.com\/www.wallendorff.com\/belogue\/wp-content\/uploads\/2015\/04\/200604021.jpg?resize=350%2C200&ssl=1","width":350,"height":200},"classes":[]},{"id":14732,"url":"https:\/\/www.wallendorff.com\/belogue\/2011\/12\/09\/yeah-wohoo-poney-poney\/","url_meta":{"origin":116,"position":1},"title":"Yeah wohoo poney poney.","author":"dpc","date":"9 d\u00e9cembre 2011","format":false,"excerpt":"Haras national, Tarb' Tarb' Tarb' Tarb' Tarb' Tarb' Tarb' Tarb' Tarb', 18 septembre. Bon d'accord, cette photo est surtout un pr\u00e9texte pour pouvoir utiliser ce titre. Guns N'Roses \u2013 Down on the Farm (UK Subs cover) [youtube]http:\/\/www.youtube.com\/watch?v=_aEeii9aR6o[\/youtube]","rel":"","context":"Dans &quot;DPC&quot;","block_context":{"text":"DPC","link":"https:\/\/www.wallendorff.com\/belogue\/category\/dpc\/"},"img":{"alt_text":"","src":"https:\/\/i0.wp.com\/www.wallendorff.com\/belogue\/wp-content\/uploads\/2015\/04\/201112091.jpg?resize=350%2C200&ssl=1","width":350,"height":200,"srcset":"https:\/\/i0.wp.com\/www.wallendorff.com\/belogue\/wp-content\/uploads\/2015\/04\/201112091.jpg?resize=350%2C200&ssl=1 1x, https:\/\/i0.wp.com\/www.wallendorff.com\/belogue\/wp-content\/uploads\/2015\/04\/201112091.jpg?resize=525%2C300&ssl=1 1.5x, https:\/\/i0.wp.com\/www.wallendorff.com\/belogue\/wp-content\/uploads\/2015\/04\/201112091.jpg?resize=700%2C400&ssl=1 2x"},"classes":[]},{"id":17789,"url":"https:\/\/www.wallendorff.com\/belogue\/2012\/06\/18\/iii-et-moi\/","url_meta":{"origin":116,"position":2},"title":"III [et moi].","author":"dpc","date":"18 juin 2012","format":false,"excerpt":"Gare de l'Est, Paris, 17 juin. \u00a9 2012 Morgane Paunay1. Elle d\u00e9fonce du poney, Morgane Launay, en ce qui concerne le photographiage de gens, \u00e0 un point tel que dans les milieux autoris\u00e9s, on a fini par la rebaptiser Morgane Paunay. Alors \u00e0 force de harceler Morgane Paunay pendant trois\u2026","rel":"","context":"Dans &quot;DPC&quot;","block_context":{"text":"DPC","link":"https:\/\/www.wallendorff.com\/belogue\/category\/dpc\/"},"img":{"alt_text":"","src":"https:\/\/i0.wp.com\/www.wallendorff.com\/belogue\/wp-content\/uploads\/2015\/04\/201206181.jpg?resize=350%2C200&ssl=1","width":350,"height":200},"classes":[]},{"id":26914,"url":"https:\/\/www.wallendorff.com\/belogue\/2015\/03\/31\/mars-2015\/","url_meta":{"origin":116,"position":3},"title":"Mars 2015.","author":"dpc","date":"31 mars 2015","format":false,"excerpt":"Une autoroute, une ruelle, un di\u0161que, un concert tr\u00e8s, tr\u00e8s fort, une s\u00e9ance de cin\u00e9 mouill\u00e9e, un avion, un retour, une plage sous la neige, une chambre d'h\u00f4tel, des poils par milliers, une baignoire, un coucher de soleil vu de haut, des bi\u00e8res et des bi\u00e8res et des bi\u00e8res et\u2026","rel":"","context":"Dans &quot;Blog-note&quot;","block_context":{"text":"Blog-note","link":"https:\/\/www.wallendorff.com\/belogue\/category\/blog-note\/"},"img":{"alt_text":"","src":"https:\/\/i0.wp.com\/www.wallendorff.com\/belogue\/wp-content\/uploads\/2015\/04\/20150415-10.jpg?resize=350%2C200&ssl=1","width":350,"height":200,"srcset":"https:\/\/i0.wp.com\/www.wallendorff.com\/belogue\/wp-content\/uploads\/2015\/04\/20150415-10.jpg?resize=350%2C200&ssl=1 1x, https:\/\/i0.wp.com\/www.wallendorff.com\/belogue\/wp-content\/uploads\/2015\/04\/20150415-10.jpg?resize=525%2C300&ssl=1 1.5x, https:\/\/i0.wp.com\/www.wallendorff.com\/belogue\/wp-content\/uploads\/2015\/04\/20150415-10.jpg?resize=700%2C400&ssl=1 2x"},"classes":[]},{"id":11585,"url":"https:\/\/www.wallendorff.com\/belogue\/2011\/01\/13\/parc-mont-seau\/","url_meta":{"origin":116,"position":4},"title":"Parc mont-seau.","author":"dpc","date":"13 janvier 2011","format":false,"excerpt":"Rue du Mont-Cenis, Paris, 20 novembre 2010. \u00ab\u00a0Mont-seau\u00a0\u00bb parce qu'au milieu du square il y a un ch\u00e2teau d'eau et que \u00e7a sonne comme Monceau. D'o\u00f9 dr\u00f4le, d'o\u00f9 lol mdr rophlmao poney poney. Enfin normalement. Hum. \u00a0Amanda Palmer \u2013 I Will Follow You into the Dark (Death Cab for Cutie\u2026","rel":"","context":"Dans &quot;DPC&quot;","block_context":{"text":"DPC","link":"https:\/\/www.wallendorff.com\/belogue\/category\/dpc\/"},"img":{"alt_text":"","src":"https:\/\/i0.wp.com\/www.wallendorff.com\/belogue\/wp-content\/uploads\/2015\/04\/201101131.jpg?resize=350%2C200&ssl=1","width":350,"height":200},"classes":[]},{"id":11904,"url":"https:\/\/www.wallendorff.com\/belogue\/2011\/01\/19\/poney-blanc-et-blanc-poney\/","url_meta":{"origin":116,"position":5},"title":"Poney blanc et blanc poney.","author":"dpc","date":"19 janvier 2011","format":false,"excerpt":"Rue Estivant de Braux, Givet, 5 d\u00e9cembre 2010. \u00a0Matt Pond PA \u2013 Snow Day","rel":"","context":"Dans &quot;DPC&quot;","block_context":{"text":"DPC","link":"https:\/\/www.wallendorff.com\/belogue\/category\/dpc\/"},"img":{"alt_text":"","src":"https:\/\/i0.wp.com\/www.wallendorff.com\/belogue\/wp-content\/uploads\/2015\/04\/201101191.jpg?resize=350%2C200&ssl=1","width":350,"height":200},"classes":[]}],"_links":{"self":[{"href":"https:\/\/www.wallendorff.com\/belogue\/wp-json\/wp\/v2\/posts\/116","targetHints":{"allow":["GET"]}}],"collection":[{"href":"https:\/\/www.wallendorff.com\/belogue\/wp-json\/wp\/v2\/posts"}],"about":[{"href":"https:\/\/www.wallendorff.com\/belogue\/wp-json\/wp\/v2\/types\/post"}],"author":[{"embeddable":true,"href":"https:\/\/www.wallendorff.com\/belogue\/wp-json\/wp\/v2\/users\/1"}],"replies":[{"embeddable":true,"href":"https:\/\/www.wallendorff.com\/belogue\/wp-json\/wp\/v2\/comments?post=116"}],"version-history":[{"count":1,"href":"https:\/\/www.wallendorff.com\/belogue\/wp-json\/wp\/v2\/posts\/116\/revisions"}],"predecessor-version":[{"id":16072,"href":"https:\/\/www.wallendorff.com\/belogue\/wp-json\/wp\/v2\/posts\/116\/revisions\/16072"}],"wp:featuredmedia":[{"embeddable":true,"href":"https:\/\/www.wallendorff.com\/belogue\/wp-json\/wp\/v2\/media\/24050"}],"wp:attachment":[{"href":"https:\/\/www.wallendorff.com\/belogue\/wp-json\/wp\/v2\/media?parent=116"}],"wp:term":[{"taxonomy":"category","embeddable":true,"href":"https:\/\/www.wallendorff.com\/belogue\/wp-json\/wp\/v2\/categories?post=116"},{"taxonomy":"post_tag","embeddable":true,"href":"https:\/\/www.wallendorff.com\/belogue\/wp-json\/wp\/v2\/tags?post=116"}],"curies":[{"name":"wp","href":"https:\/\/api.w.org\/{rel}","templated":true}]}}