{"id":1154,"date":"2008-02-04T09:04:48","date_gmt":"2008-02-04T09:04:48","guid":{"rendered":"http:\/\/www.po-l.com\/wordpress\/?p=1154"},"modified":"2012-12-02T20:46:19","modified_gmt":"2012-12-02T18:46:19","slug":"killerpilze-le-trabendo-paris-2","status":"publish","type":"post","link":"https:\/\/www.wallendorff.com\/belogue\/2008\/02\/04\/killerpilze-le-trabendo-paris-2\/","title":{"rendered":"KillerPilze @ le Trabendo, Paris."},"content":{"rendered":"<div id=\"photo\">\n<p><img decoding=\"async\" src=\"https:\/\/www.wallendorff.com\/belogue\/photo\/2008\/02\/20080204.jpg\" \/><\/p>\n<\/div>\n<p style=\"text-align:right\"><em>Fait chaud,<br \/>\n   Fait chaud faut pas,<br \/>\n   Faut pas &eacute;tudier.<\/em><\/p>\n<p>Et tous en ch&oelig;ur&nbsp;:<\/p>\n<div id=\"bandeson\">\n<p><img decoding=\"async\" src=\"https:\/\/www.wallendorff.com\/belogue\/photo\/pochettes\/k\/killerpilze-invasion_der_killerpilze.jpg\" align=\"left\" \/>&nbsp;<a href=\"http:\/\/www.killerpilze.de\">KillerPilze<\/a> &ndash; <em>Springst Hoch<\/em><\/p>\n<\/p><\/div>\n","protected":false},"excerpt":{"rendered":"<p>Fait chaud, Fait chaud faut pas, Faut pas &eacute;tudier. Et tous en ch&oelig;ur&nbsp;: &nbsp;KillerPilze &ndash; Springst Hoch<\/p>\n","protected":false},"author":1,"featured_media":25079,"comment_status":"open","ping_status":"open","sticky":false,"template":"","format":"standard","meta":{"_acf_changed":false,"ngg_post_thumbnail":0,"jetpack_post_was_ever_published":false,"_jetpack_newsletter_access":"","_jetpack_dont_email_post_to_subs":false,"_jetpack_newsletter_tier_id":0,"_jetpack_memberships_contains_paywalled_content":false,"_jetpack_memberships_contains_paid_content":false,"footnotes":"","jetpack_publicize_message":"","jetpack_publicize_feature_enabled":true,"jetpack_social_post_already_shared":false,"jetpack_social_options":{"image_generator_settings":{"template":"highway","default_image_id":0,"font":"","enabled":false},"version":2}},"categories":[7],"tags":[203,10268,10084,196,187,10120,10121,1487,10361,143,10098,10199,2307],"class_list":["post-1154","post","type-post","status-publish","format-standard","has-post-thumbnail","hentry","category-alive","tag-203","tag-10268","tag-alive","tag-ef-28-70-mm-f28l-usm","tag-eos-1d-mark-ii","tag-france","tag-ile-de-france","tag-killerpilze","tag-le-trabendo","tag-noir-et-blanc","tag-paris","tag-pieds","tag-springt-hoch"],"acf":[],"geo":{"latitude":48.8926849,"longitude":2.3939588,"description":"All\u00e9e du Belv\u00e9d\u00e8re, 75019 Paris, France"},"jetpack_publicize_connections":[],"jetpack_featured_media_url":"https:\/\/www.wallendorff.com\/belogue\/wp-content\/uploads\/2015\/04\/200802041.jpg","jetpack_shortlink":"https:\/\/wp.me\/p3b35P-iC","jetpack_sharing_enabled":true,"jetpack-related-posts":[{"id":1137,"url":"https:\/\/www.wallendorff.com\/belogue\/2008\/01\/13\/killerpilze-le-trabendo-paris\/","url_meta":{"origin":1154,"position":0},"title":"KillerPilze @ Trabendo Session, Paris.","author":"dpc","date":"13 janvier 2008","format":false,"excerpt":"On m'avait jamais autant appel\u00e9 \u00ab\u00a0monsieur\u00a0\u00bb. \u00a0I'm from Barcelona \u2013 We're from Barcelona","rel":"","context":"Dans &quot;Alive&quot;","block_context":{"text":"Alive","link":"https:\/\/www.wallendorff.com\/belogue\/category\/alive\/"},"img":{"alt_text":"","src":"https:\/\/i0.wp.com\/www.wallendorff.com\/belogue\/wp-content\/uploads\/2015\/04\/200801131.jpg?resize=350%2C200&ssl=1","width":350,"height":200,"srcset":"https:\/\/i0.wp.com\/www.wallendorff.com\/belogue\/wp-content\/uploads\/2015\/04\/200801131.jpg?resize=350%2C200&ssl=1 1x, https:\/\/i0.wp.com\/www.wallendorff.com\/belogue\/wp-content\/uploads\/2015\/04\/200801131.jpg?resize=525%2C300&ssl=1 1.5x, https:\/\/i0.wp.com\/www.wallendorff.com\/belogue\/wp-content\/uploads\/2015\/04\/200801131.jpg?resize=700%2C400&ssl=1 2x"},"classes":[]},{"id":1186,"url":"https:\/\/www.wallendorff.com\/belogue\/2008\/03\/20\/killerpilze-trabendo-sessions-paris-12-janvier\/","url_meta":{"origin":1154,"position":1},"title":"KillerPilze @ Trabendo sessions, Paris, 12 janvier.","author":"dpc","date":"20 mars 2008","format":false,"excerpt":"\u00a0Manic Street Preachers \u2013 Umbrella (Rihanna cover) ou bien1 \u00a0The Dresden Dolls \u2013 Umbrella (Rihanna cover) (live) _____ 1Tout \u00e7a pour dire qu'apr\u00e8s Crazy et Bang Bang, Umbrella est depuis quelque temps la reprise \u00e0 la mode du moment, et qu'un vaste d\u00e9bat sp\u00e9culatif pour savoir qui sera le prochain\u2026","rel":"","context":"Dans &quot;Alive&quot;","block_context":{"text":"Alive","link":"https:\/\/www.wallendorff.com\/belogue\/category\/alive\/"},"img":{"alt_text":"","src":"https:\/\/i0.wp.com\/www.wallendorff.com\/belogue\/wp-content\/uploads\/2015\/04\/200803201.jpg?resize=350%2C200&ssl=1","width":350,"height":200,"srcset":"https:\/\/i0.wp.com\/www.wallendorff.com\/belogue\/wp-content\/uploads\/2015\/04\/200803201.jpg?resize=350%2C200&ssl=1 1x, https:\/\/i0.wp.com\/www.wallendorff.com\/belogue\/wp-content\/uploads\/2015\/04\/200803201.jpg?resize=525%2C300&ssl=1 1.5x, https:\/\/i0.wp.com\/www.wallendorff.com\/belogue\/wp-content\/uploads\/2015\/04\/200803201.jpg?resize=700%2C400&ssl=1 2x"},"classes":[]},{"id":1221,"url":"https:\/\/www.wallendorff.com\/belogue\/2008\/05\/06\/killerpilze-ilis-paris-3-4-fvrier\/","url_meta":{"origin":1154,"position":2},"title":"KillerPilze + Ilis, Paris, 3-4 f\u00e9vrier.","author":"dpc","date":"6 mai 2008","format":false,"excerpt":"Le Trabendo, 3 f\u00e9vrier. Le Bataclan, 4 f\u00e9vrier Ilis KillerPilze Histoire de raviver nos mots-cl\u00e9s. Remettons-nous de cette d\u00e9bauche germano-rocko-graphique gr\u00e2ce aux Dandy Warhols, leur salutaire nouvel album \u00e0 para\u00eetre dans 13 jours et le MP3 cadeau qu'ils offrent sur leur site. Joie. \u00a0The Dandy Warhols \u2013 The World the\u2026","rel":"","context":"Dans &quot;Alive&quot;","block_context":{"text":"Alive","link":"https:\/\/www.wallendorff.com\/belogue\/category\/alive\/"},"img":{"alt_text":"","src":"https:\/\/i0.wp.com\/www.wallendorff.com\/belogue\/wp-content\/uploads\/2015\/04\/200805061.jpg?resize=350%2C200&ssl=1","width":350,"height":200,"srcset":"https:\/\/i0.wp.com\/www.wallendorff.com\/belogue\/wp-content\/uploads\/2015\/04\/200805061.jpg?resize=350%2C200&ssl=1 1x, https:\/\/i0.wp.com\/www.wallendorff.com\/belogue\/wp-content\/uploads\/2015\/04\/200805061.jpg?resize=525%2C300&ssl=1 1.5x, https:\/\/i0.wp.com\/www.wallendorff.com\/belogue\/wp-content\/uploads\/2015\/04\/200805061.jpg?resize=700%2C400&ssl=1 2x"},"classes":[]},{"id":15,"url":"https:\/\/www.wallendorff.com\/belogue\/2007\/06\/08\/shooting-people-11\/","url_meta":{"origin":1154,"position":3},"title":"Shooting people #11.","author":"dpc","date":"8 juin 2007","format":false,"excerpt":"La Boule Noire, Paris, 21 mai. \u00a0Soul Asylum \u2013 Stand Up and Be Strong","rel":"","context":"Dans &quot;Portraits&quot;","block_context":{"text":"Portraits","link":"https:\/\/www.wallendorff.com\/belogue\/category\/portraits\/"},"img":{"alt_text":"","src":"https:\/\/i0.wp.com\/www.wallendorff.com\/belogue\/wp-content\/uploads\/2015\/04\/200706081.jpg?resize=350%2C200&ssl=1","width":350,"height":200,"srcset":"https:\/\/i0.wp.com\/www.wallendorff.com\/belogue\/wp-content\/uploads\/2015\/04\/200706081.jpg?resize=350%2C200&ssl=1 1x, https:\/\/i0.wp.com\/www.wallendorff.com\/belogue\/wp-content\/uploads\/2015\/04\/200706081.jpg?resize=525%2C300&ssl=1 1.5x, https:\/\/i0.wp.com\/www.wallendorff.com\/belogue\/wp-content\/uploads\/2015\/04\/200706081.jpg?resize=700%2C400&ssl=1 2x"},"classes":[]},{"id":1155,"url":"https:\/\/www.wallendorff.com\/belogue\/2008\/02\/05\/killerpilze-le-bataclan-paris\/","url_meta":{"origin":1154,"position":4},"title":"KillerPilze @ le Bataclan, Paris.","author":"dpc","date":"5 f\u00e9vrier 2008","format":false,"excerpt":"[D'accord je gruge en fait ce sont les pieds de la chanteuse d'Ilis, la premi\u00e8re partie] Et ce soir pas de concert de KillerPilze. L\u00e0 pardon mais joie. [Rien \u00e0 voir du jour\u00a0: FaceLivre pour les vieux.] \u00a0Nada Surf \u2013 I Like What You Say (acoustic)","rel":"","context":"Dans &quot;Alive&quot;","block_context":{"text":"Alive","link":"https:\/\/www.wallendorff.com\/belogue\/category\/alive\/"},"img":{"alt_text":"","src":"https:\/\/i0.wp.com\/www.wallendorff.com\/belogue\/wp-content\/uploads\/2015\/04\/200802051.jpg?resize=350%2C200&ssl=1","width":350,"height":200,"srcset":"https:\/\/i0.wp.com\/www.wallendorff.com\/belogue\/wp-content\/uploads\/2015\/04\/200802051.jpg?resize=350%2C200&ssl=1 1x, https:\/\/i0.wp.com\/www.wallendorff.com\/belogue\/wp-content\/uploads\/2015\/04\/200802051.jpg?resize=525%2C300&ssl=1 1.5x, https:\/\/i0.wp.com\/www.wallendorff.com\/belogue\/wp-content\/uploads\/2015\/04\/200802051.jpg?resize=700%2C400&ssl=1 2x"},"classes":[]},{"id":18,"url":"https:\/\/www.wallendorff.com\/belogue\/2006\/11\/08\/souris-a-la-vie\/","url_meta":{"origin":1154,"position":5},"title":"Souris [\u00c0 la vie].","author":"dpc","date":"8 novembre 2006","format":false,"excerpt":"Cat Power, le Grand Rex, Paris, 5 novembre. \u00a0Elista \u2013 Mon ivresse (\u00e0 l'autoroute A3)","rel":"","context":"Dans &quot;DPC&quot;","block_context":{"text":"DPC","link":"https:\/\/www.wallendorff.com\/belogue\/category\/dpc\/"},"img":{"alt_text":"","src":"https:\/\/i0.wp.com\/www.wallendorff.com\/belogue\/wp-content\/uploads\/2015\/04\/200611081.jpg?resize=350%2C200&ssl=1","width":350,"height":200},"classes":[]}],"_links":{"self":[{"href":"https:\/\/www.wallendorff.com\/belogue\/wp-json\/wp\/v2\/posts\/1154","targetHints":{"allow":["GET"]}}],"collection":[{"href":"https:\/\/www.wallendorff.com\/belogue\/wp-json\/wp\/v2\/posts"}],"about":[{"href":"https:\/\/www.wallendorff.com\/belogue\/wp-json\/wp\/v2\/types\/post"}],"author":[{"embeddable":true,"href":"https:\/\/www.wallendorff.com\/belogue\/wp-json\/wp\/v2\/users\/1"}],"replies":[{"embeddable":true,"href":"https:\/\/www.wallendorff.com\/belogue\/wp-json\/wp\/v2\/comments?post=1154"}],"version-history":[{"count":2,"href":"https:\/\/www.wallendorff.com\/belogue\/wp-json\/wp\/v2\/posts\/1154\/revisions"}],"predecessor-version":[{"id":19696,"href":"https:\/\/www.wallendorff.com\/belogue\/wp-json\/wp\/v2\/posts\/1154\/revisions\/19696"}],"wp:featuredmedia":[{"embeddable":true,"href":"https:\/\/www.wallendorff.com\/belogue\/wp-json\/wp\/v2\/media\/25079"}],"wp:attachment":[{"href":"https:\/\/www.wallendorff.com\/belogue\/wp-json\/wp\/v2\/media?parent=1154"}],"wp:term":[{"taxonomy":"category","embeddable":true,"href":"https:\/\/www.wallendorff.com\/belogue\/wp-json\/wp\/v2\/categories?post=1154"},{"taxonomy":"post_tag","embeddable":true,"href":"https:\/\/www.wallendorff.com\/belogue\/wp-json\/wp\/v2\/tags?post=1154"}],"curies":[{"name":"wp","href":"https:\/\/api.w.org\/{rel}","templated":true}]}}