{"id":1146,"date":"2008-01-24T10:30:27","date_gmt":"2008-01-24T10:30:27","guid":{"rendered":"http:\/\/www.po-l.com\/wordpress\/?p=1146"},"modified":"2013-09-30T11:42:22","modified_gmt":"2013-09-30T09:42:22","slug":"chanes-et-pas-champs-j-ai","status":"publish","type":"post","link":"https:\/\/www.wallendorff.com\/belogue\/2008\/01\/24\/chanes-et-pas-champs-j-ai\/","title":{"rendered":"Cha\u00eenes et pas Champs j&rsquo;ai."},"content":{"rendered":"<div id=\"photo\">\n<p><img decoding=\"async\" src=\"https:\/\/www.wallendorff.com\/belogue\/photo\/2008\/01\/20080124.jpg\" \/><br \/>\n Place Charles-de-Gaulle, Paris, 8 janvier.<\/p>\n<\/div>\n<p style=\"text-align:right\">Et les revoil&agrave; avec <a href=\"http:\/\/www.rosshalfin.co.uk\/the-mars-volta\/the-mars-volta13.php\">encore plus de cheveux<\/a>.<\/p>\n<div id=\"bandeson\">\n<p><img decoding=\"async\" src=\"https:\/\/www.wallendorff.com\/belogue\/photo\/pochettes\/m\/mars_volta_the-the_bedlman_in_goliath.jpg\" align=\"left\" \/>&nbsp;<a href=\"http:\/\/www.themarsvolta.com\">The Mars Volta<\/a> &ndash; <em>Askepios<\/em><\/p>\n<\/p><\/div>\n","protected":false},"excerpt":{"rendered":"<p>Place Charles-de-Gaulle, Paris, 8 janvier. Et les revoil&agrave; avec encore plus de cheveux. &nbsp;The Mars Volta &ndash; Askepios<\/p>\n","protected":false},"author":1,"featured_media":25072,"comment_status":"open","ping_status":"open","sticky":false,"template":"","format":"standard","meta":{"_acf_changed":false,"ngg_post_thumbnail":0,"jetpack_post_was_ever_published":false,"_jetpack_newsletter_access":"","_jetpack_dont_email_post_to_subs":false,"_jetpack_newsletter_tier_id":0,"_jetpack_memberships_contains_paywalled_content":false,"_jetpack_memberships_contains_paid_content":false,"footnotes":"","jetpack_publicize_message":"","jetpack_publicize_feature_enabled":true,"jetpack_social_post_already_shared":false,"jetpack_social_options":{"image_generator_settings":{"template":"highway","default_image_id":0,"font":"","enabled":false},"version":2}},"categories":[3],"tags":[10237,2301,1016,187,10120,10121,143,10147,10098,5416,2299,10474,10171],"class_list":["post-1146","post","type-post","status-publish","format-standard","has-post-thumbnail","hentry","category-dpc","tag-10237","tag-askepios","tag-ef-15-mm-f28-fisheye","tag-eos-1d-mark-ii","tag-france","tag-ile-de-france","tag-noir-et-blanc","tag-nuit","tag-paris","tag-place-charles-de-gaulle","tag-place-de-letoile","tag-the-mars-volta","tag-voiture"],"acf":[],"geo":{"latitude":48.8734322,"longitude":2.295043,"description":"Place de l'Etoile, 75116 Paris, France"},"jetpack_publicize_connections":[],"jetpack_featured_media_url":"https:\/\/www.wallendorff.com\/belogue\/wp-content\/uploads\/2015\/04\/200801241.jpg","jetpack_shortlink":"https:\/\/wp.me\/p3b35P-iu","jetpack_sharing_enabled":true,"jetpack-related-posts":[{"id":1193,"url":"https:\/\/www.wallendorff.com\/belogue\/2008\/04\/01\/kilomtre-23\/","url_meta":{"origin":1146,"position":0},"title":"Kilom\u00e8tre 23.","author":"dpc","date":"1 avril 2008","format":false,"excerpt":"A\u00e9roport Charles de Gaulle, Roissy, 31 mars.","rel":"","context":"Dans &quot;DPC&quot;","block_context":{"text":"DPC","link":"https:\/\/www.wallendorff.com\/belogue\/category\/dpc\/"},"img":{"alt_text":"","src":"https:\/\/i0.wp.com\/www.wallendorff.com\/belogue\/wp-content\/uploads\/2015\/04\/200804011.jpg?resize=350%2C200&ssl=1","width":350,"height":200},"classes":[]},{"id":33967,"url":"https:\/\/www.wallendorff.com\/belogue\/2017\/05\/10\/pour-les-cercles-des-cercles\/","url_meta":{"origin":1146,"position":1},"title":"Pour les cercles des cercles.","author":"dpc","date":"10 mai 2017","format":false,"excerpt":"Arc de Triomphe de l'\u00c9toile, Paris, 12 mars. [On avait dit et redit et reredit et rereredit et rerereredit et rererereredit et rerererereredit et rererererereredit et rerererererereredit et rererererererereredit et rerererererererereredit que je devais arr\u00eater avec les escaliers vides.] Lights Out Royal Blood","rel":"","context":"Dans &quot;DPC&quot;","block_context":{"text":"DPC","link":"https:\/\/www.wallendorff.com\/belogue\/category\/dpc\/"},"img":{"alt_text":"","src":"https:\/\/i0.wp.com\/www.wallendorff.com\/belogue\/wp-content\/uploads\/2017\/05\/20170510.jpg?resize=350%2C200&ssl=1","width":350,"height":200,"srcset":"https:\/\/i0.wp.com\/www.wallendorff.com\/belogue\/wp-content\/uploads\/2017\/05\/20170510.jpg?resize=350%2C200&ssl=1 1x, https:\/\/i0.wp.com\/www.wallendorff.com\/belogue\/wp-content\/uploads\/2017\/05\/20170510.jpg?resize=525%2C300&ssl=1 1.5x, https:\/\/i0.wp.com\/www.wallendorff.com\/belogue\/wp-content\/uploads\/2017\/05\/20170510.jpg?resize=700%2C400&ssl=1 2x"},"classes":[]},{"id":21215,"url":"https:\/\/www.wallendorff.com\/belogue\/2013\/06\/25\/downstairs\/","url_meta":{"origin":1146,"position":2},"title":"Downstairs.","author":"dpc","date":"25 juin 2013","format":false,"excerpt":"Terminal 2F, a\u00e9roport de Paris-Charles-de-Gaulle, 20 mai. Faith in LoveCSS","rel":"","context":"Dans &quot;DPC&quot;","block_context":{"text":"DPC","link":"https:\/\/www.wallendorff.com\/belogue\/category\/dpc\/"},"img":{"alt_text":"","src":"https:\/\/i0.wp.com\/www.wallendorff.com\/belogue\/wp-content\/uploads\/2015\/04\/20130625.jpg?resize=350%2C200&ssl=1","width":350,"height":200,"srcset":"https:\/\/i0.wp.com\/www.wallendorff.com\/belogue\/wp-content\/uploads\/2015\/04\/20130625.jpg?resize=350%2C200&ssl=1 1x, https:\/\/i0.wp.com\/www.wallendorff.com\/belogue\/wp-content\/uploads\/2015\/04\/20130625.jpg?resize=525%2C300&ssl=1 1.5x, https:\/\/i0.wp.com\/www.wallendorff.com\/belogue\/wp-content\/uploads\/2015\/04\/20130625.jpg?resize=700%2C400&ssl=1 2x"},"classes":[]},{"id":20688,"url":"https:\/\/www.wallendorff.com\/belogue\/2013\/03\/25\/ame-sans-soeur\/","url_meta":{"origin":1146,"position":3},"title":"\u00c2me sans s\u0153ur.","author":"dpc","date":"25 mars 2013","format":false,"excerpt":"A\u00e9roport Paris-Charles-de-Gaulle, 8 f\u00e9vrier. All in WhiteThe Vaccines","rel":"","context":"Dans &quot;DPC&quot;","block_context":{"text":"DPC","link":"https:\/\/www.wallendorff.com\/belogue\/category\/dpc\/"},"img":{"alt_text":"","src":"https:\/\/i0.wp.com\/www.wallendorff.com\/belogue\/wp-content\/uploads\/2015\/04\/20130325.jpg?resize=350%2C200&ssl=1","width":350,"height":200,"srcset":"https:\/\/i0.wp.com\/www.wallendorff.com\/belogue\/wp-content\/uploads\/2015\/04\/20130325.jpg?resize=350%2C200&ssl=1 1x, https:\/\/i0.wp.com\/www.wallendorff.com\/belogue\/wp-content\/uploads\/2015\/04\/20130325.jpg?resize=525%2C300&ssl=1 1.5x"},"classes":[]},{"id":341,"url":"https:\/\/www.wallendorff.com\/belogue\/2005\/06\/17\/il-ne-faut-jamais-dire-j-aimais\/","url_meta":{"origin":1146,"position":4},"title":"Il ne faut jamais dire j&rsquo;aimais.","author":"dpc","date":"17 juin 2005","format":false,"excerpt":"Station Charles de Gaulle-\u00c9toile, Paris, 8 juin. \"A love not warm's a love not done.\" \u00a0The Veils \u2013 Talk Down the Girl","rel":"","context":"Dans &quot;DPC&quot;","block_context":{"text":"DPC","link":"https:\/\/www.wallendorff.com\/belogue\/category\/dpc\/"},"img":{"alt_text":"","src":"https:\/\/i0.wp.com\/www.wallendorff.com\/belogue\/wp-content\/uploads\/2015\/04\/200506171.jpg?resize=350%2C200&ssl=1","width":350,"height":200,"srcset":"https:\/\/i0.wp.com\/www.wallendorff.com\/belogue\/wp-content\/uploads\/2015\/04\/200506171.jpg?resize=350%2C200&ssl=1 1x, https:\/\/i0.wp.com\/www.wallendorff.com\/belogue\/wp-content\/uploads\/2015\/04\/200506171.jpg?resize=525%2C300&ssl=1 1.5x"},"classes":[]},{"id":21192,"url":"https:\/\/www.wallendorff.com\/belogue\/2013\/06\/21\/into-the-wide-10\/","url_meta":{"origin":1146,"position":5},"title":"Into the wide #10.","author":"dpc","date":"21 juin 2013","format":false,"excerpt":"Terminal 2F, a\u00e9roport Paris-Charles-de-Gaulle, 20 mai. Les a\u00e9roports vides la nuit c'est le d\u00e9calage horaire instantan\u00e9, la perte imm\u00e9diate de toute notion de temps et d'espace, l'impression soudaine de voir heures et kilom\u00e8tres se fondre dans la m\u00eame unit\u00e9, l'unique dimension d'un monde \u00e0 part, perdu au c\u0153ur d'une \u00e9ternit\u00e9\u2026","rel":"","context":"Dans &quot;Into the wide&quot;","block_context":{"text":"Into the wide","link":"https:\/\/www.wallendorff.com\/belogue\/category\/into-the-wide\/"},"img":{"alt_text":"","src":"https:\/\/i0.wp.com\/www.wallendorff.com\/belogue\/wp-content\/uploads\/2015\/04\/20130621.jpg?resize=350%2C200&ssl=1","width":350,"height":200,"srcset":"https:\/\/i0.wp.com\/www.wallendorff.com\/belogue\/wp-content\/uploads\/2015\/04\/20130621.jpg?resize=350%2C200&ssl=1 1x, https:\/\/i0.wp.com\/www.wallendorff.com\/belogue\/wp-content\/uploads\/2015\/04\/20130621.jpg?resize=525%2C300&ssl=1 1.5x, https:\/\/i0.wp.com\/www.wallendorff.com\/belogue\/wp-content\/uploads\/2015\/04\/20130621.jpg?resize=700%2C400&ssl=1 2x"},"classes":[]}],"_links":{"self":[{"href":"https:\/\/www.wallendorff.com\/belogue\/wp-json\/wp\/v2\/posts\/1146","targetHints":{"allow":["GET"]}}],"collection":[{"href":"https:\/\/www.wallendorff.com\/belogue\/wp-json\/wp\/v2\/posts"}],"about":[{"href":"https:\/\/www.wallendorff.com\/belogue\/wp-json\/wp\/v2\/types\/post"}],"author":[{"embeddable":true,"href":"https:\/\/www.wallendorff.com\/belogue\/wp-json\/wp\/v2\/users\/1"}],"replies":[{"embeddable":true,"href":"https:\/\/www.wallendorff.com\/belogue\/wp-json\/wp\/v2\/comments?post=1146"}],"version-history":[{"count":2,"href":"https:\/\/www.wallendorff.com\/belogue\/wp-json\/wp\/v2\/posts\/1146\/revisions"}],"predecessor-version":[{"id":21698,"href":"https:\/\/www.wallendorff.com\/belogue\/wp-json\/wp\/v2\/posts\/1146\/revisions\/21698"}],"wp:featuredmedia":[{"embeddable":true,"href":"https:\/\/www.wallendorff.com\/belogue\/wp-json\/wp\/v2\/media\/25072"}],"wp:attachment":[{"href":"https:\/\/www.wallendorff.com\/belogue\/wp-json\/wp\/v2\/media?parent=1146"}],"wp:term":[{"taxonomy":"category","embeddable":true,"href":"https:\/\/www.wallendorff.com\/belogue\/wp-json\/wp\/v2\/categories?post=1146"},{"taxonomy":"post_tag","embeddable":true,"href":"https:\/\/www.wallendorff.com\/belogue\/wp-json\/wp\/v2\/tags?post=1146"}],"curies":[{"name":"wp","href":"https:\/\/api.w.org\/{rel}","templated":true}]}}