{"id":1143,"date":"2008-01-21T09:02:38","date_gmt":"2008-01-21T09:02:38","guid":{"rendered":"http:\/\/www.po-l.com\/wordpress\/?p=1143"},"modified":"2013-03-14T13:18:25","modified_gmt":"2013-03-14T11:18:25","slug":"trains-voiles-debouts-daims","status":"publish","type":"post","link":"https:\/\/www.wallendorff.com\/belogue\/2008\/01\/21\/trains-voiles-debouts-daims\/","title":{"rendered":"Trains, voiles \u00e0 debouts daims\u00b9."},"content":{"rendered":"<div id=\"photo\">\n<p><img decoding=\"async\" src=\"https:\/\/www.wallendorff.com\/belogue\/photo\/2008\/01\/20080121.jpg\" \/><br \/>\n Gare du Nord, Paris, 1<sup>er<\/sup> janvier.<\/p>\n<\/div>\n<p style=\"text-align:right\">Pfff.<\/p>\n<div id=\"bandeson\">\n<p><img decoding=\"async\" src=\"https:\/\/www.wallendorff.com\/belogue\/photo\/pochettes\/s\/smith_elliott-figure_8.jpg\" align=\"left\" \/>&nbsp;<a href=\"http:\/\/www.sweetadeline.net\">Eliott Smith<\/a> &ndash; <em>Somebody That I Used to Know<\/em><\/p>\n<\/p><\/div>\n<div id=\"bas_note\">\n<p>_____<\/p>\n<p><sup>1<\/sup> Titre pertinent dans la mesure o&ugrave; l&rsquo;on suppose que des daims sont effectivement planqu&eacute;s derri&egrave;re ceux de la photo, bien s&ucirc;r.<\/p>\n<\/div>\n","protected":false},"excerpt":{"rendered":"<p>Gare du Nord, Paris, 1er janvier. Pfff. &nbsp;Eliott Smith &ndash; Somebody That I Used to Know _____ 1 Titre pertinent dans la mesure o&ugrave; l&rsquo;on suppose que des daims sont effectivement planqu&eacute;s derri&egrave;re ceux de la photo, bien s&ucirc;r.<\/p>\n","protected":false},"author":1,"featured_media":25069,"comment_status":"open","ping_status":"open","sticky":false,"template":"","format":"standard","meta":{"_acf_changed":false,"ngg_post_thumbnail":0,"jetpack_post_was_ever_published":false,"_jetpack_newsletter_access":"","_jetpack_dont_email_post_to_subs":false,"_jetpack_newsletter_tier_id":0,"_jetpack_memberships_contains_paywalled_content":false,"_jetpack_memberships_contains_paid_content":false,"footnotes":"","jetpack_publicize_message":"","jetpack_publicize_feature_enabled":true,"jetpack_social_post_already_shared":false,"jetpack_social_options":{"image_generator_settings":{"template":"highway","default_image_id":0,"font":"","enabled":false},"version":2}},"categories":[3],"tags":[10267,142,132,714,11304,10120,10247,1519,10121,143,10098,2297,10150],"class_list":["post-1143","post","type-post","status-publish","format-standard","has-post-thumbnail","hentry","category-dpc","tag-10267","tag-ef-s-10-22-mm-f35-45-usm","tag-eos-20d","tag-elliott-smith","tag-eurostar","tag-france","tag-gare","tag-gare-du-nord","tag-ile-de-france","tag-noir-et-blanc","tag-paris","tag-somebody-that-i-used-to-know","tag-train"],"acf":[],"geo":{"latitude":48.8832207,"longitude":2.3563099,"description":"Paris 18, \u00cele-de-France, 75864 CEDEX 18, FR"},"jetpack_publicize_connections":[],"jetpack_featured_media_url":"https:\/\/www.wallendorff.com\/belogue\/wp-content\/uploads\/2015\/04\/200801211.jpg","jetpack_shortlink":"https:\/\/wp.me\/p3b35P-ir","jetpack_sharing_enabled":true,"jetpack-related-posts":[{"id":22906,"url":"https:\/\/www.wallendorff.com\/belogue\/2014\/06\/06\/dix-ans-sur-les-rails\/","url_meta":{"origin":1143,"position":0},"title":"Dix ans sur les rails.","author":"dpc","date":"6 juin 2014","format":false,"excerpt":"Des Corails (des Coraux\u00a0?) puis des TGV. Des courses pour arriver \u00e0 temps, des d\u00e9parts et des arriv\u00e9es, et r\u00e9guli\u00e8rement revenir arpenter les quais quand je passe dans le quartier\u00a0; le jour, pour regarder les autres partir et chercher cet instant qui s\u00e9pare le dernier voyageur qui marche tranquillement vers\u2026","rel":"","context":"Dans &quot;DPC&quot;","block_context":{"text":"DPC","link":"https:\/\/www.wallendorff.com\/belogue\/category\/dpc\/"},"img":{"alt_text":"","src":"https:\/\/i0.wp.com\/www.wallendorff.com\/belogue\/wp-content\/uploads\/2015\/04\/200507293.jpg?resize=350%2C200&ssl=1","width":350,"height":200,"srcset":"https:\/\/i0.wp.com\/www.wallendorff.com\/belogue\/wp-content\/uploads\/2015\/04\/200507293.jpg?resize=350%2C200&ssl=1 1x, https:\/\/i0.wp.com\/www.wallendorff.com\/belogue\/wp-content\/uploads\/2015\/04\/200507293.jpg?resize=525%2C300&ssl=1 1.5x, https:\/\/i0.wp.com\/www.wallendorff.com\/belogue\/wp-content\/uploads\/2015\/04\/200507293.jpg?resize=700%2C400&ssl=1 2x"},"classes":[]},{"id":133791,"url":"https:\/\/www.wallendorff.com\/belogue\/2025\/08\/31\/aout-2025\/","url_meta":{"origin":1143,"position":1},"title":"Ao\u00fbt 2025.","author":"dpc","date":"31 ao\u00fbt 2025","format":false,"excerpt":"Un long pont, une plage, un coucher de soleil, un chat pr\u00e9nomm\u00e9 Cassoulet-Couscou-K\u00e9bab, un RER, une pizza, un rayon de soleil, un v\u00e9lociraptor, un chat pr\u00e9nomm\u00e9 Paupiette, un reflet, un balai, un miroir, un chat pr\u00e9nomm\u00e9 Bob, un feu rouge, un TER, un festival, une bi\u00e8re, un festival, un TGV,\u2026","rel":"","context":"Dans &quot;Blog-note&quot;","block_context":{"text":"Blog-note","link":"https:\/\/www.wallendorff.com\/belogue\/category\/blog-note\/"},"img":{"alt_text":"","src":"https:\/\/i0.wp.com\/www.wallendorff.com\/belogue\/wp-content\/uploads\/2025\/09\/20250915-53.jpg?resize=350%2C200&ssl=1","width":350,"height":200,"srcset":"https:\/\/i0.wp.com\/www.wallendorff.com\/belogue\/wp-content\/uploads\/2025\/09\/20250915-53.jpg?resize=350%2C200&ssl=1 1x, https:\/\/i0.wp.com\/www.wallendorff.com\/belogue\/wp-content\/uploads\/2025\/09\/20250915-53.jpg?resize=525%2C300&ssl=1 1.5x, https:\/\/i0.wp.com\/www.wallendorff.com\/belogue\/wp-content\/uploads\/2025\/09\/20250915-53.jpg?resize=700%2C400&ssl=1 2x, https:\/\/i0.wp.com\/www.wallendorff.com\/belogue\/wp-content\/uploads\/2025\/09\/20250915-53.jpg?resize=1050%2C600&ssl=1 3x"},"classes":[]},{"id":124500,"url":"https:\/\/www.wallendorff.com\/belogue\/2023\/04\/30\/avril-2023\/","url_meta":{"origin":1143,"position":2},"title":"Avril 2023.","author":"dpc","date":"30 avril 2023","format":false,"excerpt":"Un chat pr\u00e9nomm\u00e9 Paupiette, un coucher de soleil, un \u00e2ne pr\u00e9nomm\u00e9 Ramette, un ap\u00e9ro, une lampe, des ombres, un immeuble, une clope, un m\u00e9tro, un mur, un chat pr\u00e9nomm\u00e9 \u00c7a-va-l\u2019Chalet, un quai de gare, un escalier de gare, un quai de gare, un resto, un chat pr\u00e9nomm\u00e9 Paupiette, un bar,\u2026","rel":"","context":"Dans &quot;Blog-note&quot;","block_context":{"text":"Blog-note","link":"https:\/\/www.wallendorff.com\/belogue\/category\/blog-note\/"},"img":{"alt_text":"","src":"https:\/\/i0.wp.com\/www.wallendorff.com\/belogue\/wp-content\/uploads\/2023\/05\/20230522-49.jpg?resize=350%2C200&ssl=1","width":350,"height":200,"srcset":"https:\/\/i0.wp.com\/www.wallendorff.com\/belogue\/wp-content\/uploads\/2023\/05\/20230522-49.jpg?resize=350%2C200&ssl=1 1x, https:\/\/i0.wp.com\/www.wallendorff.com\/belogue\/wp-content\/uploads\/2023\/05\/20230522-49.jpg?resize=525%2C300&ssl=1 1.5x, https:\/\/i0.wp.com\/www.wallendorff.com\/belogue\/wp-content\/uploads\/2023\/05\/20230522-49.jpg?resize=700%2C400&ssl=1 2x, https:\/\/i0.wp.com\/www.wallendorff.com\/belogue\/wp-content\/uploads\/2023\/05\/20230522-49.jpg?resize=1050%2C600&ssl=1 3x"},"classes":[]},{"id":125251,"url":"https:\/\/www.wallendorff.com\/belogue\/2023\/06\/30\/juin-2023\/","url_meta":{"origin":1143,"position":3},"title":"Juin 2023.","author":"dpc","date":"30 juin 2023","format":false,"excerpt":"Un rayon de soleil, un balcon, une ombre, un bisou, un m\u00e9tro flou, un mus\u00e9e, une ruelle, un reflet, un arr\u00eat de bus, un couloir, un m\u00e9tro flou, un escalier, un papillon, une autoroute, un Intermarch\u00e9, un saxophone, une grotte, une belle famille, un arbre \u00e0 gamins, une station-service, un\u2026","rel":"","context":"Dans &quot;Blog-note&quot;","block_context":{"text":"Blog-note","link":"https:\/\/www.wallendorff.com\/belogue\/category\/blog-note\/"},"img":{"alt_text":"","src":"https:\/\/i0.wp.com\/www.wallendorff.com\/belogue\/wp-content\/uploads\/2023\/07\/20230717-45.jpg?resize=350%2C200&ssl=1","width":350,"height":200,"srcset":"https:\/\/i0.wp.com\/www.wallendorff.com\/belogue\/wp-content\/uploads\/2023\/07\/20230717-45.jpg?resize=350%2C200&ssl=1 1x, https:\/\/i0.wp.com\/www.wallendorff.com\/belogue\/wp-content\/uploads\/2023\/07\/20230717-45.jpg?resize=525%2C300&ssl=1 1.5x, https:\/\/i0.wp.com\/www.wallendorff.com\/belogue\/wp-content\/uploads\/2023\/07\/20230717-45.jpg?resize=700%2C400&ssl=1 2x, https:\/\/i0.wp.com\/www.wallendorff.com\/belogue\/wp-content\/uploads\/2023\/07\/20230717-45.jpg?resize=1050%2C600&ssl=1 3x"},"classes":[]},{"id":20603,"url":"https:\/\/www.wallendorff.com\/belogue\/2013\/03\/14\/noir-du-gore\/","url_meta":{"origin":1143,"position":4},"title":"Noir du gore.","author":"dpc","date":"14 mars 2013","format":false,"excerpt":"Gare du Nord, Paris, 20 janvier. StepsonFoals","rel":"","context":"Dans &quot;DPC&quot;","block_context":{"text":"DPC","link":"https:\/\/www.wallendorff.com\/belogue\/category\/dpc\/"},"img":{"alt_text":"","src":"https:\/\/i0.wp.com\/www.wallendorff.com\/belogue\/wp-content\/uploads\/2015\/04\/20130314.jpg?resize=350%2C200&ssl=1","width":350,"height":200,"srcset":"https:\/\/i0.wp.com\/www.wallendorff.com\/belogue\/wp-content\/uploads\/2015\/04\/20130314.jpg?resize=350%2C200&ssl=1 1x, https:\/\/i0.wp.com\/www.wallendorff.com\/belogue\/wp-content\/uploads\/2015\/04\/20130314.jpg?resize=525%2C300&ssl=1 1.5x, https:\/\/i0.wp.com\/www.wallendorff.com\/belogue\/wp-content\/uploads\/2015\/04\/20130314.jpg?resize=700%2C400&ssl=1 2x"},"classes":[]},{"id":20628,"url":"https:\/\/www.wallendorff.com\/belogue\/2013\/03\/15\/into-the-wide-3-2\/","url_meta":{"origin":1143,"position":5},"title":"Into the wide #3.","author":"dpc","date":"15 mars 2013","format":false,"excerpt":"Gare du Nord, Paris, 20 janvier. Judge, Jury and ExecutionerAtoms for Peace","rel":"","context":"Dans &quot;Into the wide&quot;","block_context":{"text":"Into the wide","link":"https:\/\/www.wallendorff.com\/belogue\/category\/into-the-wide\/"},"img":{"alt_text":"","src":"https:\/\/i0.wp.com\/www.wallendorff.com\/belogue\/wp-content\/uploads\/2015\/04\/20130315.jpg?resize=350%2C200&ssl=1","width":350,"height":200,"srcset":"https:\/\/i0.wp.com\/www.wallendorff.com\/belogue\/wp-content\/uploads\/2015\/04\/20130315.jpg?resize=350%2C200&ssl=1 1x, https:\/\/i0.wp.com\/www.wallendorff.com\/belogue\/wp-content\/uploads\/2015\/04\/20130315.jpg?resize=525%2C300&ssl=1 1.5x, https:\/\/i0.wp.com\/www.wallendorff.com\/belogue\/wp-content\/uploads\/2015\/04\/20130315.jpg?resize=700%2C400&ssl=1 2x"},"classes":[]}],"_links":{"self":[{"href":"https:\/\/www.wallendorff.com\/belogue\/wp-json\/wp\/v2\/posts\/1143","targetHints":{"allow":["GET"]}}],"collection":[{"href":"https:\/\/www.wallendorff.com\/belogue\/wp-json\/wp\/v2\/posts"}],"about":[{"href":"https:\/\/www.wallendorff.com\/belogue\/wp-json\/wp\/v2\/types\/post"}],"author":[{"embeddable":true,"href":"https:\/\/www.wallendorff.com\/belogue\/wp-json\/wp\/v2\/users\/1"}],"replies":[{"embeddable":true,"href":"https:\/\/www.wallendorff.com\/belogue\/wp-json\/wp\/v2\/comments?post=1143"}],"version-history":[{"count":2,"href":"https:\/\/www.wallendorff.com\/belogue\/wp-json\/wp\/v2\/posts\/1143\/revisions"}],"predecessor-version":[{"id":20607,"href":"https:\/\/www.wallendorff.com\/belogue\/wp-json\/wp\/v2\/posts\/1143\/revisions\/20607"}],"wp:featuredmedia":[{"embeddable":true,"href":"https:\/\/www.wallendorff.com\/belogue\/wp-json\/wp\/v2\/media\/25069"}],"wp:attachment":[{"href":"https:\/\/www.wallendorff.com\/belogue\/wp-json\/wp\/v2\/media?parent=1143"}],"wp:term":[{"taxonomy":"category","embeddable":true,"href":"https:\/\/www.wallendorff.com\/belogue\/wp-json\/wp\/v2\/categories?post=1143"},{"taxonomy":"post_tag","embeddable":true,"href":"https:\/\/www.wallendorff.com\/belogue\/wp-json\/wp\/v2\/tags?post=1143"}],"curies":[{"name":"wp","href":"https:\/\/api.w.org\/{rel}","templated":true}]}}