{"id":1142,"date":"2008-01-19T14:53:01","date_gmt":"2008-01-19T14:53:01","guid":{"rendered":"http:\/\/www.po-l.com\/wordpress\/?p=1142"},"modified":"2012-01-18T11:45:41","modified_gmt":"2012-01-18T09:45:41","slug":"linkin-park-le-galaxie-amnville-17-janvier","status":"publish","type":"post","link":"https:\/\/www.wallendorff.com\/belogue\/2008\/01\/19\/linkin-park-le-galaxie-amnville-17-janvier\/","title":{"rendered":"Linkin Park @ le Galaxie, Amn\u00e9ville, 17 janvier."},"content":{"rendered":"<div id=\"photo\">\n<img decoding=\"async\" src=\"https:\/\/www.wallendorff.com\/belogue\/photo\/2008\/01\/20080119.jpg\" \/>\n<\/div>\n<p style=\"text-align:right\">Je sais que c&rsquo;est mal, mais je n&rsquo;y peux rien.<\/p>\n<p style=\"text-align:right\">Les concerts de Linkin Park, j&rsquo;aime &ccedil;a.<\/p>\n<div id=\"bandeson\">\n<p><img decoding=\"async\" src=\"https:\/\/www.wallendorff.com\/belogue\/photo\/pochettes\/f\/foo_fighters-echoes_silence_patience_and_grace.jpg\" align=\"left\" \/>&nbsp;<a href=\"http:\/\/www.foofighters.com\">Foo Fighters<\/a> &ndash; <em>Long Road to Ruin<\/em><\/p>\n<\/p><\/div>\n","protected":false},"excerpt":{"rendered":"<p>Je sais que c&rsquo;est mal, mais je n&rsquo;y peux rien. Les concerts de Linkin Park, j&rsquo;aime &ccedil;a. &nbsp;Foo Fighters &ndash; Long Road to Ruin<\/p>\n","protected":false},"author":1,"featured_media":25068,"comment_status":"open","ping_status":"open","sticky":false,"template":"","format":"standard","meta":{"_acf_changed":false,"ngg_post_thumbnail":0,"jetpack_post_was_ever_published":false,"_jetpack_newsletter_access":"","_jetpack_dont_email_post_to_subs":false,"_jetpack_newsletter_tier_id":0,"_jetpack_memberships_contains_paywalled_content":false,"_jetpack_memberships_contains_paid_content":false,"footnotes":"","jetpack_publicize_message":"","jetpack_publicize_feature_enabled":true,"jetpack_social_post_already_shared":false,"jetpack_social_options":{"image_generator_settings":{"template":"highway","default_image_id":0,"font":"","enabled":false},"version":2}},"categories":[7],"tags":[203,10084,10087,181,187,427,10120,21,10146,2296,10175,10174,143,10272,10135],"class_list":["post-1142","post","type-post","status-publish","format-standard","has-post-thumbnail","hentry","category-alive","tag-203","tag-alive","tag-amneville","tag-ef-70-200-mm-f28l-usm","tag-eos-1d-mark-ii","tag-foo-fighters","tag-france","tag-le-galaxie","tag-linkin-park","tag-long-road-to-ruin","tag-lorraine","tag-moselle","tag-noir-et-blanc","tag-portrait","tag-public"],"acf":[],"geo":{"latitude":49.2457733,"longitude":6.1281395,"description":"57360 Amn\u00e9ville, France"},"jetpack_publicize_connections":[],"jetpack_featured_media_url":"https:\/\/www.wallendorff.com\/belogue\/wp-content\/uploads\/2015\/04\/200801191.jpg","jetpack_shortlink":"https:\/\/wp.me\/p3b35P-iq","jetpack_sharing_enabled":true,"jetpack-related-posts":[{"id":1203,"url":"https:\/\/www.wallendorff.com\/belogue\/2008\/04\/11\/linkin-park-vegastar-le-galaxie-amnville-17-janvier\/","url_meta":{"origin":1142,"position":0},"title":"Linkin Park + Vegastar @ le Galaxie, Amn\u00e9ville, 17 janvier.","author":"dpc","date":"11 avril 2008","format":false,"excerpt":"Mouarf. \u00a0The Black Keys \u2013 Remember When (side B) Vegastar Linkin Park","rel":"","context":"Dans &quot;Alive&quot;","block_context":{"text":"Alive","link":"https:\/\/www.wallendorff.com\/belogue\/category\/alive\/"},"img":{"alt_text":"","src":"https:\/\/i0.wp.com\/www.wallendorff.com\/belogue\/wp-content\/uploads\/2015\/04\/200804111.jpg?resize=350%2C200&ssl=1","width":350,"height":200,"srcset":"https:\/\/i0.wp.com\/www.wallendorff.com\/belogue\/wp-content\/uploads\/2015\/04\/200804111.jpg?resize=350%2C200&ssl=1 1x, https:\/\/i0.wp.com\/www.wallendorff.com\/belogue\/wp-content\/uploads\/2015\/04\/200804111.jpg?resize=525%2C300&ssl=1 1.5x, https:\/\/i0.wp.com\/www.wallendorff.com\/belogue\/wp-content\/uploads\/2015\/04\/200804111.jpg?resize=700%2C400&ssl=1 2x"},"classes":[]},{"id":22957,"url":"https:\/\/www.wallendorff.com\/belogue\/2014\/06\/13\/dix-ans-en-publics\/","url_meta":{"origin":1142,"position":1},"title":"Dix ans en publics.","author":"dpc","date":"13 juin 2014","format":false,"excerpt":"Dix ans d'yeux riv\u00e9s dans la m\u00eame direction. Dix ans de sourires, d'attente f\u00e9brile et de mains tendus. Dix ans de gens qui, pour une minute, oublient tout le reste. Previously unreleased #49. Franz Ferdinand, Cobo Arena, D\u00e9troit, 1er d\u00e9cembre 2004. \u00a0 Jah dort, s'cuve ou f\u00eate. AqME, Metiz'Art, Metz,\u2026","rel":"","context":"Dans &quot;DPC&quot;","block_context":{"text":"DPC","link":"https:\/\/www.wallendorff.com\/belogue\/category\/dpc\/"},"img":{"alt_text":"","src":"https:\/\/i0.wp.com\/www.wallendorff.com\/belogue\/wp-content\/uploads\/2015\/04\/200506022.jpg?resize=350%2C200&ssl=1","width":350,"height":200,"srcset":"https:\/\/i0.wp.com\/www.wallendorff.com\/belogue\/wp-content\/uploads\/2015\/04\/200506022.jpg?resize=350%2C200&ssl=1 1x, https:\/\/i0.wp.com\/www.wallendorff.com\/belogue\/wp-content\/uploads\/2015\/04\/200506022.jpg?resize=525%2C300&ssl=1 1.5x, https:\/\/i0.wp.com\/www.wallendorff.com\/belogue\/wp-content\/uploads\/2015\/04\/200506022.jpg?resize=700%2C400&ssl=1 2x"},"classes":[]},{"id":847,"url":"https:\/\/www.wallendorff.com\/belogue\/2003\/10\/20\/placebo-le-galaxie-amneville\/","url_meta":{"origin":1142,"position":2},"title":"Placebo @ le Galaxie, Amn\u00e9ville.","author":"dpc","date":"20 octobre 2003","format":false,"excerpt":"Le trio anglais n'y est pas all\u00e9 par quatre chemins pour imposer son quintette. Un quintette compos\u00e9 de nos trois gars et de MM. Xavier Roide et Bill \u00ab\u00a0Toxico de r\u00e9sidence\u00a0\u00bb Loyd en guise de soutien. Leur renfort apporte \u00e0 l'ensemble un bon gros son, plus fourni (voire trop sur\u2026","rel":"","context":"Dans &quot;Alive&quot;","block_context":{"text":"Alive","link":"https:\/\/www.wallendorff.com\/belogue\/category\/alive\/"},"img":{"alt_text":"","src":"","width":0,"height":0},"classes":[]},{"id":23559,"url":"https:\/\/www.wallendorff.com\/belogue\/2014\/11\/17\/linkin-park-bercy-arena-paris\/","url_meta":{"origin":1142,"position":3},"title":"Linkin Park @ Bercy Ar\u00e9na, Paris.","author":"dpc","date":"17 novembre 2014","format":false,"excerpt":"\u00a0","rel":"","context":"Dans &quot;Alive&quot;","block_context":{"text":"Alive","link":"https:\/\/www.wallendorff.com\/belogue\/category\/alive\/"},"img":{"alt_text":"","src":"https:\/\/i0.wp.com\/www.wallendorff.com\/belogue\/wp-content\/uploads\/2015\/04\/201411171.jpg?resize=350%2C200&ssl=1","width":350,"height":200,"srcset":"https:\/\/i0.wp.com\/www.wallendorff.com\/belogue\/wp-content\/uploads\/2015\/04\/201411171.jpg?resize=350%2C200&ssl=1 1x, https:\/\/i0.wp.com\/www.wallendorff.com\/belogue\/wp-content\/uploads\/2015\/04\/201411171.jpg?resize=525%2C300&ssl=1 1.5x, https:\/\/i0.wp.com\/www.wallendorff.com\/belogue\/wp-content\/uploads\/2015\/04\/201411171.jpg?resize=700%2C400&ssl=1 2x"},"classes":[]},{"id":9710,"url":"https:\/\/www.wallendorff.com\/belogue\/2010\/10\/26\/linkin-park-pop-bercy-paris\/","url_meta":{"origin":1142,"position":4},"title":"Linkin Park @ Palais omnisports de Paris-Bercy.","author":"dpc","date":"26 octobre 2010","format":false,"excerpt":"The Requiem | Wretches and Kings | Papercut | Given Up | New Divide | Faint | Empty Spaces | When They Come for Me | No More Sorrow | Jornada del Muerto | Waiting for the End | Wisdom, Justice, and Love | Iridescent | Numb | The Radiance\u2026","rel":"","context":"Dans &quot;Alive&quot;","block_context":{"text":"Alive","link":"https:\/\/www.wallendorff.com\/belogue\/category\/alive\/"},"img":{"alt_text":"","src":"https:\/\/i0.wp.com\/www.wallendorff.com\/belogue\/wp-content\/uploads\/2015\/04\/201010261.jpg?resize=350%2C200&ssl=1","width":350,"height":200,"srcset":"https:\/\/i0.wp.com\/www.wallendorff.com\/belogue\/wp-content\/uploads\/2015\/04\/201010261.jpg?resize=350%2C200&ssl=1 1x, https:\/\/i0.wp.com\/www.wallendorff.com\/belogue\/wp-content\/uploads\/2015\/04\/201010261.jpg?resize=525%2C300&ssl=1 1.5x, https:\/\/i0.wp.com\/www.wallendorff.com\/belogue\/wp-content\/uploads\/2015\/04\/201010261.jpg?resize=700%2C400&ssl=1 2x"},"classes":[]},{"id":128393,"url":"https:\/\/www.wallendorff.com\/belogue\/2024\/06\/16\/cetait-2008\/","url_meta":{"origin":1142,"position":5},"title":"C&rsquo;\u00e9tait 2008.","author":"dpc","date":"16 juin 2024","format":false,"excerpt":"2008, fin de cycles. KillerPilze @ le Trabendo, Paris, 12 janvier 2008. Linkin Park @ le Galaxie, Amn\u00e9ville, 17 janvier 2008. Paris, 27 janvier 2008. Mademoiselle K @ studios Jet, Bruxelles, 16 f\u00e9vrier 2008. Londres, 18 f\u00e9vrier 2008. Amsterdam, 2 avril 2008. Editors @ le Bataclan, Paris, 07 avril 2008\u2026","rel":"","context":"Dans &quot;DPC&quot;","block_context":{"text":"DPC","link":"https:\/\/www.wallendorff.com\/belogue\/category\/dpc\/"},"img":{"alt_text":"","src":"https:\/\/i0.wp.com\/www.wallendorff.com\/belogue\/wp-content\/uploads\/2024\/06\/20240616-04.jpg?resize=350%2C200&ssl=1","width":350,"height":200,"srcset":"https:\/\/i0.wp.com\/www.wallendorff.com\/belogue\/wp-content\/uploads\/2024\/06\/20240616-04.jpg?resize=350%2C200&ssl=1 1x, https:\/\/i0.wp.com\/www.wallendorff.com\/belogue\/wp-content\/uploads\/2024\/06\/20240616-04.jpg?resize=525%2C300&ssl=1 1.5x, https:\/\/i0.wp.com\/www.wallendorff.com\/belogue\/wp-content\/uploads\/2024\/06\/20240616-04.jpg?resize=700%2C400&ssl=1 2x, https:\/\/i0.wp.com\/www.wallendorff.com\/belogue\/wp-content\/uploads\/2024\/06\/20240616-04.jpg?resize=1050%2C600&ssl=1 3x"},"classes":[]}],"_links":{"self":[{"href":"https:\/\/www.wallendorff.com\/belogue\/wp-json\/wp\/v2\/posts\/1142","targetHints":{"allow":["GET"]}}],"collection":[{"href":"https:\/\/www.wallendorff.com\/belogue\/wp-json\/wp\/v2\/posts"}],"about":[{"href":"https:\/\/www.wallendorff.com\/belogue\/wp-json\/wp\/v2\/types\/post"}],"author":[{"embeddable":true,"href":"https:\/\/www.wallendorff.com\/belogue\/wp-json\/wp\/v2\/users\/1"}],"replies":[{"embeddable":true,"href":"https:\/\/www.wallendorff.com\/belogue\/wp-json\/wp\/v2\/comments?post=1142"}],"version-history":[{"count":3,"href":"https:\/\/www.wallendorff.com\/belogue\/wp-json\/wp\/v2\/posts\/1142\/revisions"}],"predecessor-version":[{"id":15422,"href":"https:\/\/www.wallendorff.com\/belogue\/wp-json\/wp\/v2\/posts\/1142\/revisions\/15422"}],"wp:featuredmedia":[{"embeddable":true,"href":"https:\/\/www.wallendorff.com\/belogue\/wp-json\/wp\/v2\/media\/25068"}],"wp:attachment":[{"href":"https:\/\/www.wallendorff.com\/belogue\/wp-json\/wp\/v2\/media?parent=1142"}],"wp:term":[{"taxonomy":"category","embeddable":true,"href":"https:\/\/www.wallendorff.com\/belogue\/wp-json\/wp\/v2\/categories?post=1142"},{"taxonomy":"post_tag","embeddable":true,"href":"https:\/\/www.wallendorff.com\/belogue\/wp-json\/wp\/v2\/tags?post=1142"}],"curies":[{"name":"wp","href":"https:\/\/api.w.org\/{rel}","templated":true}]}}