{"id":1134,"date":"2008-01-10T09:03:49","date_gmt":"2008-01-10T09:03:49","guid":{"rendered":"http:\/\/www.po-l.com\/wordpress\/?p=1134"},"modified":"2012-01-10T10:38:38","modified_gmt":"2012-01-10T08:38:38","slug":"les-routes-se-courent","status":"publish","type":"post","link":"https:\/\/www.wallendorff.com\/belogue\/2008\/01\/10\/les-routes-se-courent\/","title":{"rendered":"Les routes se courent."},"content":{"rendered":"<div id=\"photo\">\n<p><img decoding=\"async\" src=\"https:\/\/www.wallendorff.com\/belogue\/photo\/2008\/01\/20080110.jpg\" \/><br \/>\n Route de Beauraing, 22 d&eacute;cembre 2007.<\/p>\n<\/div>\n<p style=\"text-align:right\">Le seul truc pire qu&rsquo;une &ndash;&nbsp;&eacute;ni&egrave;me&nbsp;&ndash; nuit de cinq heures,<br \/>c&rsquo;est une nuit de cinq heures au bout de laquelle la radio te r&eacute;veille avec Mika.<\/p>\n<div id=\"bandeson\">\n<p><img decoding=\"async\" src=\"https:\/\/www.wallendorff.com\/belogue\/photo\/pochettes\/y\/young_galaxy-young_galaxy.jpg\" align=\"left\" \/>&nbsp;<a href=\"http:\/\/www.younggalaxy.com\/\">Young Galaxy<\/a> &ndash; <em>Embers<\/em><\/p>\n<\/p><\/div>\n","protected":false},"excerpt":{"rendered":"<p>Route de Beauraing, 22 d&eacute;cembre 2007. Le seul truc pire qu&rsquo;une &ndash;&nbsp;&eacute;ni&egrave;me&nbsp;&ndash; nuit de cinq heures,c&rsquo;est une nuit de cinq heures au bout de laquelle la radio te r&eacute;veille avec Mika. &nbsp;Young Galaxy &ndash; Embers<\/p>\n","protected":false},"author":1,"featured_media":25060,"comment_status":"open","ping_status":"open","sticky":false,"template":"","format":"standard","meta":{"_acf_changed":false,"ngg_post_thumbnail":0,"jetpack_post_was_ever_published":false,"_jetpack_newsletter_access":"","_jetpack_dont_email_post_to_subs":false,"_jetpack_newsletter_tier_id":0,"_jetpack_memberships_contains_paywalled_content":false,"_jetpack_memberships_contains_paid_content":false,"footnotes":"","jetpack_publicize_message":"","jetpack_publicize_feature_enabled":true,"jetpack_social_post_already_shared":false,"jetpack_social_options":{"image_generator_settings":{"template":"highway","default_image_id":0,"font":"","enabled":false},"version":2}},"categories":[3],"tags":[10178,142,132,10473,2288,10471,10211,143,3612,10103,2285,2287],"class_list":["post-1134","post","type-post","status-publish","format-standard","has-post-thumbnail","hentry","category-dpc","tag-belgique","tag-ef-s-10-22-mm-f35-45-usm","tag-eos-20d","tag-champ","tag-embers","tag-mika","tag-neige","tag-noir-et-blanc","tag-province-de-namur","tag-route","tag-route-de-beauraing","tag-young-galaxy"],"acf":[],"geo":{"latitude":50.1186256,"longitude":4.9300933,"description":null},"jetpack_publicize_connections":[],"jetpack_featured_media_url":"https:\/\/www.wallendorff.com\/belogue\/wp-content\/uploads\/2015\/04\/200801101.jpg","jetpack_shortlink":"https:\/\/wp.me\/p3b35P-ii","jetpack_sharing_enabled":true,"jetpack-related-posts":[{"id":1135,"url":"https:\/\/www.wallendorff.com\/belogue\/2008\/01\/11\/pas-de-ft-metz-en-feu\/","url_meta":{"origin":1134,"position":0},"title":"Pas de f\u00fbt, Metz en feu.","author":"dpc","date":"11 janvier 2008","format":false,"excerpt":"Route de Beauraing, 22 d\u00e9cembre 2007. [Youpi.] \u00a0Eddie Vedder \u2013 Rise _____ 1 Ce qui sonne quand m\u00eame plus classe que \u00ab\u00a0si y a plus de bi\u00e8re on br\u00fble le patelin\u00a0\u00bb. Cela dit, je me demande combien de support\u00e8res de fouteballe nanc\u00e9en un tel titre de note va attirer, tiens.","rel":"","context":"Dans &quot;DPC&quot;","block_context":{"text":"DPC","link":"https:\/\/www.wallendorff.com\/belogue\/category\/dpc\/"},"img":{"alt_text":"","src":"https:\/\/i0.wp.com\/www.wallendorff.com\/belogue\/wp-content\/uploads\/2015\/04\/200801111.jpg?resize=350%2C200&ssl=1","width":350,"height":200},"classes":[]},{"id":21968,"url":"https:\/\/www.wallendorff.com\/belogue\/2013\/10\/31\/octobre-2013\/","url_meta":{"origin":1134,"position":1},"title":"Octobre 2013.","author":"dpc","date":"31 octobre 2013","format":false,"excerpt":"Du Neuch\u00e2tel, des heures place de la Concorde, un vernissage et un anniversaire, un mus\u00e9e et un cimeti\u00e8re, une heure en ascenseur, des bi\u00e8res, deux grammes en une heure, trois kilom\u00e8tres \u00e0 pied, un a\u00e9roport, 92 optiques de phares, un autre vernissage et des tours de passe-passe, 600 kilom\u00e8tres, un\u2026","rel":"","context":"Dans &quot;Blog-note&quot;","block_context":{"text":"Blog-note","link":"https:\/\/www.wallendorff.com\/belogue\/category\/blog-note\/"},"img":{"alt_text":"","src":"https:\/\/i0.wp.com\/www.wallendorff.com\/belogue\/wp-content\/uploads\/2015\/04\/20131107-391.jpg?resize=350%2C200&ssl=1","width":350,"height":200,"srcset":"https:\/\/i0.wp.com\/www.wallendorff.com\/belogue\/wp-content\/uploads\/2015\/04\/20131107-391.jpg?resize=350%2C200&ssl=1 1x, https:\/\/i0.wp.com\/www.wallendorff.com\/belogue\/wp-content\/uploads\/2015\/04\/20131107-391.jpg?resize=525%2C300&ssl=1 1.5x, https:\/\/i0.wp.com\/www.wallendorff.com\/belogue\/wp-content\/uploads\/2015\/04\/20131107-391.jpg?resize=700%2C400&ssl=1 2x"},"classes":[]},{"id":29267,"url":"https:\/\/www.wallendorff.com\/belogue\/2015\/08\/31\/aout-2015\/","url_meta":{"origin":1134,"position":2},"title":"Ao\u00fbt 2015.","author":"dpc","date":"31 ao\u00fbt 2015","format":false,"excerpt":"Un clavier sale, un dernier coup d'\u0153il, des gens saouls, une pochette de di\u0161que, des toilettes en pochette d'album, un mannequin \u00e0 poulpe, un balcon, un b\u00e9b\u00e9, une belle bouteille, une nuit en ville, un chat qui s'appelle Henri-Krasucki, une derni\u00e8re main \u00e0 la d\u00e9co, une session photo, un rayon\u2026","rel":"","context":"Dans &quot;Blog-note&quot;","block_context":{"text":"Blog-note","link":"https:\/\/www.wallendorff.com\/belogue\/category\/blog-note\/"},"img":{"alt_text":"","src":"https:\/\/i0.wp.com\/www.wallendorff.com\/belogue\/wp-content\/uploads\/2015\/09\/20150925-051.jpg?resize=350%2C200&ssl=1","width":350,"height":200,"srcset":"https:\/\/i0.wp.com\/www.wallendorff.com\/belogue\/wp-content\/uploads\/2015\/09\/20150925-051.jpg?resize=350%2C200&ssl=1 1x, https:\/\/i0.wp.com\/www.wallendorff.com\/belogue\/wp-content\/uploads\/2015\/09\/20150925-051.jpg?resize=525%2C300&ssl=1 1.5x, https:\/\/i0.wp.com\/www.wallendorff.com\/belogue\/wp-content\/uploads\/2015\/09\/20150925-051.jpg?resize=700%2C400&ssl=1 2x"},"classes":[]},{"id":6561,"url":"https:\/\/www.wallendorff.com\/belogue\/2010\/02\/04\/quanesse-prisse-indes-en-cinq-oursins\/","url_meta":{"origin":1134,"position":3},"title":"[Qu&rsquo;]\u00c2nesses prissent Indes en cinq oursins.","author":"dpc","date":"4 f\u00e9vrier 2010","format":false,"excerpt":"Metz, 28 d\u00e9cembre 2009. \u00a0Air \u2013 Highschool Lover [Faudrait peut-\u00eatre penser \u00e0 arr\u00eater avec Metz, un peu.]","rel":"","context":"Dans &quot;DPC&quot;","block_context":{"text":"DPC","link":"https:\/\/www.wallendorff.com\/belogue\/category\/dpc\/"},"img":{"alt_text":"","src":"https:\/\/i0.wp.com\/www.wallendorff.com\/belogue\/wp-content\/uploads\/2015\/04\/201002041.jpg?resize=350%2C200&ssl=1","width":350,"height":200},"classes":[]},{"id":129779,"url":"https:\/\/www.wallendorff.com\/belogue\/2024\/07\/30\/paleo-festival-2024-nyon-jour-6\/","url_meta":{"origin":1134,"position":4},"title":"Pal\u00e9o Festival 2024, Nyon, jour 6.","author":"dpc","date":"30 juillet 2024","format":false,"excerpt":"","rel":"","context":"Dans &quot;Alive&quot;","block_context":{"text":"Alive","link":"https:\/\/www.wallendorff.com\/belogue\/category\/alive\/"},"img":{"alt_text":"","src":"https:\/\/i0.wp.com\/www.wallendorff.com\/belogue\/wp-content\/uploads\/2024\/07\/20240729-35.jpg?resize=350%2C200&ssl=1","width":350,"height":200,"srcset":"https:\/\/i0.wp.com\/www.wallendorff.com\/belogue\/wp-content\/uploads\/2024\/07\/20240729-35.jpg?resize=350%2C200&ssl=1 1x, https:\/\/i0.wp.com\/www.wallendorff.com\/belogue\/wp-content\/uploads\/2024\/07\/20240729-35.jpg?resize=525%2C300&ssl=1 1.5x, https:\/\/i0.wp.com\/www.wallendorff.com\/belogue\/wp-content\/uploads\/2024\/07\/20240729-35.jpg?resize=700%2C400&ssl=1 2x, https:\/\/i0.wp.com\/www.wallendorff.com\/belogue\/wp-content\/uploads\/2024\/07\/20240729-35.jpg?resize=1050%2C600&ssl=1 3x"},"classes":[]},{"id":1070,"url":"https:\/\/www.wallendorff.com\/belogue\/2007\/10\/31\/route-bas-gars\/","url_meta":{"origin":1134,"position":5},"title":"Route \u00e0 bas gars.","author":"dpc","date":"31 octobre 2007","format":false,"excerpt":"Rue Ligner, Paris, 11 octobre. Same old same old, hein. \u00a0Interpol \u2013 Pioneer to the Falls","rel":"","context":"Dans &quot;DPC&quot;","block_context":{"text":"DPC","link":"https:\/\/www.wallendorff.com\/belogue\/category\/dpc\/"},"img":{"alt_text":"","src":"https:\/\/i0.wp.com\/www.wallendorff.com\/belogue\/wp-content\/uploads\/2015\/04\/20071031.jpg?resize=350%2C200&ssl=1","width":350,"height":200},"classes":[]}],"_links":{"self":[{"href":"https:\/\/www.wallendorff.com\/belogue\/wp-json\/wp\/v2\/posts\/1134","targetHints":{"allow":["GET"]}}],"collection":[{"href":"https:\/\/www.wallendorff.com\/belogue\/wp-json\/wp\/v2\/posts"}],"about":[{"href":"https:\/\/www.wallendorff.com\/belogue\/wp-json\/wp\/v2\/types\/post"}],"author":[{"embeddable":true,"href":"https:\/\/www.wallendorff.com\/belogue\/wp-json\/wp\/v2\/users\/1"}],"replies":[{"embeddable":true,"href":"https:\/\/www.wallendorff.com\/belogue\/wp-json\/wp\/v2\/comments?post=1134"}],"version-history":[{"count":1,"href":"https:\/\/www.wallendorff.com\/belogue\/wp-json\/wp\/v2\/posts\/1134\/revisions"}],"predecessor-version":[{"id":15286,"href":"https:\/\/www.wallendorff.com\/belogue\/wp-json\/wp\/v2\/posts\/1134\/revisions\/15286"}],"wp:featuredmedia":[{"embeddable":true,"href":"https:\/\/www.wallendorff.com\/belogue\/wp-json\/wp\/v2\/media\/25060"}],"wp:attachment":[{"href":"https:\/\/www.wallendorff.com\/belogue\/wp-json\/wp\/v2\/media?parent=1134"}],"wp:term":[{"taxonomy":"category","embeddable":true,"href":"https:\/\/www.wallendorff.com\/belogue\/wp-json\/wp\/v2\/categories?post=1134"},{"taxonomy":"post_tag","embeddable":true,"href":"https:\/\/www.wallendorff.com\/belogue\/wp-json\/wp\/v2\/tags?post=1134"}],"curies":[{"name":"wp","href":"https:\/\/api.w.org\/{rel}","templated":true}]}}