{"id":11329,"date":"2011-01-10T11:35:53","date_gmt":"2011-01-10T10:35:53","guid":{"rendered":"http:\/\/www.po-l.com\/belogue\/?p=11329"},"modified":"2012-01-09T12:20:20","modified_gmt":"2012-01-09T10:20:20","slug":"la-loupe","status":"publish","type":"post","link":"https:\/\/www.wallendorff.com\/belogue\/2011\/01\/10\/la-loupe\/","title":{"rendered":"La loupe."},"content":{"rendered":"\n<div id=\"photo\">\n<p><img decoding=\"async\" src=\"https:\/\/www.wallendorff.com\/belogue\/photo\/2011\/01\/20110110.jpg\" \/><br \/>\nCentre Pompidou-Metz, Metz, 8 novembre 2010.<\/p>\n<\/p><\/div>\n<p style=\"text-align:right\">Et plus tu t&rsquo;&eacute;loignes et plus la cath&eacute;drale devient &eacute;norme au point de vouloir te manger [ou un truc comme \u00e7a].<\/p>\n<p style=\"text-align:right\">Je sais pas comment ils ont fait leur truc, mais c&rsquo;trop bath.<\/p>\n<div id=\"bandeson\">\n<p><img decoding=\"async\" src=\"https:\/\/www.wallendorff.com\/belogue\/photo\/pochettes\/f\/fredrik-origami.jpg\" align=\"left\">&nbsp;<a href=\"http:\/\/www.myspace.com\/fredriktheband\">Fredrik<\/a> &ndash; <em>White on White<\/em><\/p>\n<\/p><\/div>\n","protected":false},"excerpt":{"rendered":"<p>Centre Pompidou-Metz, Metz, 8 novembre 2010. Et plus tu t&rsquo;&eacute;loignes et plus la cath&eacute;drale devient &eacute;norme au point de vouloir te manger [ou un truc comme \u00e7a]. Je sais pas comment ils ont fait leur truc, mais c&rsquo;trop bath. &nbsp;Fredrik &ndash; White on White<\/p>\n","protected":false},"author":1,"featured_media":26052,"comment_status":"open","ping_status":"open","sticky":false,"template":"","format":"standard","meta":{"_acf_changed":false,"ngg_post_thumbnail":0,"jetpack_post_was_ever_published":false,"_jetpack_newsletter_access":"","_jetpack_dont_email_post_to_subs":false,"_jetpack_newsletter_tier_id":0,"_jetpack_memberships_contains_paywalled_content":false,"_jetpack_memberships_contains_paid_content":false,"footnotes":"","jetpack_publicize_message":"","jetpack_publicize_feature_enabled":true,"jetpack_social_post_already_shared":false,"jetpack_social_options":{"image_generator_settings":{"template":"highway","default_image_id":0,"font":"","enabled":false},"version":2}},"categories":[3],"tags":[2615,10743,417,3914,10311,10238,10307,10340,10120,4594,10175,10173,10174,10232,170,10407,2450,4595],"class_list":["post-11329","post","type-post","status-publish","format-standard","has-post-thumbnail","hentry","category-dpc","tag-eos-5d-mark-ii","tag-cathedrale","tag-cathedrale-saint-etienne","tag-centre-pompidou-metz","tag-dos","tag-eglise","tag-fenetre","tag-fille","tag-france","tag-fredrik","tag-lorraine","tag-metz","tag-moselle","tag-musee","tag-sigma-70-300-mm-f4-56-dg-apo-macro","tag-silhouette","tag-triptyque","tag-white-on-white"],"acf":[],"geo":{"latitude":49.1077652,"longitude":6.1800399,"description":"Avenue Andr\u00e9 Malraux, 57000 Metz, France"},"jetpack_publicize_connections":[],"jetpack_featured_media_url":"https:\/\/www.wallendorff.com\/belogue\/wp-content\/uploads\/2015\/04\/201101101.jpg","jetpack_shortlink":"https:\/\/wp.me\/p3b35P-2WJ","jetpack_sharing_enabled":true,"jetpack-related-posts":[{"id":11257,"url":"https:\/\/www.wallendorff.com\/belogue\/2011\/01\/07\/lennui-au-musee-2\/","url_meta":{"origin":11329,"position":0},"title":"L&rsquo;ennui au mus\u00e9e 2.","author":"dpc","date":"7 janvier 2011","format":false,"excerpt":"Centre Pompidou-Metz, Metz, 8 novembre 2010. Woodsman \u2013 Insects","rel":"","context":"Dans &quot;DPC&quot;","block_context":{"text":"DPC","link":"https:\/\/www.wallendorff.com\/belogue\/category\/dpc\/"},"img":{"alt_text":"","src":"https:\/\/i0.wp.com\/www.wallendorff.com\/belogue\/wp-content\/uploads\/2015\/04\/201101071.jpg?resize=350%2C200&ssl=1","width":350,"height":200,"srcset":"https:\/\/i0.wp.com\/www.wallendorff.com\/belogue\/wp-content\/uploads\/2015\/04\/201101071.jpg?resize=350%2C200&ssl=1 1x, https:\/\/i0.wp.com\/www.wallendorff.com\/belogue\/wp-content\/uploads\/2015\/04\/201101071.jpg?resize=525%2C300&ssl=1 1.5x, https:\/\/i0.wp.com\/www.wallendorff.com\/belogue\/wp-content\/uploads\/2015\/04\/201101071.jpg?resize=700%2C400&ssl=1 2x"},"classes":[]},{"id":22926,"url":"https:\/\/www.wallendorff.com\/belogue\/2014\/06\/08\/top-10-des-plus-belles-cathedrales-de-la-decennie\/","url_meta":{"origin":11329,"position":1},"title":"Top 10 des plus belles cath\u00e9drales de la d\u00e9cennie.","author":"dpc","date":"8 juin 2014","format":false,"excerpt":"Dix ans \u00e0 faire le tour de toutes les cath\u00e9drales du monde entier et bien les regarder sous toutes les coutures pour \u00e9tablir le classement d\u00e9finitif et impartial des plus jolies cath\u00e9drales de l'univers. No 10 ex-\u00e6quo\u00a0: La cath\u00e9drale Notre-Dame de Chartres du 7 avril 2012... Chartres Attack. \u00a0 ...\u2026","rel":"","context":"Dans &quot;DPC&quot;","block_context":{"text":"DPC","link":"https:\/\/www.wallendorff.com\/belogue\/category\/dpc\/"},"img":{"alt_text":"","src":"https:\/\/i0.wp.com\/www.wallendorff.com\/belogue\/wp-content\/uploads\/2015\/04\/201310243.jpg?resize=350%2C200&ssl=1","width":350,"height":200,"srcset":"https:\/\/i0.wp.com\/www.wallendorff.com\/belogue\/wp-content\/uploads\/2015\/04\/201310243.jpg?resize=350%2C200&ssl=1 1x, https:\/\/i0.wp.com\/www.wallendorff.com\/belogue\/wp-content\/uploads\/2015\/04\/201310243.jpg?resize=525%2C300&ssl=1 1.5x, https:\/\/i0.wp.com\/www.wallendorff.com\/belogue\/wp-content\/uploads\/2015\/04\/201310243.jpg?resize=700%2C400&ssl=1 2x"},"classes":[]},{"id":373,"url":"https:\/\/www.wallendorff.com\/belogue\/2005\/05\/15\/merveilleuse-cite-dort\/","url_meta":{"origin":11329,"position":2},"title":"Merveilleuse cit\u00e9 dort.","author":"dpc","date":"15 mai 2005","format":false,"excerpt":"Temple de Garnison et Cath\u00e9drale Saint-\u00c9tienne, Metz, 4 mai. Cliquouze \u00e9tant rentr\u00e9e, c'est\u00a0\u00e0 moi de partir. Du nouveau jeudi, je pense. Soyez sages, hein. \u00a0The White Stripes \u2013 Going Back to Memphis (Soledad Brothers cover) (live)","rel":"","context":"Dans &quot;DPC&quot;","block_context":{"text":"DPC","link":"https:\/\/www.wallendorff.com\/belogue\/category\/dpc\/"},"img":{"alt_text":"","src":"https:\/\/i0.wp.com\/www.wallendorff.com\/belogue\/wp-content\/uploads\/2015\/04\/200505151.jpg?resize=350%2C200&ssl=1","width":350,"height":200},"classes":[]},{"id":41584,"url":"https:\/\/www.wallendorff.com\/belogue\/2019\/04\/16\/lenfer\/","url_meta":{"origin":11329,"position":3},"title":"L&rsquo;enfer.","author":"dpc","date":"16 avril 2019","format":false,"excerpt":"Je ne pouvais pas ne pas y aller\u00a0; je ne pouvais pas ne pas garder une trace de \u00e7a. Une fois sur place, j'ai tourn\u00e9 autour de l'\u00eele de la Cit\u00e9 sans pouvoir me r\u00e9soudre \u00e0 rentrer. Ces b\u00e2timents sont con\u00e7us pour rester debout quoi qu'il arrive [c'est la raison\u2026","rel":"","context":"Dans &quot;DPC&quot;","block_context":{"text":"DPC","link":"https:\/\/www.wallendorff.com\/belogue\/category\/dpc\/"},"img":{"alt_text":"","src":"https:\/\/i0.wp.com\/www.wallendorff.com\/belogue\/wp-content\/uploads\/2019\/04\/20190416-01.jpg?resize=350%2C200&ssl=1","width":350,"height":200,"srcset":"https:\/\/i0.wp.com\/www.wallendorff.com\/belogue\/wp-content\/uploads\/2019\/04\/20190416-01.jpg?resize=350%2C200&ssl=1 1x, https:\/\/i0.wp.com\/www.wallendorff.com\/belogue\/wp-content\/uploads\/2019\/04\/20190416-01.jpg?resize=525%2C300&ssl=1 1.5x, https:\/\/i0.wp.com\/www.wallendorff.com\/belogue\/wp-content\/uploads\/2019\/04\/20190416-01.jpg?resize=700%2C400&ssl=1 2x, https:\/\/i0.wp.com\/www.wallendorff.com\/belogue\/wp-content\/uploads\/2019\/04\/20190416-01.jpg?resize=1050%2C600&ssl=1 3x"},"classes":[]},{"id":7762,"url":"https:\/\/www.wallendorff.com\/belogue\/2010\/06\/25\/pompidou-by-nuit-1\/","url_meta":{"origin":11329,"position":4},"title":"Pompidou by nuit [1].","author":"dpc","date":"25 juin 2010","format":false,"excerpt":"Centre Pompidou-Metz, Metz, 23 mai. Bon c'est vendredi alors soyons fous et r\u00e9it\u00e9rons le coup de la bande-son \u00e0 choix multiple. N'oublie pas de voter pour \u00e9lire ton titre-star et peut-\u00eatre gagner des places vipes pour la prochaine tourn\u00e9e de M. Pokora\u00a0: \u00a0The Black Angels \u2013 18 Years \u00a0Woodsman \u2013\u2026","rel":"","context":"Dans &quot;DPC&quot;","block_context":{"text":"DPC","link":"https:\/\/www.wallendorff.com\/belogue\/category\/dpc\/"},"img":{"alt_text":"","src":"https:\/\/i0.wp.com\/www.wallendorff.com\/belogue\/wp-content\/uploads\/2015\/04\/201006251.jpg?resize=350%2C200&ssl=1","width":350,"height":200},"classes":[]},{"id":22407,"url":"https:\/\/www.wallendorff.com\/belogue\/2013\/12\/31\/decembre-2013\/","url_meta":{"origin":11329,"position":5},"title":"D\u00e9cembre 2013.","author":"dpc","date":"31 d\u00e9cembre 2013","format":false,"excerpt":"Une travers\u00e9e du XXe, de l'alcool, des gens, beaucoup, une p\u00e9niche, un bus, des requins-fant\u00f4mes, une nuit au Z\u00e9nith, encore des requins, une \u00e9glise vide, No\u00ebl sous la pluie, une cath\u00e9drale, une grande roue, une grosse boule, des lampions, un mus\u00e9e, encore de l'alcool, encore des gens, une grosse saucisse,\u2026","rel":"","context":"Dans &quot;Blog-note&quot;","block_context":{"text":"Blog-note","link":"https:\/\/www.wallendorff.com\/belogue\/category\/blog-note\/"},"img":{"alt_text":"","src":"https:\/\/i0.wp.com\/www.wallendorff.com\/belogue\/wp-content\/uploads\/2015\/04\/20140115-521.jpg?resize=350%2C200&ssl=1","width":350,"height":200,"srcset":"https:\/\/i0.wp.com\/www.wallendorff.com\/belogue\/wp-content\/uploads\/2015\/04\/20140115-521.jpg?resize=350%2C200&ssl=1 1x, https:\/\/i0.wp.com\/www.wallendorff.com\/belogue\/wp-content\/uploads\/2015\/04\/20140115-521.jpg?resize=525%2C300&ssl=1 1.5x, https:\/\/i0.wp.com\/www.wallendorff.com\/belogue\/wp-content\/uploads\/2015\/04\/20140115-521.jpg?resize=700%2C400&ssl=1 2x"},"classes":[]}],"_links":{"self":[{"href":"https:\/\/www.wallendorff.com\/belogue\/wp-json\/wp\/v2\/posts\/11329","targetHints":{"allow":["GET"]}}],"collection":[{"href":"https:\/\/www.wallendorff.com\/belogue\/wp-json\/wp\/v2\/posts"}],"about":[{"href":"https:\/\/www.wallendorff.com\/belogue\/wp-json\/wp\/v2\/types\/post"}],"author":[{"embeddable":true,"href":"https:\/\/www.wallendorff.com\/belogue\/wp-json\/wp\/v2\/users\/1"}],"replies":[{"embeddable":true,"href":"https:\/\/www.wallendorff.com\/belogue\/wp-json\/wp\/v2\/comments?post=11329"}],"version-history":[{"count":1,"href":"https:\/\/www.wallendorff.com\/belogue\/wp-json\/wp\/v2\/posts\/11329\/revisions"}],"predecessor-version":[{"id":15272,"href":"https:\/\/www.wallendorff.com\/belogue\/wp-json\/wp\/v2\/posts\/11329\/revisions\/15272"}],"wp:featuredmedia":[{"embeddable":true,"href":"https:\/\/www.wallendorff.com\/belogue\/wp-json\/wp\/v2\/media\/26052"}],"wp:attachment":[{"href":"https:\/\/www.wallendorff.com\/belogue\/wp-json\/wp\/v2\/media?parent=11329"}],"wp:term":[{"taxonomy":"category","embeddable":true,"href":"https:\/\/www.wallendorff.com\/belogue\/wp-json\/wp\/v2\/categories?post=11329"},{"taxonomy":"post_tag","embeddable":true,"href":"https:\/\/www.wallendorff.com\/belogue\/wp-json\/wp\/v2\/tags?post=11329"}],"curies":[{"name":"wp","href":"https:\/\/api.w.org\/{rel}","templated":true}]}}