{"id":113,"date":"2006-04-01T20:05:59","date_gmt":"2006-04-01T20:05:59","guid":{"rendered":"http:\/\/www.po-l.com\/wordpress\/?p=113"},"modified":"2012-02-24T10:47:01","modified_gmt":"2012-02-24T08:47:01","slug":"a-courts-et-acres-i","status":"publish","type":"post","link":"https:\/\/www.wallendorff.com\/belogue\/2006\/04\/01\/a-courts-et-acres-i\/","title":{"rendered":"A courts et &acirc;cres I."},"content":{"rendered":"\n<div id=\"photo\">\n<p><img decoding=\"async\" src=\"http:\/\/www.po-L.com\/belogue\/photo\/2006\/04\/20060401.jpg\" \/><br \/>\n          En Fournirue, Metz, 25 mars.<\/p>\n<\/p><\/div>\n<p>a&iuml;&iuml;a&iuml;&iuml;a&iuml;&iuml;a&iuml;&iuml;a&iuml;&iuml;a&iuml;&iuml;a&iuml;&iuml;a&iuml;&iuml;a&iuml;&iuml;a&iuml;&iuml;a&iuml;&iuml;a&iuml;&iuml;a&iuml;&iuml;a&iuml;&iuml;a&iuml;&iuml;a&iuml;&iuml;a&iuml;&iuml;a&iuml;&iuml;a&iuml;&iuml;a&iuml;&iuml;a&iuml;&iuml;a&iuml;&iuml;a&iuml;&iuml;a&iuml;&iuml;a&iuml;&iuml;a&iuml;&iuml;a&iuml;&iuml;a&iuml;&iuml;a&iuml;&iuml;a&iuml;&iuml;a&iuml;&iuml;a&iuml;&iuml;<br \/>        a&iuml;&iuml;a&iuml;&iuml;a&iuml;&iuml;a&iuml;&iuml;a&iuml;&iuml;a&iuml;&iuml;a&iuml;&iuml;a&iuml;&iuml;a&iuml;&iuml;a&iuml;&iuml;a&iuml;&iuml;a&iuml;&iuml;a&iuml;&iuml;a&iuml;&iuml;a&iuml;&iuml;a&iuml;&iuml;a&iuml;&iuml;a&iuml;&iuml;a&iuml;&iuml;a&iuml;&iuml;a&iuml;&iuml;a&iuml;&iuml;a&iuml;&iuml;a&iuml;&iuml;a&iuml;&iuml;a&iuml;&iuml;a&iuml;&iuml;a&iuml;&iuml;<sup>1<\/sup><\/p>\n<div id=\"bandeson\">\n<p><img decoding=\"async\" src=\"https:\/\/www.wallendorff.com\/belogue\/photo\/pochettes\/t\/turin_brakes-the_optimist_lp.jpg\" align=\"left\" \/>&nbsp;<a href=\"http:\/\/www.turinbrakes.com\/\">Turin Brakes<\/a> &ndash; <em>Emergency 72<\/em><sup>2<\/sup><\/p>\n<\/p><\/div>\n<div id=\"bas_note\">\n<p>_____<\/p>\n<p><sup>1<\/sup> Parce qu&rsquo;&ecirc;tre rock en 2006 c&rsquo;est trouver d&rsquo;un coup le titre d&eacute;bile de sa note et le texte naze qui va avec.<\/p>\n<p><sup>2<\/sup> &Agrave; chaque fois que je r&eacute;&eacute;coute ce truc, &ccedil;a me rappelle que quand j&rsquo;ai d&eacute;couvert Turin Brakes, en 2001, j&rsquo;&eacute;tais tellement persuad&eacute; que c&rsquo;&eacute;tait une fille &agrave; la voix rauque qui chantait que quand <em>Ether Song<\/em> est sorti en 2003 et que j&rsquo;ai vu le clip de <em>Painkiller<\/em>, je trouvai super rigolo comme concept qu&rsquo;un gars chante en playback avec la voix de la chanteuse derri&egrave;re. Elle est super-int&eacute;ressante, ma vie. <\/p>\n<\/p><\/div>\n","protected":false},"excerpt":{"rendered":"<p>En Fournirue, Metz, 25 mars. a&iuml;&iuml;a&iuml;&iuml;a&iuml;&iuml;a&iuml;&iuml;a&iuml;&iuml;a&iuml;&iuml;a&iuml;&iuml;a&iuml;&iuml;a&iuml;&iuml;a&iuml;&iuml;a&iuml;&iuml;a&iuml;&iuml;a&iuml;&iuml;a&iuml;&iuml;a&iuml;&iuml;a&iuml;&iuml;a&iuml;&iuml;a&iuml;&iuml;a&iuml;&iuml;a&iuml;&iuml;a&iuml;&iuml;a&iuml;&iuml;a&iuml;&iuml;a&iuml;&iuml;a&iuml;&iuml;a&iuml;&iuml;a&iuml;&iuml;a&iuml;&iuml;a&iuml;&iuml;a&iuml;&iuml;a&iuml;&iuml;a&iuml;&iuml; a&iuml;&iuml;a&iuml;&iuml;a&iuml;&iuml;a&iuml;&iuml;a&iuml;&iuml;a&iuml;&iuml;a&iuml;&iuml;a&iuml;&iuml;a&iuml;&iuml;a&iuml;&iuml;a&iuml;&iuml;a&iuml;&iuml;a&iuml;&iuml;a&iuml;&iuml;a&iuml;&iuml;a&iuml;&iuml;a&iuml;&iuml;a&iuml;&iuml;a&iuml;&iuml;a&iuml;&iuml;a&iuml;&iuml;a&iuml;&iuml;a&iuml;&iuml;a&iuml;&iuml;a&iuml;&iuml;a&iuml;&iuml;a&iuml;&iuml;a&iuml;&iuml;1 &nbsp;Turin Brakes &ndash; Emergency 722 _____ 1 Parce qu&rsquo;&ecirc;tre rock en 2006 c&rsquo;est trouver d&rsquo;un coup le titre d&eacute;bile de sa note et le texte naze qui va avec. 2 &Agrave; chaque fois que je r&eacute;&eacute;coute ce truc, &ccedil;a me rappelle que quand j&rsquo;ai d&eacute;couvert Turin Brakes, en&hellip;<\/p>\n","protected":false},"author":1,"featured_media":24047,"comment_status":"open","ping_status":"open","sticky":false,"template":"","format":"standard","meta":{"_acf_changed":false,"ngg_post_thumbnail":0,"jetpack_post_was_ever_published":false,"_jetpack_newsletter_access":"","_jetpack_dont_email_post_to_subs":false,"_jetpack_newsletter_tier_id":0,"_jetpack_memberships_contains_paywalled_content":false,"_jetpack_memberships_contains_paid_content":false,"footnotes":"","jetpack_publicize_message":"","jetpack_publicize_feature_enabled":true,"jetpack_social_post_already_shared":false,"jetpack_social_options":{"image_generator_settings":{"template":"highway","default_image_id":0,"font":"","enabled":false},"version":2}},"categories":[3],"tags":[10226,142,132,1243,1533,1532,1502,10120,782,10175,10173,10174,316],"class_list":["post-113","post","type-post","status-publish","format-standard","has-post-thumbnail","hentry","category-dpc","tag-banc","tag-ef-s-10-22-mm-f35-45-usm","tag-eos-20d","tag-carre","tag-emergency-72","tag-en-fournirue","tag-etre-rock","tag-france","tag-jaune","tag-lorraine","tag-metz","tag-moselle","tag-turin-brakes"],"acf":[],"geo":{"latitude":49.1188354,"longitude":6.1768589,"description":null},"jetpack_publicize_connections":[],"jetpack_featured_media_url":"https:\/\/www.wallendorff.com\/belogue\/wp-content\/uploads\/2015\/04\/200604011.jpg","jetpack_shortlink":"https:\/\/wp.me\/p3b35P-1P","jetpack_sharing_enabled":true,"jetpack-related-posts":[{"id":131991,"url":"https:\/\/www.wallendorff.com\/belogue\/2025\/03\/26\/metz-de-noel\/","url_meta":{"origin":113,"position":0},"title":"Metz de No\u00ebl.","author":"dpc","date":"26 mars 2025","format":false,"excerpt":"","rel":"","context":"Dans &quot;DPC&quot;","block_context":{"text":"DPC","link":"https:\/\/www.wallendorff.com\/belogue\/category\/dpc\/"},"img":{"alt_text":"","src":"https:\/\/i0.wp.com\/www.wallendorff.com\/belogue\/wp-content\/uploads\/2025\/03\/20250326-04.jpg?resize=350%2C200&ssl=1","width":350,"height":200,"srcset":"https:\/\/i0.wp.com\/www.wallendorff.com\/belogue\/wp-content\/uploads\/2025\/03\/20250326-04.jpg?resize=350%2C200&ssl=1 1x, https:\/\/i0.wp.com\/www.wallendorff.com\/belogue\/wp-content\/uploads\/2025\/03\/20250326-04.jpg?resize=525%2C300&ssl=1 1.5x, https:\/\/i0.wp.com\/www.wallendorff.com\/belogue\/wp-content\/uploads\/2025\/03\/20250326-04.jpg?resize=700%2C400&ssl=1 2x"},"classes":[]},{"id":1032,"url":"https:\/\/www.wallendorff.com\/belogue\/2007\/09\/07\/train-trinque-aux-dits-tiens\/","url_meta":{"origin":113,"position":1},"title":"Train trinque aux dits tiens.","author":"dpc","date":"7 septembre 2007","format":false,"excerpt":"Station Charonne, Paris, 5 septembre. Metz Metz Metz Metz Metz Metz Metz Metz Metz Metz Metz Metz Metz Metz Metz Metz Metz Metz Metz Metz Metz Metz Metz Metz Metz Metz Metz Metz Metz Metz Metz Metz Metz Metz Metz Metz Metz Metz Metz Metz Metz Metz Metz Metz Metz\u2026","rel":"","context":"Dans &quot;DPC&quot;","block_context":{"text":"DPC","link":"https:\/\/www.wallendorff.com\/belogue\/category\/dpc\/"},"img":{"alt_text":"","src":"https:\/\/i0.wp.com\/www.wallendorff.com\/belogue\/wp-content\/uploads\/2015\/04\/200709071.jpg?resize=350%2C200&ssl=1","width":350,"height":200},"classes":[]},{"id":123940,"url":"https:\/\/www.wallendorff.com\/belogue\/2023\/02\/27\/dans-laire-du-temple\/","url_meta":{"origin":113,"position":2},"title":"Dans l&rsquo;aire du temple.","author":"dpc","date":"27 f\u00e9vrier 2023","format":false,"excerpt":"Place de la Com\u00e9die, Metz, 28 d\u00e9cembre 2022.","rel":"","context":"Dans &quot;DPC&quot;","block_context":{"text":"DPC","link":"https:\/\/www.wallendorff.com\/belogue\/category\/dpc-en\/"},"img":{"alt_text":"","src":"https:\/\/i0.wp.com\/www.wallendorff.com\/belogue\/wp-content\/uploads\/2023\/02\/20230227.jpg?resize=350%2C200&ssl=1","width":350,"height":200,"srcset":"https:\/\/i0.wp.com\/www.wallendorff.com\/belogue\/wp-content\/uploads\/2023\/02\/20230227.jpg?resize=350%2C200&ssl=1 1x, https:\/\/i0.wp.com\/www.wallendorff.com\/belogue\/wp-content\/uploads\/2023\/02\/20230227.jpg?resize=525%2C300&ssl=1 1.5x, https:\/\/i0.wp.com\/www.wallendorff.com\/belogue\/wp-content\/uploads\/2023\/02\/20230227.jpg?resize=700%2C400&ssl=1 2x, https:\/\/i0.wp.com\/www.wallendorff.com\/belogue\/wp-content\/uploads\/2023\/02\/20230227.jpg?resize=1050%2C600&ssl=1 3x"},"classes":[]},{"id":135693,"url":"https:\/\/www.wallendorff.com\/belogue\/2026\/03\/27\/tcho-metz\/","url_meta":{"origin":113,"position":3},"title":"Tch\u00f4 Metz.","author":"dpc","date":"27 mars 2026","format":false,"excerpt":"","rel":"","context":"Dans &quot;DPC&quot;","block_context":{"text":"DPC","link":"https:\/\/www.wallendorff.com\/belogue\/category\/dpc\/"},"img":{"alt_text":"","src":"https:\/\/i0.wp.com\/www.wallendorff.com\/belogue\/wp-content\/uploads\/2026\/03\/20260327-10.jpg?resize=350%2C200&ssl=1","width":350,"height":200,"srcset":"https:\/\/i0.wp.com\/www.wallendorff.com\/belogue\/wp-content\/uploads\/2026\/03\/20260327-10.jpg?resize=350%2C200&ssl=1 1x, https:\/\/i0.wp.com\/www.wallendorff.com\/belogue\/wp-content\/uploads\/2026\/03\/20260327-10.jpg?resize=525%2C300&ssl=1 1.5x, https:\/\/i0.wp.com\/www.wallendorff.com\/belogue\/wp-content\/uploads\/2026\/03\/20260327-10.jpg?resize=700%2C400&ssl=1 2x, https:\/\/i0.wp.com\/www.wallendorff.com\/belogue\/wp-content\/uploads\/2026\/03\/20260327-10.jpg?resize=1050%2C600&ssl=1 3x"},"classes":[]},{"id":20405,"url":"https:\/\/www.wallendorff.com\/belogue\/2013\/02\/08\/metz-le-point-ephemere-paris\/","url_meta":{"origin":113,"position":4},"title":"METZ @ le Point \u00c9ph\u00e9m\u00e8re, Paris.","author":"dpc","date":"8 f\u00e9vrier 2013","format":false,"excerpt":"Ces gens sont fous. Headache METZ \u00a0","rel":"","context":"Dans &quot;Alive&quot;","block_context":{"text":"Alive","link":"https:\/\/www.wallendorff.com\/belogue\/category\/alive\/"},"img":{"alt_text":"","src":"https:\/\/i0.wp.com\/www.wallendorff.com\/belogue\/wp-content\/uploads\/2015\/04\/20130208.jpg?resize=350%2C200&ssl=1","width":350,"height":200,"srcset":"https:\/\/i0.wp.com\/www.wallendorff.com\/belogue\/wp-content\/uploads\/2015\/04\/20130208.jpg?resize=350%2C200&ssl=1 1x, https:\/\/i0.wp.com\/www.wallendorff.com\/belogue\/wp-content\/uploads\/2015\/04\/20130208.jpg?resize=525%2C300&ssl=1 1.5x, https:\/\/i0.wp.com\/www.wallendorff.com\/belogue\/wp-content\/uploads\/2015\/04\/20130208.jpg?resize=700%2C400&ssl=1 2x"},"classes":[]},{"id":119227,"url":"https:\/\/www.wallendorff.com\/belogue\/2023\/02\/17\/metz-noire\/","url_meta":{"origin":113,"position":5},"title":"Metz noire.","author":"dpc","date":"17 f\u00e9vrier 2023","format":false,"excerpt":"Place du Pont-des-Roches, 27 d\u00e9cembre 2022. Toute ressemblance avec la photo du 13 janvier 2014 tout \u00e7a tout \u00e7a.","rel":"","context":"Dans &quot;DPC&quot;","block_context":{"text":"DPC","link":"https:\/\/www.wallendorff.com\/belogue\/category\/dpc-en\/"},"img":{"alt_text":"","src":"https:\/\/i0.wp.com\/www.wallendorff.com\/belogue\/wp-content\/uploads\/2023\/02\/20230217.jpg?resize=350%2C200&ssl=1","width":350,"height":200,"srcset":"https:\/\/i0.wp.com\/www.wallendorff.com\/belogue\/wp-content\/uploads\/2023\/02\/20230217.jpg?resize=350%2C200&ssl=1 1x, https:\/\/i0.wp.com\/www.wallendorff.com\/belogue\/wp-content\/uploads\/2023\/02\/20230217.jpg?resize=525%2C300&ssl=1 1.5x, https:\/\/i0.wp.com\/www.wallendorff.com\/belogue\/wp-content\/uploads\/2023\/02\/20230217.jpg?resize=700%2C400&ssl=1 2x, https:\/\/i0.wp.com\/www.wallendorff.com\/belogue\/wp-content\/uploads\/2023\/02\/20230217.jpg?resize=1050%2C600&ssl=1 3x"},"classes":[]}],"_links":{"self":[{"href":"https:\/\/www.wallendorff.com\/belogue\/wp-json\/wp\/v2\/posts\/113","targetHints":{"allow":["GET"]}}],"collection":[{"href":"https:\/\/www.wallendorff.com\/belogue\/wp-json\/wp\/v2\/posts"}],"about":[{"href":"https:\/\/www.wallendorff.com\/belogue\/wp-json\/wp\/v2\/types\/post"}],"author":[{"embeddable":true,"href":"https:\/\/www.wallendorff.com\/belogue\/wp-json\/wp\/v2\/users\/1"}],"replies":[{"embeddable":true,"href":"https:\/\/www.wallendorff.com\/belogue\/wp-json\/wp\/v2\/comments?post=113"}],"version-history":[{"count":1,"href":"https:\/\/www.wallendorff.com\/belogue\/wp-json\/wp\/v2\/posts\/113\/revisions"}],"predecessor-version":[{"id":16049,"href":"https:\/\/www.wallendorff.com\/belogue\/wp-json\/wp\/v2\/posts\/113\/revisions\/16049"}],"wp:featuredmedia":[{"embeddable":true,"href":"https:\/\/www.wallendorff.com\/belogue\/wp-json\/wp\/v2\/media\/24047"}],"wp:attachment":[{"href":"https:\/\/www.wallendorff.com\/belogue\/wp-json\/wp\/v2\/media?parent=113"}],"wp:term":[{"taxonomy":"category","embeddable":true,"href":"https:\/\/www.wallendorff.com\/belogue\/wp-json\/wp\/v2\/categories?post=113"},{"taxonomy":"post_tag","embeddable":true,"href":"https:\/\/www.wallendorff.com\/belogue\/wp-json\/wp\/v2\/tags?post=113"}],"curies":[{"name":"wp","href":"https:\/\/api.w.org\/{rel}","templated":true}]}}