{"id":1128,"date":"2008-01-04T09:56:15","date_gmt":"2008-01-04T09:56:15","guid":{"rendered":"http:\/\/www.po-l.com\/wordpress\/?p=1128"},"modified":"2012-01-02T11:58:26","modified_gmt":"2012-01-02T09:58:26","slug":"ce-quiet-rat-rche-erre","status":"publish","type":"post","link":"https:\/\/www.wallendorff.com\/belogue\/2008\/01\/04\/ce-quiet-rat-rche-erre\/","title":{"rendered":"Ce quiet rat r\u00eache erre."},"content":{"rendered":"<div id=\"photo\">\n<p><img decoding=\"async\" src=\"https:\/\/www.wallendorff.com\/belogue\/photo\/2008\/01\/20080104.jpg\" \/><br \/>\n   Corcoran&rsquo;s pub, Paris, 16 d&eacute;cembre 2007.<\/p>\n<\/div>\n<p align=\"right\">Changeons-nous les id&eacute;es gr&acirc;ce au <a href=\"http:\/\/www.somethingawful.com\/d\/news\/riaa-liner-notes.php\"> DVL<sup>1<\/sup> du matin<\/a>.<\/p>\n<div id=\"bandeson\">\n<p><img decoding=\"async\" src=\"https:\/\/www.wallendorff.com\/belogue\/photo\/pochettes\/r\/raconteurs_the-broken_boy_soldiers.jpg\" align=\"left\" \/>&nbsp;<a href=\"http:\/\/www.theraconteurs.com\">The Raconteurs<\/a> &ndash; <em>Blue Veins<\/em><\/p>\n<\/div>\n<div id=\"bas_note\">\n<p>_____<\/p>\n<p><sup>1<\/sup> DVL&nbsp;: Dode Van Lache, pour les non-n&eacute;erlandophones.<\/p>\n<\/p><\/div>\n","protected":false},"excerpt":{"rendered":"<p>Corcoran&rsquo;s pub, Paris, 16 d&eacute;cembre 2007. Changeons-nous les id&eacute;es gr&acirc;ce au DVL1 du matin. &nbsp;The Raconteurs &ndash; Blue Veins _____ 1 DVL&nbsp;: Dode Van Lache, pour les non-n&eacute;erlandophones.<\/p>\n","protected":false},"author":1,"featured_media":25054,"comment_status":"open","ping_status":"open","sticky":false,"template":"","format":"standard","meta":{"_acf_changed":false,"ngg_post_thumbnail":0,"jetpack_post_was_ever_published":false,"_jetpack_newsletter_access":"","_jetpack_dont_email_post_to_subs":false,"_jetpack_newsletter_tier_id":0,"_jetpack_memberships_contains_paywalled_content":false,"_jetpack_memberships_contains_paid_content":false,"footnotes":"","jetpack_publicize_message":"","jetpack_publicize_feature_enabled":true,"jetpack_social_post_already_shared":false,"jetpack_social_options":{"image_generator_settings":{"template":"highway","default_image_id":0,"font":"","enabled":false},"version":2}},"categories":[3],"tags":[10143,10115,2277,132,10240,2276,10307,10120,10121,143,10098,10164,173,1493],"class_list":["post-1128","post","type-post","status-publish","format-standard","has-post-thumbnail","hentry","category-dpc","tag-10143","tag-bar","tag-blue-veins","tag-eos-20d","tag-chaises","tag-corcorans-pub","tag-fenetre","tag-france","tag-ile-de-france","tag-noir-et-blanc","tag-paris","tag-pub","tag-sigma-28-70-mm-f28-dg-ex","tag-the-raconteurs"],"acf":[],"geo":{"latitude":48.8844147,"longitude":2.3308825,"description":null},"jetpack_publicize_connections":[],"jetpack_featured_media_url":"https:\/\/www.wallendorff.com\/belogue\/wp-content\/uploads\/2015\/04\/200801041.jpg","jetpack_shortlink":"https:\/\/wp.me\/p3b35P-ic","jetpack_sharing_enabled":true,"jetpack-related-posts":[{"id":1211,"url":"https:\/\/www.wallendorff.com\/belogue\/2008\/04\/20\/ane-brun-les-femmes-s-en-mlent-la-maroquinerie-paris\/","url_meta":{"origin":1128,"position":0},"title":"Ane Brun @ les Femmes s&rsquo;en M\u00ealent, la Maroquinerie, Paris.","author":"dpc","date":"20 avril 2008","format":false,"excerpt":"\u00a0The Raconteurs \u2013 Rich Kid Blues","rel":"","context":"Dans &quot;Alive&quot;","block_context":{"text":"Alive","link":"https:\/\/www.wallendorff.com\/belogue\/category\/alive\/"},"img":{"alt_text":"","src":"https:\/\/i0.wp.com\/www.wallendorff.com\/belogue\/wp-content\/uploads\/2015\/04\/200804201.jpg?resize=350%2C200&ssl=1","width":350,"height":200,"srcset":"https:\/\/i0.wp.com\/www.wallendorff.com\/belogue\/wp-content\/uploads\/2015\/04\/200804201.jpg?resize=350%2C200&ssl=1 1x, https:\/\/i0.wp.com\/www.wallendorff.com\/belogue\/wp-content\/uploads\/2015\/04\/200804201.jpg?resize=525%2C300&ssl=1 1.5x, https:\/\/i0.wp.com\/www.wallendorff.com\/belogue\/wp-content\/uploads\/2015\/04\/200804201.jpg?resize=700%2C400&ssl=1 2x"},"classes":[]},{"id":832,"url":"https:\/\/www.wallendorff.com\/belogue\/2006\/11\/19\/guit-art-4\/","url_meta":{"origin":1128,"position":1},"title":"Guit&rsquo;Art #4.","author":"dpc","date":"19 novembre 2006","format":false,"excerpt":"Virgin Montmartre, Paris, 18 novembre. \u00c7a va finir en s\u00e9rie, je vous dis. \u00a0The Raconteurs \u2013 5 on the 5 (live Brixton Academy, October 20th)","rel":"","context":"Dans &quot;Guit'Art&quot;","block_context":{"text":"Guit'Art","link":"https:\/\/www.wallendorff.com\/belogue\/category\/guit-art\/"},"img":{"alt_text":"","src":"https:\/\/i0.wp.com\/www.wallendorff.com\/belogue\/wp-content\/uploads\/2015\/04\/200611191.jpg?resize=350%2C200&ssl=1","width":350,"height":200},"classes":[]},{"id":775,"url":"https:\/\/www.wallendorff.com\/belogue\/2006\/08\/29\/the-raconteurs-rock-en-seine-paris-25-aout\/","url_meta":{"origin":1128,"position":2},"title":"The Raconteurs @ Rock en Seine, Paris, 25 ao\u00fbt.","author":"dpc","date":"29 ao\u00fbt 2006","format":false,"excerpt":"Brend-Hann vit le grand inconnu s'approcher du micro. Subjugu\u00e9 par sa stature, p\u00e9trifi\u00e9 par sa prestance, le candide breton se sentit submerg\u00e9 par une vague de curiosit\u00e9 m\u00eal\u00e9e d'un trouble haletant. Le grand \u00e9ph\u00e8be qui lui faisait face, feintant l'innocence mais s\u00fbr de son succ\u00e8s, ondula son corps d'un air\u2026","rel":"","context":"Dans &quot;Alive&quot;","block_context":{"text":"Alive","link":"https:\/\/www.wallendorff.com\/belogue\/category\/alive\/"},"img":{"alt_text":"","src":"https:\/\/i0.wp.com\/www.wallendorff.com\/belogue\/wp-content\/uploads\/2015\/04\/200608291.jpg?resize=350%2C200&ssl=1","width":350,"height":200},"classes":[]},{"id":92,"url":"https:\/\/www.wallendorff.com\/belogue\/2006\/03\/04\/a-l-air-tour\/","url_meta":{"origin":1128,"position":3},"title":"\u00c0 l&rsquo;air, tour.","author":"dpc","date":"4 mars 2006","format":false,"excerpt":"Le Point \u00c9ph\u00e9m\u00e8re, Paris, 2 mars, 21h36. En 48h, j'ai pu: Mettre les pieds dans un tour-bus, Compter ses couchettes [14], Voir un amiche chantant avec la voix de Garth Algar se jeter dans une foule de groupies moites, Faire des estimations de taux de remplissage de couchette (en groupie\/couchette)\u2026","rel":"","context":"Dans &quot;DPC&quot;","block_context":{"text":"DPC","link":"https:\/\/www.wallendorff.com\/belogue\/category\/dpc\/"},"img":{"alt_text":"","src":"https:\/\/i0.wp.com\/www.wallendorff.com\/belogue\/wp-content\/uploads\/2015\/04\/200603041.jpg?resize=350%2C200&ssl=1","width":350,"height":200},"classes":[]},{"id":3375,"url":"https:\/\/www.wallendorff.com\/belogue\/2008\/09\/04\/the-raconteurs-rock-en-seine-domaine-national-de-saint-cloud-29-aout\/","url_meta":{"origin":1128,"position":4},"title":"The Raconteurs @ Rock en Seine, Domaine National de Saint-Cloud, 29 ao\u00fbt.","author":"dpc","date":"4 septembre 2008","format":false,"excerpt":"Jack White est beau. Kate Nash \u2013 I'm Not Gonna Teach Your Boyfriend How To Dance With You (Black Kids cover)","rel":"","context":"Dans &quot;Alive&quot;","block_context":{"text":"Alive","link":"https:\/\/www.wallendorff.com\/belogue\/category\/alive\/"},"img":{"alt_text":"","src":"https:\/\/i0.wp.com\/www.wallendorff.com\/belogue\/wp-content\/uploads\/2015\/04\/200809041.jpg?resize=350%2C200&ssl=1","width":350,"height":200,"srcset":"https:\/\/i0.wp.com\/www.wallendorff.com\/belogue\/wp-content\/uploads\/2015\/04\/200809041.jpg?resize=350%2C200&ssl=1 1x, https:\/\/i0.wp.com\/www.wallendorff.com\/belogue\/wp-content\/uploads\/2015\/04\/200809041.jpg?resize=525%2C300&ssl=1 1.5x, https:\/\/i0.wp.com\/www.wallendorff.com\/belogue\/wp-content\/uploads\/2015\/04\/200809041.jpg?resize=700%2C400&ssl=1 2x"},"classes":[]},{"id":1188,"url":"https:\/\/www.wallendorff.com\/belogue\/2008\/03\/25\/previously-unreleased-80\/","url_meta":{"origin":1128,"position":5},"title":"Previously unreleased #80\u00b9.","author":"dpc","date":"25 mars 2008","format":false,"excerpt":"The Tellers, la Boule Noire, 11 d\u00e9cembre 2007. Happyyyyyyyyyyyyy Raconteurs' Day. \u00a0The Raconteurs \u2013 Salute Your Solution _____ 1 Previously Unreleased is a registered trademark of the Juyette Robert Photography Corporation, Inc.","rel":"","context":"Dans &quot;Previously unreleased&quot;","block_context":{"text":"Previously unreleased","link":"https:\/\/www.wallendorff.com\/belogue\/category\/previously-unreleased\/"},"img":{"alt_text":"","src":"https:\/\/i0.wp.com\/www.wallendorff.com\/belogue\/wp-content\/uploads\/2015\/04\/200803251.jpg?resize=350%2C200&ssl=1","width":350,"height":200},"classes":[]}],"_links":{"self":[{"href":"https:\/\/www.wallendorff.com\/belogue\/wp-json\/wp\/v2\/posts\/1128","targetHints":{"allow":["GET"]}}],"collection":[{"href":"https:\/\/www.wallendorff.com\/belogue\/wp-json\/wp\/v2\/posts"}],"about":[{"href":"https:\/\/www.wallendorff.com\/belogue\/wp-json\/wp\/v2\/types\/post"}],"author":[{"embeddable":true,"href":"https:\/\/www.wallendorff.com\/belogue\/wp-json\/wp\/v2\/users\/1"}],"replies":[{"embeddable":true,"href":"https:\/\/www.wallendorff.com\/belogue\/wp-json\/wp\/v2\/comments?post=1128"}],"version-history":[{"count":1,"href":"https:\/\/www.wallendorff.com\/belogue\/wp-json\/wp\/v2\/posts\/1128\/revisions"}],"predecessor-version":[{"id":15139,"href":"https:\/\/www.wallendorff.com\/belogue\/wp-json\/wp\/v2\/posts\/1128\/revisions\/15139"}],"wp:featuredmedia":[{"embeddable":true,"href":"https:\/\/www.wallendorff.com\/belogue\/wp-json\/wp\/v2\/media\/25054"}],"wp:attachment":[{"href":"https:\/\/www.wallendorff.com\/belogue\/wp-json\/wp\/v2\/media?parent=1128"}],"wp:term":[{"taxonomy":"category","embeddable":true,"href":"https:\/\/www.wallendorff.com\/belogue\/wp-json\/wp\/v2\/categories?post=1128"},{"taxonomy":"post_tag","embeddable":true,"href":"https:\/\/www.wallendorff.com\/belogue\/wp-json\/wp\/v2\/tags?post=1128"}],"curies":[{"name":"wp","href":"https:\/\/api.w.org\/{rel}","templated":true}]}}