{"id":1126,"date":"2008-01-02T10:53:33","date_gmt":"2008-01-02T10:53:33","guid":{"rendered":"http:\/\/www.po-l.com\/wordpress\/?p=1126"},"modified":"2014-03-19T17:30:08","modified_gmt":"2014-03-19T15:30:08","slug":"space-mot-keys-16","status":"publish","type":"post","link":"https:\/\/www.wallendorff.com\/belogue\/2008\/01\/02\/space-mot-keys-16\/","title":{"rendered":"Space mot-keys #16."},"content":{"rendered":"<div id=\"photo\">\n<p><img decoding=\"async\" src=\"http:\/\/www.wallendorff.com\/images\/etoile_blanche.jpg\"><\/p>\n<\/div>\n<p style=\"text-align:center\"><small><img decoding=\"async\" src=\"https:\/\/www.wallendorff.com\/belogue\/photo\/2006\/10\/gougle.gif\"\/> ize proude tou pr&eacute;sente <\/small><\/p>\n<p style=\"text-align:center\"><img decoding=\"async\" src=\"https:\/\/www.wallendorff.com\/belogue\/photo\/2006\/10\/mots-cles.gif\" \/><\/p>\n<h1>Top 5<\/h1>\n<ol>\n<li><img decoding=\"async\" src=\"https:\/\/www.wallendorff.com\/belogue\/photo\/2008\/01\/spm\/01.gif\" width=\"84\" height=\"11\" \/>23<\/li>\n<li><img decoding=\"async\" src=\"https:\/\/www.wallendorff.com\/belogue\/photo\/2008\/01\/spm\/02.gif\" width=\"84\" height=\"11\" \/>&nbsp;16<br \/>\n    2<sup>e<\/sup> rang de la <a href=\"http:\/\/www.google.fr\/search?hl=fr&amp;q=blog+anti+killerpilze\">recherche Gougle associ&eacute;e<\/a>. &Ccedil;a explique des trucs. <\/li>\n<li><img decoding=\"async\" src=\"https:\/\/www.wallendorff.com\/belogue\/photo\/2008\/01\/spm\/03.gif\" width=\"84\" height=\"11\" \/>&nbsp;15<\/li>\n<li><img loading=\"lazy\" decoding=\"async\" src=\"https:\/\/www.wallendorff.com\/belogue\/photo\/2008\/01\/spm\/04.gif\" width=\"84\" height=\"11\" \/>&nbsp;10<\/li>\n<li><img decoding=\"async\" src=\"https:\/\/www.wallendorff.com\/belogue\/photo\/2008\/01\/spm\/05.gif\" \/>&nbsp;&nbsp;6<br \/>\n    Y a carr&eacute;ment des sous &agrave; faire en d&eacute;posant le nom, dis donc. <\/li>\n<\/ol>\n<h1>Nos amis les champignons<\/h1>\n<p>Faisons-le en liste, &ccedil;a ira plus vite&nbsp;:<\/p>\n<ul>\n<li><img loading=\"lazy\" decoding=\"async\" src=\"https:\/\/www.wallendorff.com\/belogue\/photo\/2008\/01\/spm\/06.gif\" width=\"122\" height=\"11\" \/><br \/>\n    H&eacute;h&eacute;h&eacute;h&eacute;<br \/>\n    &nbsp;<\/li>\n<li><img loading=\"lazy\" decoding=\"async\" src=\"https:\/\/www.wallendorff.com\/belogue\/photo\/2008\/01\/spm\/07.gif\" width=\"134\" height=\"11\" \/><br \/>\n    Je m&rsquo;en lasse d&eacute;cid&eacute;ment pas, de celui-l&agrave;.<br \/>\n    &nbsp;<\/li>\n<li><img loading=\"lazy\" decoding=\"async\" src=\"https:\/\/www.wallendorff.com\/belogue\/photo\/2008\/01\/spm\/08.gif\" width=\"96\" height=\"11\" \/><br \/>\n    Tiens, un nouveau groupuscule vient de faire scission dans le conflit qui d&eacute;chire nos jeunes.<br \/>\n    &nbsp;<\/li>\n<li><img loading=\"lazy\" decoding=\"async\" src=\"https:\/\/www.wallendorff.com\/belogue\/photo\/2008\/01\/spm\/09.gif\" width=\"176\" height=\"11\" \/><br \/>\n    Si &ccedil;a tombe, Fabi est le fr&egrave;re tripl&eacute; cach&eacute; de Bill et Robert et tout &ccedil;a n&rsquo;est qu&rsquo;un vaste complot destin&eacute; &agrave; saper notre jeunesse &agrave; sa racine.<br \/>\n    &nbsp;<\/li>\n<li><img loading=\"lazy\" decoding=\"async\" src=\"https:\/\/www.wallendorff.com\/belogue\/photo\/2008\/01\/spm\/10.gif\" width=\"141\" height=\"11\" \/><br \/>\n    Tiens, voil&agrave; d&eacute;j&agrave; la nouvelle g&eacute;n&eacute;ration qui surgit.<br \/>\n    &nbsp;<\/li>\n<li><img loading=\"lazy\" decoding=\"async\" src=\"https:\/\/www.wallendorff.com\/belogue\/photo\/2008\/01\/spm\/11.gif\" width=\"196\" height=\"11\" \/><br \/>\n    Si j&rsquo;&eacute;tais pas sympa, je dirais &laquo;&nbsp;&agrave; quel &acirc;ge <em>vont-il<\/em>&nbsp;&raquo;, mais je suis super-sympa.<br \/>\n    &nbsp;<\/li>\n<li><img loading=\"lazy\" decoding=\"async\" src=\"https:\/\/www.wallendorff.com\/belogue\/photo\/2008\/01\/spm\/12.gif\" width=\"143\" height=\"11\" \/><br \/>\n    Faudrait savoir dans quelle cat&eacute;gorie on me classe, quand m&ecirc;me.<br \/>\n    &nbsp;<\/li>\n<li><img loading=\"lazy\" decoding=\"async\" src=\"https:\/\/www.wallendorff.com\/belogue\/photo\/2008\/01\/spm\/13.gif\" width=\"87\" height=\"11\" \/><br \/>\n    &Ccedil;a sent la grande s&oelig;ur inqui&egrave;te, &ccedil;a. Ou la tante circonspecte devant la liste de No&euml;l de la ni&egrave;ce.<br \/>\n    &nbsp;<\/li>\n<li><img loading=\"lazy\" decoding=\"async\" src=\"https:\/\/www.wallendorff.com\/belogue\/photo\/2008\/01\/spm\/15.gif\" width=\"133\" height=\"11\" \/><br \/>\n    L&rsquo;h&ocirc;tel de Tokio&nbsp;?<br \/>\n    [ah, ah, ah. Je suis d&eacute;cid&eacute;ment fatigu&eacute;]<br \/>\n    &nbsp;<\/li>\n<li> <img loading=\"lazy\" decoding=\"async\" src=\"https:\/\/www.wallendorff.com\/belogue\/photo\/2008\/01\/spm\/16.gif\" width=\"142\" height=\"11\" \/><br \/>\n    Dites donc, &ccedil;a vire &agrave; la guerre mondiale, l&agrave;.<br \/>\n    &nbsp;<\/li>\n<li> <img loading=\"lazy\" decoding=\"async\" src=\"https:\/\/www.wallendorff.com\/belogue\/photo\/2008\/01\/spm\/17.gif\" width=\"113\" height=\"11\" \/><br \/>\n    C&rsquo;&eacute;tait pas Didier Wampas, plut&ocirc;t&nbsp;?<br \/>\n    &nbsp;<\/li>\n<li><img loading=\"lazy\" decoding=\"async\" src=\"https:\/\/www.wallendorff.com\/belogue\/photo\/2008\/01\/spm\/18.gif\" width=\"148\" height=\"11\" \/><br \/>\n    &Ccedil;a fait limite peur, quand m&ecirc;me.<\/li>\n<\/ul>\n<h1>La courteliste<\/h1>\n<ul>\n<li><img loading=\"lazy\" decoding=\"async\" src=\"https:\/\/www.wallendorff.com\/belogue\/photo\/2008\/01\/spm\/19.gif\" width=\"225\" height=\"11\" \/><br \/>\n    Pour ne pas qu&rsquo;on le confonde avec Mika.<br \/>\n    &nbsp; <\/li>\n<li><img loading=\"lazy\" decoding=\"async\" src=\"https:\/\/www.wallendorff.com\/belogue\/photo\/2008\/01\/spm\/20.gif\" width=\"269\" height=\"11\" \/><br \/>\n    Je ne vends pas le mien, il m&rsquo;est trop pr&eacute;cieux.<br \/>\n    &nbsp; <\/li>\n<li><img loading=\"lazy\" decoding=\"async\" src=\"https:\/\/www.wallendorff.com\/belogue\/photo\/2008\/01\/spm\/21.gif\" width=\"131\" height=\"11\" \/><br \/>\n    Je savais bien que &ccedil;a existait, alle&iuml;e.<br \/>\n    &nbsp; <\/li>\n<li><img loading=\"lazy\" decoding=\"async\" src=\"https:\/\/www.wallendorff.com\/belogue\/photo\/2008\/01\/spm\/22.gif\" width=\"199\" height=\"11\" \/><br \/>\n    Vous buvez trop de caf&eacute;, Napol&eacute;on.<br \/>\n    &nbsp; <\/li>\n<li><img loading=\"lazy\" decoding=\"async\" src=\"https:\/\/www.wallendorff.com\/belogue\/photo\/2008\/01\/spm\/23.gif\" width=\"182\" height=\"11\" \/><br \/>\n    Certes.<\/p>\n<\/li>\n<li><img loading=\"lazy\" decoding=\"async\" src=\"https:\/\/www.wallendorff.com\/belogue\/photo\/2008\/01\/spm\/24.gif\" width=\"214\" height=\"11\" \/><br \/>\n    Y en qui ont pass&eacute; des r&eacute;veillons sympas, dites-moi.<\/p>\n<\/li>\n<li><img loading=\"lazy\" decoding=\"async\" src=\"https:\/\/www.wallendorff.com\/belogue\/photo\/2008\/01\/spm\/25.gif\" width=\"223\" height=\"11\" \/><br \/>\n    Tiens, profitons de la mise en exergue de cette phrase bien vraie pour pr&eacute;ciser que <strong>souhaiter la bonne ann&eacute;e avant le 1<sup>er<\/sup> janvier, &ccedil;a porte la poisse aussi<\/strong> et surtout c&rsquo;est <strong>MAL<\/strong>.<br \/>\n    &nbsp; <\/li>\n<li><img loading=\"lazy\" decoding=\"async\" src=\"https:\/\/www.wallendorff.com\/belogue\/photo\/2008\/01\/spm\/26.gif\" width=\"127\" height=\"11\" \/><br \/>\n    Ouhl&agrave;, l&agrave; je crois que m&ecirc;me en vendant le si&egrave;ge du Parti, ils auront pas assez.<\/p>\n<\/li>\n<li><img loading=\"lazy\" decoding=\"async\" src=\"https:\/\/www.wallendorff.com\/belogue\/photo\/2008\/01\/spm\/27.gif\" width=\"86\" height=\"11\" \/><br \/>\n    HAN JE VEUX LE M&Ecirc;ME. <\/p>\n<\/li>\n<li><img loading=\"lazy\" decoding=\"async\" src=\"https:\/\/www.wallendorff.com\/belogue\/photo\/2008\/01\/spm\/28.gif\" width=\"150\" height=\"11\" \/><br \/>\n    Esp&egrave;ce de d&eacute;go&ucirc;tant. <\/p>\n<\/li>\n<li><img loading=\"lazy\" decoding=\"async\" src=\"https:\/\/www.wallendorff.com\/belogue\/photo\/2008\/01\/spm\/29.gif\" width=\"126\" height=\"11\" \/><br \/>\n    Mais qu&rsquo;ai-je bien pu &eacute;crire pour m&eacute;riter des r&eacute;f&eacute;rences pareilles&nbsp;?<\/p>\n<\/li>\n<li><img loading=\"lazy\" decoding=\"async\" src=\"https:\/\/www.wallendorff.com\/belogue\/photo\/2008\/01\/spm\/30.gif\" width=\"157\" height=\"11\" \/><br \/>\n    <em>K&uuml;ssen K&uuml;ssen ich will K&uuml;ssen<\/em>.<\/p>\n<\/li>\n<li><img loading=\"lazy\" decoding=\"async\" src=\"https:\/\/www.wallendorff.com\/belogue\/photo\/2008\/01\/spm\/31.gif\" width=\"174\" height=\"11\" \/><br \/>\n    On parle d&rsquo;odeur l&agrave; ou bien&nbsp;?<\/p>\n<\/li>\n<li><img loading=\"lazy\" decoding=\"async\" src=\"https:\/\/www.wallendorff.com\/belogue\/photo\/2008\/01\/spm\/32.gif\" width=\"83\" height=\"11\" \/><br \/>\n    Mon dieu, sacril&egrave;ge. Et pourquoi pas avec des Carensacs, pendant qu&rsquo;on y est&nbsp;? <\/p>\n<\/li>\n<li><img loading=\"lazy\" decoding=\"async\" src=\"https:\/\/www.wallendorff.com\/belogue\/photo\/2008\/01\/spm\/33.gif\" width=\"158\" height=\"11\" \/><br \/>\n    Si c&rsquo;est &agrave; base de fondue, je signe de suite.<\/li>\n<\/ul>\n","protected":false},"excerpt":{"rendered":"<p>ize proude tou pr&eacute;sente Top 5 23 &nbsp;16 2e rang de la recherche Gougle associ&eacute;e. &Ccedil;a explique des trucs. &nbsp;15 &nbsp;10 &nbsp;&nbsp;6 Y a carr&eacute;ment des sous &agrave; faire en d&eacute;posant le nom, dis donc. Nos amis les champignons Faisons-le en liste, &ccedil;a ira plus vite&nbsp;: H&eacute;h&eacute;h&eacute;h&eacute; &nbsp; Je m&rsquo;en lasse d&eacute;cid&eacute;ment pas, de celui-l&agrave;.&hellip;<\/p>\n","protected":false},"author":1,"featured_media":25052,"comment_status":"open","ping_status":"open","sticky":false,"template":"","format":"standard","meta":{"_acf_changed":false,"ngg_post_thumbnail":0,"jetpack_post_was_ever_published":false,"_jetpack_newsletter_access":"","_jetpack_dont_email_post_to_subs":false,"_jetpack_newsletter_tier_id":0,"_jetpack_memberships_contains_paywalled_content":false,"_jetpack_memberships_contains_paid_content":false,"footnotes":"","jetpack_publicize_message":"","jetpack_publicize_feature_enabled":true,"jetpack_social_post_already_shared":false,"jetpack_social_options":{"image_generator_settings":{"template":"highway","default_image_id":0,"font":"","enabled":false},"version":2}},"categories":[12],"tags":[],"class_list":["post-1126","post","type-post","status-publish","format-standard","has-post-thumbnail","hentry","category-space-mots-keys"],"acf":[],"geo":null,"jetpack_publicize_connections":[],"jetpack_featured_media_url":"https:\/\/www.wallendorff.com\/belogue\/wp-content\/uploads\/2015\/04\/gougle43.gif","jetpack_shortlink":"https:\/\/wp.me\/p3b35P-ia","jetpack_sharing_enabled":true,"jetpack-related-posts":[{"id":3658,"url":"https:\/\/www.wallendorff.com\/belogue\/2008\/12\/08\/space-mots-keys-28\/","url_meta":{"origin":1126,"position":0},"title":"Space mots-keys #28.","author":"dpc","date":"8 d\u00e9cembre 2008","format":false,"excerpt":"ize proude tou pr\u00e9sente La courte-liste\u00a0: [Qui raccourcit de mois en mois, oui j'ai vu.] \u00c0 qui le dites-vous, ma bonne dame. \u00a0 Y en a qui comptent passer un 21 juillet prochain bien rock n'roll, dis donc. \u00a0 Hum. Le Bescherelle\u00a0? \u00a0 B\u00e9ni soit ton nom. \u00a0 Ce journal\u2026","rel":"","context":"Dans &quot;Space mots-keys&quot;","block_context":{"text":"Space mots-keys","link":"https:\/\/www.wallendorff.com\/belogue\/category\/space-mots-keys\/"},"img":{"alt_text":"","src":"","width":0,"height":0},"classes":[]},{"id":3487,"url":"https:\/\/www.wallendorff.com\/belogue\/2008\/10\/09\/space-mots-keys-26\/","url_meta":{"origin":1126,"position":1},"title":"Space mots-keys #26.","author":"dpc","date":"9 octobre 2008","format":false,"excerpt":"ize proude tou pr\u00e9sente La fourn\u00e9e du mois craint. C'est d'autant plus triste que cette 26e \u00e9dition marque le deuxi\u00e8me anniversaire de cette noble rubrique, qui s'en trouve fort mal honor\u00e9e. Avouons qu'il y a de quoi d\u00e9primer. La \u2015\u00a0tr\u00e8s\u00a0\u2015 courte-liste\u00a0: S\u00fbrement parce que la conjugaison telle qu'on la trouve\u2026","rel":"","context":"Dans &quot;Space mots-keys&quot;","block_context":{"text":"Space mots-keys","link":"https:\/\/www.wallendorff.com\/belogue\/category\/space-mots-keys\/"},"img":{"alt_text":"","src":"","width":0,"height":0},"classes":[]},{"id":890,"url":"https:\/\/www.wallendorff.com\/belogue\/2007\/02\/05\/space-mot-keys-5\/","url_meta":{"origin":1126,"position":2},"title":"Space mot-keys #5.","author":"dpc","date":"5 f\u00e9vrier 2007","format":false,"excerpt":"ize proude tou pr\u00e9sente Je pensais pas qu'on me voyait. \u00a0 Y en a certaines qui manifestement s'amusent bien avec Gougle une fois le soir venu. \u00a0 Ils ont pas d\u00fb \u00eatre d\u00e9\u00e7us du voyage, eux. Mon Dieu. \u00a0 Ou \u00ab\u00a0comment Niqua\u00fbsse cherche \u00e0 augmenter la part de n\u00e9o-m\u00e9tal fran\u00e7ais\u2026","rel":"","context":"Dans &quot;Space mots-keys&quot;","block_context":{"text":"Space mots-keys","link":"https:\/\/www.wallendorff.com\/belogue\/category\/space-mots-keys\/"},"img":{"alt_text":"","src":"","width":0,"height":0},"classes":[]},{"id":3584,"url":"https:\/\/www.wallendorff.com\/belogue\/2008\/11\/17\/space-mots-keys-27\/","url_meta":{"origin":1126,"position":3},"title":"Space mots-keys #27.","author":"dpc","date":"17 novembre 2008","format":false,"excerpt":"ize proude tou pr\u00e9sente Dites donc plus \u00e7a va et plus cette rubrique s'essoufle, je vais finir par la laisser tomber. La courte-liste\u00a0: En voil\u00e0 un qui n'a pas d\u00fb se sentir tr\u00e8s aid\u00e9 par le r\u00e9sultat sur lequel il est tomb\u00e9. \u00a0 Dans mes souvenirs c'\u00e9tait plut\u00f4t Agnan. \u00a0\u2026","rel":"","context":"Dans &quot;Space mots-keys&quot;","block_context":{"text":"Space mots-keys","link":"https:\/\/www.wallendorff.com\/belogue\/category\/space-mots-keys\/"},"img":{"alt_text":"","src":"","width":0,"height":0},"classes":[]},{"id":1075,"url":"https:\/\/www.wallendorff.com\/belogue\/2007\/11\/08\/space-mot-keys-14\/","url_meta":{"origin":1126,"position":4},"title":"Space mot-keys #14.","author":"dpc","date":"8 novembre 2007","format":false,"excerpt":"ize proude tou pr\u00e9sente Curieux. Alors que ce site a battu en octobre son record historique de connexions [merci d'ailleurs pour les 4\u00a0650\u00a0000 milli\u00e8mes de visites enregistr\u00e9es le mois dernier, on organisera une grande f\u00eate \u00e0 Bastille pour No\u00ebl avec distribution de boudin blanc \u00e0 l'oignon], les mots-cl\u00e9s du mois\u2026","rel":"","context":"Dans &quot;Space mots-keys&quot;","block_context":{"text":"Space mots-keys","link":"https:\/\/www.wallendorff.com\/belogue\/category\/space-mots-keys\/"},"img":{"alt_text":"","src":"","width":0,"height":0},"classes":[]},{"id":947,"url":"https:\/\/www.wallendorff.com\/belogue\/2007\/05\/09\/space-mot-keys-8\/","url_meta":{"origin":1126,"position":5},"title":"Space mot-keys #8.","author":"dpc","date":"9 mai 2007","format":false,"excerpt":"ize proude tou pr\u00e9sente Le choc\u00a0: Bataille of the Belges \u00a012 \u00a0\u00a0\u00a01 Les sondages le confirment, laisser sa brayette ouverte devant le Point \u00c9ph\u00e9m\u00e8re tout entier fait fuir ses cyber-fans. Didier Wampas est pr\u00e9venu. La courteliste\u00a0: Allez, allez, allez [pas besoin de me prier]. \u00a0 Merci, merci. Ton ch\u00e8que part\u2026","rel":"","context":"Dans &quot;Space mots-keys&quot;","block_context":{"text":"Space mots-keys","link":"https:\/\/www.wallendorff.com\/belogue\/category\/space-mots-keys\/"},"img":{"alt_text":"","src":"","width":0,"height":0},"classes":[]}],"_links":{"self":[{"href":"https:\/\/www.wallendorff.com\/belogue\/wp-json\/wp\/v2\/posts\/1126","targetHints":{"allow":["GET"]}}],"collection":[{"href":"https:\/\/www.wallendorff.com\/belogue\/wp-json\/wp\/v2\/posts"}],"about":[{"href":"https:\/\/www.wallendorff.com\/belogue\/wp-json\/wp\/v2\/types\/post"}],"author":[{"embeddable":true,"href":"https:\/\/www.wallendorff.com\/belogue\/wp-json\/wp\/v2\/users\/1"}],"replies":[{"embeddable":true,"href":"https:\/\/www.wallendorff.com\/belogue\/wp-json\/wp\/v2\/comments?post=1126"}],"version-history":[{"count":3,"href":"https:\/\/www.wallendorff.com\/belogue\/wp-json\/wp\/v2\/posts\/1126\/revisions"}],"predecessor-version":[{"id":22631,"href":"https:\/\/www.wallendorff.com\/belogue\/wp-json\/wp\/v2\/posts\/1126\/revisions\/22631"}],"wp:featuredmedia":[{"embeddable":true,"href":"https:\/\/www.wallendorff.com\/belogue\/wp-json\/wp\/v2\/media\/25052"}],"wp:attachment":[{"href":"https:\/\/www.wallendorff.com\/belogue\/wp-json\/wp\/v2\/media?parent=1126"}],"wp:term":[{"taxonomy":"category","embeddable":true,"href":"https:\/\/www.wallendorff.com\/belogue\/wp-json\/wp\/v2\/categories?post=1126"},{"taxonomy":"post_tag","embeddable":true,"href":"https:\/\/www.wallendorff.com\/belogue\/wp-json\/wp\/v2\/tags?post=1126"}],"curies":[{"name":"wp","href":"https:\/\/api.w.org\/{rel}","templated":true}]}}