{"id":11257,"date":"2011-01-07T10:38:02","date_gmt":"2011-01-07T09:38:02","guid":{"rendered":"http:\/\/www.po-l.com\/belogue\/?p=11257"},"modified":"2012-01-09T12:17:42","modified_gmt":"2012-01-09T10:17:42","slug":"lennui-au-musee-2","status":"publish","type":"post","link":"https:\/\/www.wallendorff.com\/belogue\/2011\/01\/07\/lennui-au-musee-2\/","title":{"rendered":"L&rsquo;ennui au mus\u00e9e 2."},"content":{"rendered":"\n<div id=\"photo\">\n<p><img decoding=\"async\" src=\"https:\/\/www.wallendorff.com\/belogue\/photo\/2011\/01\/20110107.jpg\" \/><br \/>\nCentre Pompidou-Metz, Metz, 8 novembre 2010.<\/p>\n<\/p><\/div>\n<div id=\"bandeson\">\n<p><img decoding=\"async\" src=\"https:\/\/www.wallendorff.com\/belogue\/photo\/pochettes\/w\/woodsman-rare_forms.jpg\" align=\"left\" \/><a href=\"http:\/\/woodsmanman.tumblr.com\/\">Woodsman<\/a> &ndash; <em>Insects<\/em><\/p>\n<\/p><\/div>\n","protected":false},"excerpt":{"rendered":"<p>Centre Pompidou-Metz, Metz, 8 novembre 2010. Woodsman &ndash; Insects<\/p>\n","protected":false},"author":1,"featured_media":26051,"comment_status":"open","ping_status":"open","sticky":false,"template":"","format":"standard","meta":{"_acf_changed":false,"ngg_post_thumbnail":0,"jetpack_post_was_ever_published":false,"_jetpack_newsletter_access":"","_jetpack_dont_email_post_to_subs":false,"_jetpack_newsletter_tier_id":0,"_jetpack_memberships_contains_paywalled_content":false,"_jetpack_memberships_contains_paid_content":false,"footnotes":"","jetpack_publicize_message":"","jetpack_publicize_feature_enabled":true,"jetpack_social_post_already_shared":false,"jetpack_social_options":{"image_generator_settings":{"template":"highway","default_image_id":0,"font":"","enabled":false},"version":2}},"categories":[3],"tags":[2615,10743,417,3914,10238,10307,10120,10589,4593,10175,10173,10480,10174,10232,143,10262,170,10407,3924],"class_list":["post-11257","post","type-post","status-publish","format-standard","has-post-thumbnail","hentry","category-dpc","tag-eos-5d-mark-ii","tag-cathedrale","tag-cathedrale-saint-etienne","tag-centre-pompidou-metz","tag-eglise","tag-fenetre","tag-france","tag-homme","tag-insects","tag-lorraine","tag-metz","tag-miroir","tag-moselle","tag-musee","tag-noir-et-blanc","tag-reflet","tag-sigma-70-300-mm-f4-56-dg-apo-macro","tag-silhouette","tag-woodsman"],"acf":[],"geo":{"latitude":49.1077652,"longitude":6.1800399,"description":"Avenue Andr\u00e9 Malraux, 57000 Metz, France"},"jetpack_publicize_connections":[],"jetpack_featured_media_url":"https:\/\/www.wallendorff.com\/belogue\/wp-content\/uploads\/2015\/04\/201101071.jpg","jetpack_shortlink":"https:\/\/wp.me\/p3b35P-2Vz","jetpack_sharing_enabled":true,"jetpack-related-posts":[{"id":7762,"url":"https:\/\/www.wallendorff.com\/belogue\/2010\/06\/25\/pompidou-by-nuit-1\/","url_meta":{"origin":11257,"position":0},"title":"Pompidou by nuit [1].","author":"dpc","date":"25 juin 2010","format":false,"excerpt":"Centre Pompidou-Metz, Metz, 23 mai. Bon c'est vendredi alors soyons fous et r\u00e9it\u00e9rons le coup de la bande-son \u00e0 choix multiple. N'oublie pas de voter pour \u00e9lire ton titre-star et peut-\u00eatre gagner des places vipes pour la prochaine tourn\u00e9e de M. Pokora\u00a0: \u00a0The Black Angels \u2013 18 Years \u00a0Woodsman \u2013\u2026","rel":"","context":"Dans &quot;DPC&quot;","block_context":{"text":"DPC","link":"https:\/\/www.wallendorff.com\/belogue\/category\/dpc\/"},"img":{"alt_text":"","src":"https:\/\/i0.wp.com\/www.wallendorff.com\/belogue\/wp-content\/uploads\/2015\/04\/201006251.jpg?resize=350%2C200&ssl=1","width":350,"height":200},"classes":[]},{"id":11329,"url":"https:\/\/www.wallendorff.com\/belogue\/2011\/01\/10\/la-loupe\/","url_meta":{"origin":11257,"position":1},"title":"La loupe.","author":"dpc","date":"10 janvier 2011","format":false,"excerpt":"Centre Pompidou-Metz, Metz, 8 novembre 2010. Et plus tu t'\u00e9loignes et plus la cath\u00e9drale devient \u00e9norme au point de vouloir te manger [ou un truc comme \u00e7a]. Je sais pas comment ils ont fait leur truc, mais c'trop bath. \u00a0Fredrik \u2013 White on White","rel":"","context":"Dans &quot;DPC&quot;","block_context":{"text":"DPC","link":"https:\/\/www.wallendorff.com\/belogue\/category\/dpc\/"},"img":{"alt_text":"","src":"https:\/\/i0.wp.com\/www.wallendorff.com\/belogue\/wp-content\/uploads\/2015\/04\/201101101.jpg?resize=350%2C200&ssl=1","width":350,"height":200},"classes":[]},{"id":11254,"url":"https:\/\/www.wallendorff.com\/belogue\/2011\/01\/06\/lennui-au-musee\/","url_meta":{"origin":11257,"position":2},"title":"L&rsquo;ennui au mus\u00e9e.","author":"dpc","date":"6 janvier 2011","format":false,"excerpt":"Centre Pompidou-Metz, Metz, 8 novembre 2010. The High Wire \u2013 Odds & Evens","rel":"","context":"Dans &quot;DPC&quot;","block_context":{"text":"DPC","link":"https:\/\/www.wallendorff.com\/belogue\/category\/dpc\/"},"img":{"alt_text":"","src":"https:\/\/i0.wp.com\/www.wallendorff.com\/belogue\/wp-content\/uploads\/2015\/04\/201101061.jpg?resize=350%2C200&ssl=1","width":350,"height":200},"classes":[]},{"id":17942,"url":"https:\/\/www.wallendorff.com\/belogue\/2012\/06\/27\/en-voit-durcie-molle\/","url_meta":{"origin":11257,"position":3},"title":"En voit durcie molle.","author":"dpc","date":"27 juin 2012","format":false,"excerpt":"Centre Pompidou-Metz, Metz, 13 mai. The Hives \u2013 Come on!","rel":"","context":"Dans &quot;DPC&quot;","block_context":{"text":"DPC","link":"https:\/\/www.wallendorff.com\/belogue\/category\/dpc\/"},"img":{"alt_text":"","src":"https:\/\/i0.wp.com\/www.wallendorff.com\/belogue\/wp-content\/uploads\/2015\/04\/201206271.jpg?resize=350%2C200&ssl=1","width":350,"height":200},"classes":[]},{"id":22429,"url":"https:\/\/www.wallendorff.com\/belogue\/2014\/01\/21\/solives-me-alone\/","url_meta":{"origin":11257,"position":4},"title":"Solives me alone.","author":"dpc","date":"21 janvier 2014","format":false,"excerpt":"Centre Pompidou-Metz, Metz, 27 d\u00e9cembre 2013. Cocaine FIDLAR","rel":"","context":"Dans &quot;DPC&quot;","block_context":{"text":"DPC","link":"https:\/\/www.wallendorff.com\/belogue\/category\/dpc\/"},"img":{"alt_text":"","src":"https:\/\/i0.wp.com\/www.wallendorff.com\/belogue\/wp-content\/uploads\/2015\/04\/201401211.jpg?resize=350%2C200&ssl=1","width":350,"height":200,"srcset":"https:\/\/i0.wp.com\/www.wallendorff.com\/belogue\/wp-content\/uploads\/2015\/04\/201401211.jpg?resize=350%2C200&ssl=1 1x, https:\/\/i0.wp.com\/www.wallendorff.com\/belogue\/wp-content\/uploads\/2015\/04\/201401211.jpg?resize=525%2C300&ssl=1 1.5x"},"classes":[]},{"id":17956,"url":"https:\/\/www.wallendorff.com\/belogue\/2012\/06\/28\/las-grand-tas-triste-chauffe\/","url_meta":{"origin":11257,"position":5},"title":"Las grand tas triste chauffe.","author":"dpc","date":"28 juin 2012","format":false,"excerpt":"Centre Pompidou-Metz, Metz, 13 mai. Crocodiles \u2013 Sunday (Psychic Conversation #9)","rel":"","context":"Dans &quot;DPC&quot;","block_context":{"text":"DPC","link":"https:\/\/www.wallendorff.com\/belogue\/category\/dpc\/"},"img":{"alt_text":"","src":"https:\/\/i0.wp.com\/www.wallendorff.com\/belogue\/wp-content\/uploads\/2015\/04\/201206281.jpg?resize=350%2C200&ssl=1","width":350,"height":200,"srcset":"https:\/\/i0.wp.com\/www.wallendorff.com\/belogue\/wp-content\/uploads\/2015\/04\/201206281.jpg?resize=350%2C200&ssl=1 1x, https:\/\/i0.wp.com\/www.wallendorff.com\/belogue\/wp-content\/uploads\/2015\/04\/201206281.jpg?resize=525%2C300&ssl=1 1.5x, https:\/\/i0.wp.com\/www.wallendorff.com\/belogue\/wp-content\/uploads\/2015\/04\/201206281.jpg?resize=700%2C400&ssl=1 2x"},"classes":[]}],"_links":{"self":[{"href":"https:\/\/www.wallendorff.com\/belogue\/wp-json\/wp\/v2\/posts\/11257","targetHints":{"allow":["GET"]}}],"collection":[{"href":"https:\/\/www.wallendorff.com\/belogue\/wp-json\/wp\/v2\/posts"}],"about":[{"href":"https:\/\/www.wallendorff.com\/belogue\/wp-json\/wp\/v2\/types\/post"}],"author":[{"embeddable":true,"href":"https:\/\/www.wallendorff.com\/belogue\/wp-json\/wp\/v2\/users\/1"}],"replies":[{"embeddable":true,"href":"https:\/\/www.wallendorff.com\/belogue\/wp-json\/wp\/v2\/comments?post=11257"}],"version-history":[{"count":1,"href":"https:\/\/www.wallendorff.com\/belogue\/wp-json\/wp\/v2\/posts\/11257\/revisions"}],"predecessor-version":[{"id":15271,"href":"https:\/\/www.wallendorff.com\/belogue\/wp-json\/wp\/v2\/posts\/11257\/revisions\/15271"}],"wp:featuredmedia":[{"embeddable":true,"href":"https:\/\/www.wallendorff.com\/belogue\/wp-json\/wp\/v2\/media\/26051"}],"wp:attachment":[{"href":"https:\/\/www.wallendorff.com\/belogue\/wp-json\/wp\/v2\/media?parent=11257"}],"wp:term":[{"taxonomy":"category","embeddable":true,"href":"https:\/\/www.wallendorff.com\/belogue\/wp-json\/wp\/v2\/categories?post=11257"},{"taxonomy":"post_tag","embeddable":true,"href":"https:\/\/www.wallendorff.com\/belogue\/wp-json\/wp\/v2\/tags?post=11257"}],"curies":[{"name":"wp","href":"https:\/\/api.w.org\/{rel}","templated":true}]}}