{"id":11240,"date":"2011-01-05T11:02:53","date_gmt":"2011-01-05T10:02:53","guid":{"rendered":"http:\/\/www.po-l.com\/belogue\/?p=11240"},"modified":"2012-01-05T11:07:01","modified_gmt":"2012-01-05T09:07:01","slug":"rouge-gorge","status":"publish","type":"post","link":"https:\/\/www.wallendorff.com\/belogue\/2011\/01\/05\/rouge-gorge\/","title":{"rendered":"Rouge gorge."},"content":{"rendered":"\n<div id=\"photo\">\n<p><img decoding=\"async\" src=\"https:\/\/www.wallendorff.com\/belogue\/photo\/2011\/01\/20110105.jpg\" \/><br \/>\nCentre Pompidou-Metz, Metz, 8 novembre 2010.<\/p>\n<\/p><\/div>\n<p style=\"text-align:right\">[Je pr&eacute;cise que ce rond noir perdu au milieu du n&eacute;ant d&rsquo;un fond blanc est <a href=\"http:\/\/durgalola.over-blog.org\/article-un-petit-rond-d-olivier-mosset-60310816.html\">une &oelig;uvre d&rsquo;art moderne<\/a>.]<\/p>\n<div id=\"bandeson\">\n<p><img decoding=\"async\" src=\"https:\/\/www.wallendorff.com\/belogue\/photo\/pochettes\/e\/eastern_conference_champions-santa_fe.jpg\" align=\"left\" \/><a href=\"http:\/\/eccmusic.com\/\">Eastern Conference Champions<\/a> &ndash; <em>On Off<\/em><\/p>\n<\/p><\/div>\n","protected":false},"excerpt":{"rendered":"<p>Centre Pompidou-Metz, Metz, 8 novembre 2010. [Je pr&eacute;cise que ce rond noir perdu au milieu du n&eacute;ant d&rsquo;un fond blanc est une &oelig;uvre d&rsquo;art moderne.] Eastern Conference Champions &ndash; On Off<\/p>\n","protected":false},"author":1,"featured_media":26048,"comment_status":"open","ping_status":"open","sticky":false,"template":"","format":"standard","meta":{"_acf_changed":false,"ngg_post_thumbnail":0,"jetpack_post_was_ever_published":false,"_jetpack_newsletter_access":"","_jetpack_dont_email_post_to_subs":false,"_jetpack_newsletter_tier_id":0,"_jetpack_memberships_contains_paywalled_content":false,"_jetpack_memberships_contains_paid_content":false,"footnotes":"","jetpack_publicize_message":"","jetpack_publicize_feature_enabled":true,"jetpack_social_post_already_shared":false,"jetpack_social_options":{"image_generator_settings":{"template":"highway","default_image_id":0,"font":"","enabled":false},"version":2}},"categories":[3],"tags":[2571,2615,3914,10322,4140,10120,10175,10173,10174,10229,10232,4590,4589,770,10705],"class_list":["post-11240","post","type-post","status-publish","format-standard","has-post-thumbnail","hentry","category-dpc","tag-ef-16-35-mm-f28l-ii-usm","tag-eos-5d-mark-ii","tag-centre-pompidou-metz","tag-couloir","tag-eastern-conference-champions","tag-france","tag-lorraine","tag-metz","tag-moselle","tag-mur","tag-musee","tag-olivier-mosset","tag-on-off","tag-rouge","tag-tableau"],"acf":[],"geo":{"latitude":49.1077652,"longitude":6.1800399,"description":"Avenue Andr\u00e9 Malraux, 57000 Metz, France"},"jetpack_publicize_connections":[],"jetpack_featured_media_url":"https:\/\/www.wallendorff.com\/belogue\/wp-content\/uploads\/2015\/04\/201101051.jpg","jetpack_shortlink":"https:\/\/wp.me\/p3b35P-2Vi","jetpack_sharing_enabled":true,"jetpack-related-posts":[{"id":17942,"url":"https:\/\/www.wallendorff.com\/belogue\/2012\/06\/27\/en-voit-durcie-molle\/","url_meta":{"origin":11240,"position":0},"title":"En voit durcie molle.","author":"dpc","date":"27 juin 2012","format":false,"excerpt":"Centre Pompidou-Metz, Metz, 13 mai. The Hives \u2013 Come on!","rel":"","context":"Dans &quot;DPC&quot;","block_context":{"text":"DPC","link":"https:\/\/www.wallendorff.com\/belogue\/category\/dpc\/"},"img":{"alt_text":"","src":"https:\/\/i0.wp.com\/www.wallendorff.com\/belogue\/wp-content\/uploads\/2015\/04\/201206271.jpg?resize=350%2C200&ssl=1","width":350,"height":200},"classes":[]},{"id":7762,"url":"https:\/\/www.wallendorff.com\/belogue\/2010\/06\/25\/pompidou-by-nuit-1\/","url_meta":{"origin":11240,"position":1},"title":"Pompidou by nuit [1].","author":"dpc","date":"25 juin 2010","format":false,"excerpt":"Centre Pompidou-Metz, Metz, 23 mai. Bon c'est vendredi alors soyons fous et r\u00e9it\u00e9rons le coup de la bande-son \u00e0 choix multiple. N'oublie pas de voter pour \u00e9lire ton titre-star et peut-\u00eatre gagner des places vipes pour la prochaine tourn\u00e9e de M. Pokora\u00a0: \u00a0The Black Angels \u2013 18 Years \u00a0Woodsman \u2013\u2026","rel":"","context":"Dans &quot;DPC&quot;","block_context":{"text":"DPC","link":"https:\/\/www.wallendorff.com\/belogue\/category\/dpc\/"},"img":{"alt_text":"","src":"https:\/\/i0.wp.com\/www.wallendorff.com\/belogue\/wp-content\/uploads\/2015\/04\/201006251.jpg?resize=350%2C200&ssl=1","width":350,"height":200},"classes":[]},{"id":17956,"url":"https:\/\/www.wallendorff.com\/belogue\/2012\/06\/28\/las-grand-tas-triste-chauffe\/","url_meta":{"origin":11240,"position":2},"title":"Las grand tas triste chauffe.","author":"dpc","date":"28 juin 2012","format":false,"excerpt":"Centre Pompidou-Metz, Metz, 13 mai. Crocodiles \u2013 Sunday (Psychic Conversation #9)","rel":"","context":"Dans &quot;DPC&quot;","block_context":{"text":"DPC","link":"https:\/\/www.wallendorff.com\/belogue\/category\/dpc\/"},"img":{"alt_text":"","src":"https:\/\/i0.wp.com\/www.wallendorff.com\/belogue\/wp-content\/uploads\/2015\/04\/201206281.jpg?resize=350%2C200&ssl=1","width":350,"height":200,"srcset":"https:\/\/i0.wp.com\/www.wallendorff.com\/belogue\/wp-content\/uploads\/2015\/04\/201206281.jpg?resize=350%2C200&ssl=1 1x, https:\/\/i0.wp.com\/www.wallendorff.com\/belogue\/wp-content\/uploads\/2015\/04\/201206281.jpg?resize=525%2C300&ssl=1 1.5x, https:\/\/i0.wp.com\/www.wallendorff.com\/belogue\/wp-content\/uploads\/2015\/04\/201206281.jpg?resize=700%2C400&ssl=1 2x"},"classes":[]},{"id":11254,"url":"https:\/\/www.wallendorff.com\/belogue\/2011\/01\/06\/lennui-au-musee\/","url_meta":{"origin":11240,"position":3},"title":"L&rsquo;ennui au mus\u00e9e.","author":"dpc","date":"6 janvier 2011","format":false,"excerpt":"Centre Pompidou-Metz, Metz, 8 novembre 2010. The High Wire \u2013 Odds & Evens","rel":"","context":"Dans &quot;DPC&quot;","block_context":{"text":"DPC","link":"https:\/\/www.wallendorff.com\/belogue\/category\/dpc\/"},"img":{"alt_text":"","src":"https:\/\/i0.wp.com\/www.wallendorff.com\/belogue\/wp-content\/uploads\/2015\/04\/201101061.jpg?resize=350%2C200&ssl=1","width":350,"height":200},"classes":[]},{"id":11192,"url":"https:\/\/www.wallendorff.com\/belogue\/2011\/01\/04\/rendons-a-chaise-art\/","url_meta":{"origin":11240,"position":4},"title":"Rendons \u00e0 chaise art.","author":"dpc","date":"4 janvier 2011","format":false,"excerpt":"Centre Pompidou-Metz, Metz, 8 novembre 2010. [Je pr\u00e9cise que cette chaise pos\u00e9e au milieu d'un mur blanc n'est pas une \u0153uvre d'art moderne.] Sleigh Bells \u2013 Tell 'em","rel":"","context":"Dans &quot;DPC&quot;","block_context":{"text":"DPC","link":"https:\/\/www.wallendorff.com\/belogue\/category\/dpc\/"},"img":{"alt_text":"","src":"https:\/\/i0.wp.com\/www.wallendorff.com\/belogue\/wp-content\/uploads\/2015\/04\/201101041.jpg?resize=350%2C200&ssl=1","width":350,"height":200},"classes":[]},{"id":18117,"url":"https:\/\/www.wallendorff.com\/belogue\/2012\/07\/09\/poutres-a-part-hantent\/","url_meta":{"origin":11240,"position":5},"title":"Poutres \u00e0 part hantent.","author":"dpc","date":"9 juillet 2012","format":false,"excerpt":"Centre Pompidou-Metz, Metz, 13 mai. Mark Foster & A-Trak & Kimbra \u2013 Warrior","rel":"","context":"Dans &quot;DPC&quot;","block_context":{"text":"DPC","link":"https:\/\/www.wallendorff.com\/belogue\/category\/dpc\/"},"img":{"alt_text":"","src":"https:\/\/i0.wp.com\/www.wallendorff.com\/belogue\/wp-content\/uploads\/2015\/04\/201207091.jpg?resize=350%2C200&ssl=1","width":350,"height":200,"srcset":"https:\/\/i0.wp.com\/www.wallendorff.com\/belogue\/wp-content\/uploads\/2015\/04\/201207091.jpg?resize=350%2C200&ssl=1 1x, https:\/\/i0.wp.com\/www.wallendorff.com\/belogue\/wp-content\/uploads\/2015\/04\/201207091.jpg?resize=525%2C300&ssl=1 1.5x, https:\/\/i0.wp.com\/www.wallendorff.com\/belogue\/wp-content\/uploads\/2015\/04\/201207091.jpg?resize=700%2C400&ssl=1 2x"},"classes":[]}],"_links":{"self":[{"href":"https:\/\/www.wallendorff.com\/belogue\/wp-json\/wp\/v2\/posts\/11240","targetHints":{"allow":["GET"]}}],"collection":[{"href":"https:\/\/www.wallendorff.com\/belogue\/wp-json\/wp\/v2\/posts"}],"about":[{"href":"https:\/\/www.wallendorff.com\/belogue\/wp-json\/wp\/v2\/types\/post"}],"author":[{"embeddable":true,"href":"https:\/\/www.wallendorff.com\/belogue\/wp-json\/wp\/v2\/users\/1"}],"replies":[{"embeddable":true,"href":"https:\/\/www.wallendorff.com\/belogue\/wp-json\/wp\/v2\/comments?post=11240"}],"version-history":[{"count":1,"href":"https:\/\/www.wallendorff.com\/belogue\/wp-json\/wp\/v2\/posts\/11240\/revisions"}],"predecessor-version":[{"id":15197,"href":"https:\/\/www.wallendorff.com\/belogue\/wp-json\/wp\/v2\/posts\/11240\/revisions\/15197"}],"wp:featuredmedia":[{"embeddable":true,"href":"https:\/\/www.wallendorff.com\/belogue\/wp-json\/wp\/v2\/media\/26048"}],"wp:attachment":[{"href":"https:\/\/www.wallendorff.com\/belogue\/wp-json\/wp\/v2\/media?parent=11240"}],"wp:term":[{"taxonomy":"category","embeddable":true,"href":"https:\/\/www.wallendorff.com\/belogue\/wp-json\/wp\/v2\/categories?post=11240"},{"taxonomy":"post_tag","embeddable":true,"href":"https:\/\/www.wallendorff.com\/belogue\/wp-json\/wp\/v2\/tags?post=11240"}],"curies":[{"name":"wp","href":"https:\/\/api.w.org\/{rel}","templated":true}]}}