{"id":1121,"date":"2007-12-28T11:36:42","date_gmt":"2007-12-28T11:36:42","guid":{"rendered":"http:\/\/www.po-l.com\/wordpress\/?p=1121"},"modified":"2018-05-23T08:20:18","modified_gmt":"2018-05-23T06:20:18","slug":"2007en-3","status":"publish","type":"post","link":"https:\/\/www.wallendorff.com\/belogue\/2007\/12\/28\/2007en-3\/","title":{"rendered":"2007 en&#8230; #3."},"content":{"rendered":"<div id=\"photo\">\n<p><img decoding=\"async\" src=\"https:\/\/www.wallendorff.com\/belogue\/photo\/2007\/12\/20071228.jpg\"><\/p>\n<\/div>\n<table class=\"center\" style=\"text-align:center;border:none\">\n<tr style=\"border:none\">\n<td style=\"border:none\"><img decoding=\"async\" src=\"https:\/\/www.wallendorff.com\/belogue\/photo\/2007\/12\/partenaires\/bata.gif\" \/><\/td>\n<td style=\"border:none\"><img decoding=\"async\" src=\"https:\/\/www.wallendorff.com\/belogue\/photo\/2007\/12\/partenaires\/damart.gif\" \/><\/td>\n<td style=\"border:none\"><img decoding=\"async\" src=\"https:\/\/www.wallendorff.com\/belogue\/photo\/2007\/12\/partenaires\/duplo.gif\" \/><\/td>\n<\/tr>\n<\/table>\n<p style=\"text-align:center\"><strong>pr&eacute;sentent<\/strong><\/p>\n<h1 class=\"titre\">2007 en 10 concerts live en public qui meutrirent m&eacute;chant je te dis pas comment<\/h1>\n<div id=\"photo\"><img decoding=\"async\" src=\"https:\/\/www.wallendorff.com\/belogue\/photo\/2007\/12\/20071228.jpg\" \/><\/div>\n<p>\u00c9tait-ce l&rsquo;atmosph&egrave;re du 3<sup>e<\/sup> soir d&rsquo;un festival pass&eacute; entre les gouttes, pliant finalement sous la menace de l&rsquo;orage qui grondait, ou plut\u00f4t l&rsquo;excitation palpable dans la troupe de photographes mass&eacute;e devant la grille de la fosse au pied de la grande sc&egrave;ne<sup>1<\/sup>&nbsp;? Pr&eacute;parant une derni&egrave;re fois leurs bo&icirc;tiers, flottant dans une ambiance de dernier cours avant les vacances, alors que retombait la fatigue de trois jours de galopades incessantes entre sc&egrave;nes et de trois nuits raccourcies par les veilles tardives devant le PC, le troupeau &eacute;tait f&eacute;brile. La foule elle-m&ecirc;me, derri&egrave;re nous, semblait nerveuse, pr&ecirc;te &agrave; jeter ses derni&egrave;res forces dans l&rsquo;ultime bataille. L&rsquo;entr&eacute;e en sc&egrave;ne d&rsquo;Arcade Fire, sonnant le r&eacute;veil des troupes, vit &eacute;galement, &agrave; cet instant pr&eacute;cis des premi&egrave;res notes de Win Butler sur sa mandoline, le vent se lever comme pour grossir le trait du drame de la situation. Les id&eacute;es pas tr&egrave;s claires, distrait par le <em>Keep the Car Running<\/em> venteux qui se jouait au-dessus de moi ainsi que par les caprices de mon bo&icirc;tier tout neuf subitement en gr&egrave;ve, pas aid&eacute; par les n&eacute;ons verticaux jalonnant la sc&egrave;ne, je pondrai une s&eacute;rie assez pourrie. C&rsquo;est la vie. On ne peut pas toujours tout avoir.<\/p>\n<p>Le vent qui se levait se changea vite en temp&ecirc;te. Coup de chance, la pluie attendit le 4<sup>e<\/sup> titre pour surgir, alors que le fotoapparat &eacute;tait d&eacute;j&agrave; dans le sac. je passai l&rsquo;heure suivante le nez coll&eacute; derri&egrave;re une grille, d\u00e9goulinant de m\u00e8ches tremp\u00e9es, \u00e0 les regarder prendre une envergure impressionnante, U2 en devenir, aspirants-Coldplay, rattrapant ce <a href=\"https:\/\/www.wallendorff.com\/belogue\/2007\/03\/21\/arcade-fire-l-olympia-paris\/\">second Olympia manqu&eacute; en mars<\/a> et sublimant leurs titres devant 30&nbsp;000 personnes noy&eacute;es mais heureuses. <em>Ha&iuml;ti<\/em> chaloup&eacute;, <em>Intervention<\/em> grandiloquent, le set atteignit son apog&eacute;e sur un encha&icirc;nement <em>Neighbourhood #3 (Power Out)<\/em> \/ <em>Rebellions (Lies)<\/em> rutilant dans le d&eacute;luge, foutant la foule &agrave; genoux, lib&eacute;rant les fourmis de mes jambes. Le rappel, je le suivis de loin. On &eacute;tait &agrave; la bourre de 10 minutes, d&eacute;j&agrave;, et il fallait choper la navette qui redescendait sur Belfort. 15 minutes d&rsquo;exode sous le d&eacute;luge, &agrave; porter mon sac et celui de Marion, dont les petites jambes suivaient difficilement les miennes. Au loin dans la plaine, r&eacute;sonnaient encore les coups d&rsquo;un <em>Wake Up<\/em> dantesque concluant<sup>2<\/sup> un concert qui, par son ambiance, sa temp&ecirc;te et cet esp&egrave;ce de dr&ocirc;le de sentiment m&ecirc;l&eacute; de travail bien fait et d&rsquo;adieux pour un an aux sandwiches &agrave; la raclette, reste le souvenir live le plus marquant de cette ann&eacute;e, plus que la f&ecirc;te garage du Z&eacute;nith des Stripes en juin, plus m&ecirc;me que l&rsquo;heure pass&eacute;e dans l&rsquo;intimit&eacute; d&rsquo;une PJ Harvey toute en mousseline chez Canal + en septembre. C&rsquo;est pas peu dire.<\/p>\n<ol>\n<ol>\n<ol>\n<ol>\n<li><strong> <a href=\"https:\/\/www.wallendorff.com\/belogue\/2007\/07\/09\/be-eurocks-en-2007-day-3\">Arcade Fire @ les Eurock&eacute;ennes, Belfort, 1<sup>er<\/sup> juillet<\/a><\/strong><\/li>\n<li><a href=\"https:\/\/www.wallendorff.com\/belogue\/2007\/06\/12\/the-white-stripes-le-zenith-paris\">The White Stripes @ le Z&eacute;nith, Paris, 11 juin<\/a><\/li>\n<li>PJ Harvey @ Canal +, Paris, 11 septembre<\/li>\n<li><a href=\"https:\/\/www.wallendorff.com\/belogue\/2007\/11\/21\/black-rebel-motorcycle-club-l-lyse-montmartre-paris\">Black Rebel Motorcycle Club @ l&rsquo;&Eacute;lys&eacute;e-Montmartre, Paris, 20 novembre<\/a><\/li>\n<li><a href=\"https:\/\/www.wallendorff.com\/belogue\/2007\/07\/05\/be-eurocks-en-2007-day-2\">I&rsquo;m From Barcelona @ les Eurock&eacute;ennes, Belfort, 30 juin<\/a><\/li>\n<li><a href=\"https:\/\/www.wallendorff.com\/belogue\/2007\/10\/19\/the-wombats-le-bateau-qui-flotte-liverpool\">The Wombats @ Royal Daffodil, Liverpool, 18 octobre<\/a><\/li>\n<li><a href=\"https:\/\/www.wallendorff.com\/belogue\/2007\/06\/25\/up-to-11\">Muse @ Parc des Princes, Paris, 23 juin<\/a><\/li>\n<li><a href=\"https:\/\/www.wallendorff.com\/belogue\/2007\/11\/12\/editors-la-cigale-paris\">Editors @ la Cigale, Paris, 11 novembre<\/a><\/li>\n<li><a href=\"https:\/\/www.wallendorff.com\/belogue\/2007\/03\/20\/damien-rice-le-grand-rex-paris\">Damien Rice @ le Grand Rex, Paris, 19 mars<\/a><\/li>\n<li><a href=\"https:\/\/www.wallendorff.com\/belogue\/2007\/02\/08\/the-datsuns-la-maroquinerie-paris\">The Datsuns @ la Maroquinerie, Paris, 7 f&eacute;vrier<\/a><\/li>\n<\/ol>\n<\/ol>\n<\/ol>\n<\/ol>\n<div id=\"bandeson\">\n<p><img decoding=\"async\" src=\"https:\/\/www.wallendorff.com\/belogue\/photo\/pochettes\/blank.jpg\" align=\"left\" \/>&nbsp;<a href=\"http:\/\/www.arcadefire.com\" target=\"_blank\">Arcade Fire<\/a> &ndash; <em>No Cars Go<\/em> (live les Eurock&eacute;ennes, Belfort, 1<sup>er<\/sup> juillet 2007)<\/p>\n<\/div>\n<div id=\"bas_note\">\n<p>_____<\/p>\n<p><sup>1<\/sup> Note pour plus tard&nbsp;: penser &agrave; faire une note sur les cocasses aventures qu&rsquo;engendre un passe photo aux Eurock&eacute;ennes.<\/p>\n<p><sup>2<\/sup> Pour des raisons qui ne regardent que lui, l&rsquo;auteur a d&eacute;lib&eacute;r&eacute;ment omis d&rsquo;&eacute;voquer le <em>Black Mirror<\/em> qui acheva le show.<\/p>\n<\/div>\n<p style=\"text-align:center\"><img decoding=\"async\" src=\"https:\/\/www.wallendorff.com\/belogue\/photo\/2005\/12\/archives.gif\" \/><\/p>\n<p style=\"text-align:center\"><strong>avec<\/strong><\/p>\n<table class=\"center\" style=\"text-align:center;border:none\">\n<tr style=\"border:none\">\n<td style=\"border:none\"><img decoding=\"async\" src=\"https:\/\/www.wallendorff.com\/belogue\/photo\/2007\/12\/partenaires\/gibaud.gif\" \/><\/td>\n<td style=\"border:none\"><img decoding=\"async\" src=\"https:\/\/www.wallendorff.com\/belogue\/photo\/2007\/12\/partenaires\/migros.gif\" \/><\/td>\n<\/tr>\n<\/table>\n<h1>2006 en 5 concerts vache de la folie qui d&eacute;fonc&egrave;rent tout, waw<\/h1>\n<ol>\n<ol>\n<ol>\n<ol>\n<li><strong><a href=\"https:\/\/www.wallendorff.com\/belogue\/12\/15\/muse-pop-bercy-paris\" target=\"_blank\">Muse @ POP Bercy, Paris, 14 d&eacute;cembre<\/a><\/strong><\/li>\n<li><a href=\"https:\/\/www.wallendorff.com\/belogue\/08\/29\/the-raconteurs-rock-en-seine-paris-25-aout\" target=\"_blank\">The Raconteurs @ Rock en Seine, Paris, 25 ao&ucirc;t<\/a><\/li>\n<li><a href=\"https:\/\/www.wallendorff.com\/belogue\/08\/27\/radiohead-rock-en-seine-paris\" target=\"_blank\">Radiohead @ Rock en Seine, Paris, 26 ao&ucirc;t<\/a><\/li>\n<li> Pearl Jam @ POP Bercy, Paris, 11 septembre<\/li>\n<li><a href=\"https:\/\/www.wallendorff.com\/belogue\/05\/31\/the-secret-machines-la-maroquinerie-paris\" target=\"_blank\">Secret Machines + Living Things @ la Maroquinerie, Paris, 30 mai<\/a><\/li>\n<\/ol>\n<\/ol>\n<\/ol>\n<\/ol>\n<h1>1997 en 5 riens du tout <\/h1>\n<ol>\n<ol>\n<ol>\n<ol>\n<li>Rien du tout.<\/li>\n<\/ol>\n<\/ol>\n<\/ol>\n<\/ol>\n","protected":false},"excerpt":{"rendered":"<p>pr&eacute;sentent 2007 en 10 concerts live en public qui meutrirent m&eacute;chant je te dis pas comment \u00c9tait-ce l&rsquo;atmosph&egrave;re du 3e soir d&rsquo;un festival pass&eacute; entre les gouttes, pliant finalement sous la menace de l&rsquo;orage qui grondait, ou plut\u00f4t l&rsquo;excitation palpable dans la troupe de photographes mass&eacute;e devant la grille de la fosse au pied de&hellip;<\/p>\n","protected":false},"author":1,"featured_media":25047,"comment_status":"open","ping_status":"open","sticky":false,"template":"","format":"standard","meta":{"_acf_changed":false,"ngg_post_thumbnail":0,"jetpack_post_was_ever_published":false,"_jetpack_newsletter_access":"","_jetpack_dont_email_post_to_subs":false,"_jetpack_newsletter_tier_id":0,"_jetpack_memberships_contains_paywalled_content":false,"_jetpack_memberships_contains_paid_content":false,"footnotes":"","jetpack_publicize_message":"","jetpack_publicize_feature_enabled":true,"jetpack_social_post_already_shared":false,"jetpack_social_options":{"image_generator_settings":{"template":"highway","default_image_id":0,"font":"","enabled":false},"version":2}},"categories":[3],"tags":[10134,10084,10263,10110,10118,181,187,167,168,10157,10337,10109,3349,10136,10120,10296,10431,1613,10090,1920,10165,10180,128,587,10295,632,1493,10097,10458],"class_list":["post-1121","post","type-post","status-publish","format-standard","has-post-thumbnail","hentry","category-dpc","tag-10134","tag-alive","tag-arcade-fire","tag-belfort","tag-black-rebel-motorcycle-club","tag-ef-70-200-mm-f28l-usm","tag-eos-1d-mark-ii","tag-classements-de-fin-dannee","tag-concerts","tag-damien-rice","tag-editors","tag-eurockeennes","tag-eurockeennes-2007","tag-festival","tag-france","tag-franche-comte","tag-im-from-barcelona","tag-living-things","tag-muse","tag-no-cars-go","tag-pearl-jam","tag-pj-harvey","tag-radiohead","tag-secret-machines","tag-territoire-de-belfort","tag-the-datsuns","tag-the-raconteurs","tag-the-white-stripes","tag-the-wombats"],"acf":[],"geo":{"latitude":47.6872864,"longitude":6.8067813,"description":null},"jetpack_publicize_connections":[],"jetpack_featured_media_url":"https:\/\/www.wallendorff.com\/belogue\/wp-content\/uploads\/2015\/04\/200712281.jpg","jetpack_shortlink":"https:\/\/wp.me\/p3b35P-i5","jetpack_sharing_enabled":true,"jetpack-related-posts":[{"id":125131,"url":"https:\/\/www.wallendorff.com\/belogue\/2023\/07\/03\/les-eurockeennes-2023-belfort-jour-4\/","url_meta":{"origin":1121,"position":0},"title":"Les Eurock\u00e9ennes 2023, Belfort, jour 4.","author":"dpc","date":"3 juillet 2023","format":false,"excerpt":"1 sc\u00e8ne + 3 groupes dont 1 t\u00eate d'affiche qui limite les photographes et qui bloque l'acc\u00e8s au front de sc\u00e8ne = une maigre galerie. Chef and the Gang @ les Eurock\u00e9ennes, Belfort, 02\/07\/2023 Les Eurock\u00e9ennes, Belfort, 02\/07\/2023 Chef and the Gang @ les Eurock\u00e9ennes, Belfort, 02\/07\/2023 Les Eurock\u00e9ennes, Belfort,\u2026","rel":"","context":"Dans &quot;Alive&quot;","block_context":{"text":"Alive","link":"https:\/\/www.wallendorff.com\/belogue\/category\/alive\/"},"img":{"alt_text":"","src":"https:\/\/i0.wp.com\/www.wallendorff.com\/belogue\/wp-content\/uploads\/2023\/07\/20230703-07.jpg?resize=350%2C200&ssl=1","width":350,"height":200,"srcset":"https:\/\/i0.wp.com\/www.wallendorff.com\/belogue\/wp-content\/uploads\/2023\/07\/20230703-07.jpg?resize=350%2C200&ssl=1 1x, https:\/\/i0.wp.com\/www.wallendorff.com\/belogue\/wp-content\/uploads\/2023\/07\/20230703-07.jpg?resize=525%2C300&ssl=1 1.5x, https:\/\/i0.wp.com\/www.wallendorff.com\/belogue\/wp-content\/uploads\/2023\/07\/20230703-07.jpg?resize=700%2C400&ssl=1 2x, https:\/\/i0.wp.com\/www.wallendorff.com\/belogue\/wp-content\/uploads\/2023\/07\/20230703-07.jpg?resize=1050%2C600&ssl=1 3x"},"classes":[]},{"id":124968,"url":"https:\/\/www.wallendorff.com\/belogue\/2023\/07\/01\/les-eurockeennes-2023-belfort-jour-2\/","url_meta":{"origin":1121,"position":1},"title":"Les Eurock\u00e9ennes 2023, Belfort, jour 2.","author":"dpc","date":"1 juillet 2023","format":false,"excerpt":"Les Eurock\u00e9ennes, Belfort, 30\/06\/2023 Les Eurock\u00e9ennes, Belfort, 30\/06\/2023 Les Eurock\u00e9ennes, Belfort, 30\/06\/2023 Yard Act @ les Eurock\u00e9ennes, Belfort, 30\/06\/2023 Yard Act @ les Eurock\u00e9ennes, Belfort, 30\/06\/2023 Yard Act @ les Eurock\u00e9ennes, Belfort, 30\/06\/2023 Les Eurock\u00e9ennes, Belfort, 30\/06\/2023 Yard Act @ les Eurock\u00e9ennes, Belfort, 30\/06\/2023 Yard Act @ les Eurock\u00e9ennes, Belfort,\u2026","rel":"","context":"Dans &quot;Alive&quot;","block_context":{"text":"Alive","link":"https:\/\/www.wallendorff.com\/belogue\/category\/alive\/"},"img":{"alt_text":"","src":"https:\/\/i0.wp.com\/www.wallendorff.com\/belogue\/wp-content\/uploads\/2023\/07\/20230701-74.jpg?resize=350%2C200&ssl=1","width":350,"height":200,"srcset":"https:\/\/i0.wp.com\/www.wallendorff.com\/belogue\/wp-content\/uploads\/2023\/07\/20230701-74.jpg?resize=350%2C200&ssl=1 1x, https:\/\/i0.wp.com\/www.wallendorff.com\/belogue\/wp-content\/uploads\/2023\/07\/20230701-74.jpg?resize=525%2C300&ssl=1 1.5x, https:\/\/i0.wp.com\/www.wallendorff.com\/belogue\/wp-content\/uploads\/2023\/07\/20230701-74.jpg?resize=700%2C400&ssl=1 2x, https:\/\/i0.wp.com\/www.wallendorff.com\/belogue\/wp-content\/uploads\/2023\/07\/20230701-74.jpg?resize=1050%2C600&ssl=1 3x"},"classes":[]},{"id":132705,"url":"https:\/\/www.wallendorff.com\/belogue\/2025\/07\/07\/les-eurockeennes-2025-belfort-jour-4\/","url_meta":{"origin":1121,"position":2},"title":"Les Eurock\u00e9ennes 2025, Belfort, jour 4.","author":"dpc","date":"7 juillet 2025","format":false,"excerpt":"Les Eurock\u00e9ennes, Belfort, 06\/07\/2024 Molotovs @ les Eurock\u00e9ennes, Belfort, 06\/07\/2025 Molotovs @ les Eurock\u00e9ennes, Belfort, 06\/07\/2025 Molotovs @ les Eurock\u00e9ennes, Belfort, 06\/07\/2025 Molotovs @ les Eurock\u00e9ennes, Belfort, 06\/07\/2025 Molotovs @ les Eurock\u00e9ennes, Belfort, 06\/07\/2025 Molotovs @ les Eurock\u00e9ennes, Belfort, 06\/07\/2025 Molotovs @ les Eurock\u00e9ennes, Belfort, 06\/07\/2025 Molotovs @ les Eurock\u00e9ennes,\u2026","rel":"","context":"Dans &quot;Alive&quot;","block_context":{"text":"Alive","link":"https:\/\/www.wallendorff.com\/belogue\/category\/alive\/"},"img":{"alt_text":"","src":"https:\/\/i0.wp.com\/www.wallendorff.com\/belogue\/wp-content\/uploads\/2025\/07\/20250707-08.jpg?resize=350%2C200&ssl=1","width":350,"height":200,"srcset":"https:\/\/i0.wp.com\/www.wallendorff.com\/belogue\/wp-content\/uploads\/2025\/07\/20250707-08.jpg?resize=350%2C200&ssl=1 1x, https:\/\/i0.wp.com\/www.wallendorff.com\/belogue\/wp-content\/uploads\/2025\/07\/20250707-08.jpg?resize=525%2C300&ssl=1 1.5x, https:\/\/i0.wp.com\/www.wallendorff.com\/belogue\/wp-content\/uploads\/2025\/07\/20250707-08.jpg?resize=700%2C400&ssl=1 2x, https:\/\/i0.wp.com\/www.wallendorff.com\/belogue\/wp-content\/uploads\/2025\/07\/20250707-08.jpg?resize=1050%2C600&ssl=1 3x"},"classes":[]},{"id":124880,"url":"https:\/\/www.wallendorff.com\/belogue\/2023\/06\/30\/les-eurockeennes-2023-belfort-jour-1\/","url_meta":{"origin":1121,"position":3},"title":"Les Eurock\u00e9ennes 2023, Belfort, jour 1.","author":"dpc","date":"30 juin 2023","format":false,"excerpt":"Ad\u00e9 @ les Eurock\u00e9ennes, Belfort, 29\/06\/2023 Les Eurock\u00e9ennes, Belfort, 29\/06\/2023 Ad\u00e9 @ les Eurock\u00e9ennes, Belfort, 29\/06\/2023 Ad\u00e9 @ les Eurock\u00e9ennes, Belfort, 29\/06\/2023 Ad\u00e9 @ les Eurock\u00e9ennes, Belfort, 29\/06\/2023 Ad\u00e9 @ les Eurock\u00e9ennes, Belfort, 29\/06\/2023 Ad\u00e9 @ les Eurock\u00e9ennes, Belfort, 29\/06\/2023 Les Eurock\u00e9ennes, Belfort, 29\/06\/2023 Les Eurock\u00e9ennes, Belfort, 29\/06\/2023 Les Eurock\u00e9ennes,\u2026","rel":"","context":"Dans &quot;Alive&quot;","block_context":{"text":"Alive","link":"https:\/\/www.wallendorff.com\/belogue\/category\/alive\/"},"img":{"alt_text":"","src":"https:\/\/i0.wp.com\/www.wallendorff.com\/belogue\/wp-content\/uploads\/2023\/06\/20230630-50.jpg?resize=350%2C200&ssl=1","width":350,"height":200,"srcset":"https:\/\/i0.wp.com\/www.wallendorff.com\/belogue\/wp-content\/uploads\/2023\/06\/20230630-50.jpg?resize=350%2C200&ssl=1 1x, https:\/\/i0.wp.com\/www.wallendorff.com\/belogue\/wp-content\/uploads\/2023\/06\/20230630-50.jpg?resize=525%2C300&ssl=1 1.5x, https:\/\/i0.wp.com\/www.wallendorff.com\/belogue\/wp-content\/uploads\/2023\/06\/20230630-50.jpg?resize=700%2C400&ssl=1 2x, https:\/\/i0.wp.com\/www.wallendorff.com\/belogue\/wp-content\/uploads\/2023\/06\/20230630-50.jpg?resize=1050%2C600&ssl=1 3x"},"classes":[]},{"id":125054,"url":"https:\/\/www.wallendorff.com\/belogue\/2023\/07\/02\/les-eurockeennes-2023-belfort-jour-3\/","url_meta":{"origin":1121,"position":4},"title":"Les Eurock\u00e9ennes 2023, Belfort, jour 3.","author":"dpc","date":"2 juillet 2023","format":false,"excerpt":"Larkin Poe @ les Eurock\u00e9ennes, Belfort, 01\/07\/2023 Larkin Poe @ les Eurock\u00e9ennes, Belfort, 01\/07\/2023 Larkin Poe @ les Eurock\u00e9ennes, Belfort, 01\/07\/2023 Les Eurock\u00e9ennes, Belfort, 01\/07\/2023 Larkin Poe @ les Eurock\u00e9ennes, Belfort, 01\/07\/2023 Les Eurock\u00e9ennes, Belfort, 01\/07\/2023 Larkin Poe @ les Eurock\u00e9ennes, Belfort, 01\/07\/2023 Larkin Poe @ les Eurock\u00e9ennes, Belfort, 01\/07\/2023\u2026","rel":"","context":"Dans &quot;Alive&quot;","block_context":{"text":"Alive","link":"https:\/\/www.wallendorff.com\/belogue\/category\/alive\/"},"img":{"alt_text":"","src":"https:\/\/i0.wp.com\/www.wallendorff.com\/belogue\/wp-content\/uploads\/2023\/07\/20230702-56.jpg?resize=350%2C200&ssl=1","width":350,"height":200,"srcset":"https:\/\/i0.wp.com\/www.wallendorff.com\/belogue\/wp-content\/uploads\/2023\/07\/20230702-56.jpg?resize=350%2C200&ssl=1 1x, https:\/\/i0.wp.com\/www.wallendorff.com\/belogue\/wp-content\/uploads\/2023\/07\/20230702-56.jpg?resize=525%2C300&ssl=1 1.5x, https:\/\/i0.wp.com\/www.wallendorff.com\/belogue\/wp-content\/uploads\/2023\/07\/20230702-56.jpg?resize=700%2C400&ssl=1 2x, https:\/\/i0.wp.com\/www.wallendorff.com\/belogue\/wp-content\/uploads\/2023\/07\/20230702-56.jpg?resize=1050%2C600&ssl=1 3x"},"classes":[]},{"id":128953,"url":"https:\/\/www.wallendorff.com\/belogue\/2024\/07\/05\/les-eurockeennes-2024-belfort-jour-1\/","url_meta":{"origin":1121,"position":5},"title":"Les Eurock\u00e9ennes 2024, Belfort, jour 1.","author":"dpc","date":"5 juillet 2024","format":false,"excerpt":"Les Eurock\u00e9ennes, Belfort, 04\/07\/2024 Oumou Sangar\u00e9 @ les Eurock\u00e9ennes, Belfort, 04\/07\/2024 Les Eurock\u00e9ennes, Belfort, 04\/07\/2024 Oumou Sangar\u00e9 @ les Eurock\u00e9ennes, Belfort, 04\/07\/2024 Les Eurock\u00e9ennes, Belfort, 04\/07\/2024 Oumou Sangar\u00e9 @ les Eurock\u00e9ennes, Belfort, 04\/07\/2024 Les Eurock\u00e9ennes, Belfort, 04\/07\/2024 Oumou Sangar\u00e9 @ les Eurock\u00e9ennes, Belfort, 04\/07\/2024 Oumou Sangar\u00e9 @ les Eurock\u00e9ennes, Belfort,\u2026","rel":"","context":"Dans &quot;Alive&quot;","block_context":{"text":"Alive","link":"https:\/\/www.wallendorff.com\/belogue\/category\/alive\/"},"img":{"alt_text":"","src":"https:\/\/i0.wp.com\/www.wallendorff.com\/belogue\/wp-content\/uploads\/2024\/07\/20240705-32.jpg?resize=350%2C200&ssl=1","width":350,"height":200,"srcset":"https:\/\/i0.wp.com\/www.wallendorff.com\/belogue\/wp-content\/uploads\/2024\/07\/20240705-32.jpg?resize=350%2C200&ssl=1 1x, https:\/\/i0.wp.com\/www.wallendorff.com\/belogue\/wp-content\/uploads\/2024\/07\/20240705-32.jpg?resize=525%2C300&ssl=1 1.5x, https:\/\/i0.wp.com\/www.wallendorff.com\/belogue\/wp-content\/uploads\/2024\/07\/20240705-32.jpg?resize=700%2C400&ssl=1 2x, https:\/\/i0.wp.com\/www.wallendorff.com\/belogue\/wp-content\/uploads\/2024\/07\/20240705-32.jpg?resize=1050%2C600&ssl=1 3x"},"classes":[]}],"_links":{"self":[{"href":"https:\/\/www.wallendorff.com\/belogue\/wp-json\/wp\/v2\/posts\/1121","targetHints":{"allow":["GET"]}}],"collection":[{"href":"https:\/\/www.wallendorff.com\/belogue\/wp-json\/wp\/v2\/posts"}],"about":[{"href":"https:\/\/www.wallendorff.com\/belogue\/wp-json\/wp\/v2\/types\/post"}],"author":[{"embeddable":true,"href":"https:\/\/www.wallendorff.com\/belogue\/wp-json\/wp\/v2\/users\/1"}],"replies":[{"embeddable":true,"href":"https:\/\/www.wallendorff.com\/belogue\/wp-json\/wp\/v2\/comments?post=1121"}],"version-history":[{"count":7,"href":"https:\/\/www.wallendorff.com\/belogue\/wp-json\/wp\/v2\/posts\/1121\/revisions"}],"predecessor-version":[{"id":33258,"href":"https:\/\/www.wallendorff.com\/belogue\/wp-json\/wp\/v2\/posts\/1121\/revisions\/33258"}],"wp:featuredmedia":[{"embeddable":true,"href":"https:\/\/www.wallendorff.com\/belogue\/wp-json\/wp\/v2\/media\/25047"}],"wp:attachment":[{"href":"https:\/\/www.wallendorff.com\/belogue\/wp-json\/wp\/v2\/media?parent=1121"}],"wp:term":[{"taxonomy":"category","embeddable":true,"href":"https:\/\/www.wallendorff.com\/belogue\/wp-json\/wp\/v2\/categories?post=1121"},{"taxonomy":"post_tag","embeddable":true,"href":"https:\/\/www.wallendorff.com\/belogue\/wp-json\/wp\/v2\/tags?post=1121"}],"curies":[{"name":"wp","href":"https:\/\/api.w.org\/{rel}","templated":true}]}}