{"id":11141,"date":"2010-12-24T10:27:41","date_gmt":"2010-12-24T09:27:41","guid":{"rendered":"http:\/\/www.po-l.com\/belogue\/?p=11141"},"modified":"2012-05-04T11:15:11","modified_gmt":"2012-05-04T09:15:11","slug":"planche-saison","status":"publish","type":"post","link":"https:\/\/www.wallendorff.com\/belogue\/2010\/12\/24\/planche-saison\/","title":{"rendered":"Planche saison."},"content":{"rendered":"\n<div id=\"photo\">\n<p><img decoding=\"async\" src=\"https:\/\/www.wallendorff.com\/belogue\/photo\/2010\/12\/20101224.jpg\" \/><br \/>\nKersigu&eacute;nou, 1<sup>er<\/sup> novembre.<\/p>\n<\/p><\/div>\n<p style=\"text-align:right\">[J&rsquo;avoue que cette photo est super typique de No&euml;l.]<\/p>\n<div id=\"bandeson\">\n<p><img decoding=\"async\" src=\"https:\/\/www.wallendorff.com\/belogue\/photo\/pochettes\/e\/empire_of_the_sun-walking_on_a_dream.jpg\" align=\"left\" \/><a href=\"http:\/\/www.walkingonadream.com\/\">Empire of the Sun<\/a> &ndash; <em>We Are the People<\/em><\/p>\n<\/p><\/div>\n","protected":false},"excerpt":{"rendered":"<p>Kersigu&eacute;nou, 1er novembre. [J&rsquo;avoue que cette photo est super typique de No&euml;l.] Empire of the Sun &ndash; We Are the People<\/p>\n","protected":false},"author":1,"featured_media":26037,"comment_status":"open","ping_status":"open","sticky":false,"template":"","format":"standard","meta":{"_acf_changed":false,"ngg_post_thumbnail":0,"jetpack_post_was_ever_published":false,"_jetpack_newsletter_access":"","_jetpack_dont_email_post_to_subs":false,"_jetpack_newsletter_tier_id":0,"_jetpack_memberships_contains_paywalled_content":false,"_jetpack_memberships_contains_paid_content":false,"footnotes":"","jetpack_publicize_message":"","jetpack_publicize_feature_enabled":true,"jetpack_social_post_already_shared":false,"jetpack_social_options":{"image_generator_settings":{"template":"highway","default_image_id":0,"font":"","enabled":false},"version":2}},"categories":[3],"tags":[10791,2615,10246,11022,10326,4576,4157,10120,10589,4573,793,10714,10262,170,10407,10324,4574,4575,4577],"class_list":["post-11141","post","type-post","status-publish","format-standard","has-post-thumbnail","hentry","category-dpc","tag-bretagne","tag-eos-5d-mark-ii","tag-contre-jour","tag-coucher-de-soleil","tag-crepuscule","tag-empire-of-the-sun","tag-finistere","tag-france","tag-homme","tag-kersiguenou","tag-orange","tag-plage","tag-reflet","tag-sigma-70-300-mm-f4-56-dg-apo-macro","tag-silhouette","tag-soleil","tag-surf","tag-surfeur","tag-we-are-the-people"],"acf":[],"geo":{"latitude":48.2560234,"longitude":-4.557395,"description":"Route de Camaret, 29160 Crozon, France"},"jetpack_publicize_connections":[],"jetpack_featured_media_url":"https:\/\/www.wallendorff.com\/belogue\/wp-content\/uploads\/2015\/04\/201012241.jpg","jetpack_shortlink":"https:\/\/wp.me\/p3b35P-2TH","jetpack_sharing_enabled":true,"jetpack-related-posts":[{"id":27134,"url":"https:\/\/www.wallendorff.com\/belogue\/2015\/04\/30\/en-haut-iii\/","url_meta":{"origin":11141,"position":0},"title":"En haut [III].","author":"dpc","date":"30 avril 2015","format":false,"excerpt":"Top of the Rock, New York, 11 mars. Je ne sais pas si c'est \u00e0 cause du lieu, de leur position ou de la ville en arri\u00e8re-plan, mais quand je les ai vus, tous bien align\u00e9s, j'ai imm\u00e9diatement pens\u00e9 \u00e0 \u00e7a\u00a0: D\u00e9jeuner en haut d'un gratte-ciel, Charles Clyde Ebbets. Mais\u2026","rel":"","context":"Dans &quot;DPC&quot;","block_context":{"text":"DPC","link":"https:\/\/www.wallendorff.com\/belogue\/category\/dpc\/"},"img":{"alt_text":"","src":"https:\/\/i0.wp.com\/www.wallendorff.com\/belogue\/wp-content\/uploads\/2015\/04\/20150430.jpg?resize=350%2C200&ssl=1","width":350,"height":200,"srcset":"https:\/\/i0.wp.com\/www.wallendorff.com\/belogue\/wp-content\/uploads\/2015\/04\/20150430.jpg?resize=350%2C200&ssl=1 1x, https:\/\/i0.wp.com\/www.wallendorff.com\/belogue\/wp-content\/uploads\/2015\/04\/20150430.jpg?resize=525%2C300&ssl=1 1.5x, https:\/\/i0.wp.com\/www.wallendorff.com\/belogue\/wp-content\/uploads\/2015\/04\/20150430.jpg?resize=700%2C400&ssl=1 2x"},"classes":[]},{"id":19565,"url":"https:\/\/www.wallendorff.com\/belogue\/2012\/11\/14\/way-into-the-darkness-where-the-sun-is-shining-yellow\/","url_meta":{"origin":11141,"position":1},"title":"Way into the darkness, where the sun is shining yellow.","author":"dpc","date":"14 novembre 2012","format":false,"excerpt":"Stradun, Dubrovnik, 3 ao\u00fbt. \u00a0Crystal Fighters \u2013 Follow (D\/R\/U\/G\/S\/ inner galaxy remix)","rel":"","context":"Dans &quot;DPC&quot;","block_context":{"text":"DPC","link":"https:\/\/www.wallendorff.com\/belogue\/category\/dpc\/"},"img":{"alt_text":"","src":"https:\/\/i0.wp.com\/www.wallendorff.com\/belogue\/wp-content\/uploads\/2015\/04\/201211141.jpg?resize=350%2C200&ssl=1","width":350,"height":200,"srcset":"https:\/\/i0.wp.com\/www.wallendorff.com\/belogue\/wp-content\/uploads\/2015\/04\/201211141.jpg?resize=350%2C200&ssl=1 1x, https:\/\/i0.wp.com\/www.wallendorff.com\/belogue\/wp-content\/uploads\/2015\/04\/201211141.jpg?resize=525%2C300&ssl=1 1.5x, https:\/\/i0.wp.com\/www.wallendorff.com\/belogue\/wp-content\/uploads\/2015\/04\/201211141.jpg?resize=700%2C400&ssl=1 2x"},"classes":[]},{"id":20794,"url":"https:\/\/www.wallendorff.com\/belogue\/2013\/04\/23\/saints-a-lair\/","url_meta":{"origin":11141,"position":2},"title":"Les saints \u00e0 l&rsquo;air.","author":"dpc","date":"23 avril 2013","format":false,"excerpt":"Basilique Saint-Pierre, Vatican, 10 f\u00e9vrier. Reah Out for the SunZeno","rel":"","context":"Dans &quot;DPC&quot;","block_context":{"text":"DPC","link":"https:\/\/www.wallendorff.com\/belogue\/category\/dpc\/"},"img":{"alt_text":"","src":"https:\/\/i0.wp.com\/www.wallendorff.com\/belogue\/wp-content\/uploads\/2015\/04\/201304231.jpg?resize=350%2C200&ssl=1","width":350,"height":200,"srcset":"https:\/\/i0.wp.com\/www.wallendorff.com\/belogue\/wp-content\/uploads\/2015\/04\/201304231.jpg?resize=350%2C200&ssl=1 1x, https:\/\/i0.wp.com\/www.wallendorff.com\/belogue\/wp-content\/uploads\/2015\/04\/201304231.jpg?resize=525%2C300&ssl=1 1.5x, https:\/\/i0.wp.com\/www.wallendorff.com\/belogue\/wp-content\/uploads\/2015\/04\/201304231.jpg?resize=700%2C400&ssl=1 2x"},"classes":[]},{"id":32725,"url":"https:\/\/www.wallendorff.com\/belogue\/2016\/10\/21\/empire-of-the-sun-lolympia-paris\/","url_meta":{"origin":11141,"position":3},"title":"Empire of the Sun @ l&rsquo;Olympia, Paris.","author":"dpc","date":"21 octobre 2016","format":false,"excerpt":"","rel":"","context":"Dans &quot;Alive&quot;","block_context":{"text":"Alive","link":"https:\/\/www.wallendorff.com\/belogue\/category\/alive\/"},"img":{"alt_text":"","src":"https:\/\/i0.wp.com\/www.wallendorff.com\/belogue\/wp-content\/uploads\/2016\/10\/20161021-15-1.jpg?resize=350%2C200&ssl=1","width":350,"height":200,"srcset":"https:\/\/i0.wp.com\/www.wallendorff.com\/belogue\/wp-content\/uploads\/2016\/10\/20161021-15-1.jpg?resize=350%2C200&ssl=1 1x, https:\/\/i0.wp.com\/www.wallendorff.com\/belogue\/wp-content\/uploads\/2016\/10\/20161021-15-1.jpg?resize=525%2C300&ssl=1 1.5x, https:\/\/i0.wp.com\/www.wallendorff.com\/belogue\/wp-content\/uploads\/2016\/10\/20161021-15-1.jpg?resize=700%2C400&ssl=1 2x"},"classes":[]},{"id":134263,"url":"https:\/\/www.wallendorff.com\/belogue\/2025\/10\/31\/octobre-2025\/","url_meta":{"origin":11141,"position":4},"title":"Octobre 2025.","author":"dpc","date":"31 octobre 2025","format":false,"excerpt":"Une valise, un m\u00e9tro, un quai de Seine, un m\u00e9tro, un quai de m\u00e9tro, une voiture, un TER, une gare, un TGV, un matin calme, une grosse p\u00e9niche, un arr\u00eat de bus, une paire de jambes, une lampe, un tableau, une expo, une silhouette, une grosse horloge, un reflet, un\u2026","rel":"","context":"Dans &quot;Blog-note&quot;","block_context":{"text":"Blog-note","link":"https:\/\/www.wallendorff.com\/belogue\/category\/blog-note\/"},"img":{"alt_text":"","src":"https:\/\/i0.wp.com\/www.wallendorff.com\/belogue\/wp-content\/uploads\/2025\/11\/20251103-17.jpg?resize=350%2C200&ssl=1","width":350,"height":200,"srcset":"https:\/\/i0.wp.com\/www.wallendorff.com\/belogue\/wp-content\/uploads\/2025\/11\/20251103-17.jpg?resize=350%2C200&ssl=1 1x, https:\/\/i0.wp.com\/www.wallendorff.com\/belogue\/wp-content\/uploads\/2025\/11\/20251103-17.jpg?resize=525%2C300&ssl=1 1.5x, https:\/\/i0.wp.com\/www.wallendorff.com\/belogue\/wp-content\/uploads\/2025\/11\/20251103-17.jpg?resize=700%2C400&ssl=1 2x, https:\/\/i0.wp.com\/www.wallendorff.com\/belogue\/wp-content\/uploads\/2025\/11\/20251103-17.jpg?resize=1050%2C600&ssl=1 3x"},"classes":[]},{"id":51684,"url":"https:\/\/www.wallendorff.com\/belogue\/2022\/05\/31\/mai-2022\/","url_meta":{"origin":11141,"position":5},"title":"Mai 2022.","author":"dpc","date":"31 mai 2022","format":false,"excerpt":"Un livre, un scrabble, une tour, un ciel, un reflet, un chat pr\u00e9nomm\u00e9 L\u00c2CHE-MOIHEU, un bisou, une vitre, un trottoir, une affiche, un quai de m\u00e9tro, des pieds, une terrasse, une vitrine, un immeuble, une guirlande, une sonnette, une brouette, un chat pr\u00e9nomm\u00e9 Armement-des-Toboggans, un coucher de soleil, un train,\u2026","rel":"","context":"Dans &quot;Blog-note&quot;","block_context":{"text":"Blog-note","link":"https:\/\/www.wallendorff.com\/belogue\/category\/blog-note\/"},"img":{"alt_text":"","src":"https:\/\/i0.wp.com\/www.wallendorff.com\/belogue\/wp-content\/uploads\/2022\/06\/20220617-74.jpg?resize=350%2C200&ssl=1","width":350,"height":200,"srcset":"https:\/\/i0.wp.com\/www.wallendorff.com\/belogue\/wp-content\/uploads\/2022\/06\/20220617-74.jpg?resize=350%2C200&ssl=1 1x, https:\/\/i0.wp.com\/www.wallendorff.com\/belogue\/wp-content\/uploads\/2022\/06\/20220617-74.jpg?resize=525%2C300&ssl=1 1.5x, https:\/\/i0.wp.com\/www.wallendorff.com\/belogue\/wp-content\/uploads\/2022\/06\/20220617-74.jpg?resize=700%2C400&ssl=1 2x, https:\/\/i0.wp.com\/www.wallendorff.com\/belogue\/wp-content\/uploads\/2022\/06\/20220617-74.jpg?resize=1050%2C600&ssl=1 3x"},"classes":[]}],"_links":{"self":[{"href":"https:\/\/www.wallendorff.com\/belogue\/wp-json\/wp\/v2\/posts\/11141","targetHints":{"allow":["GET"]}}],"collection":[{"href":"https:\/\/www.wallendorff.com\/belogue\/wp-json\/wp\/v2\/posts"}],"about":[{"href":"https:\/\/www.wallendorff.com\/belogue\/wp-json\/wp\/v2\/types\/post"}],"author":[{"embeddable":true,"href":"https:\/\/www.wallendorff.com\/belogue\/wp-json\/wp\/v2\/users\/1"}],"replies":[{"embeddable":true,"href":"https:\/\/www.wallendorff.com\/belogue\/wp-json\/wp\/v2\/comments?post=11141"}],"version-history":[{"count":1,"href":"https:\/\/www.wallendorff.com\/belogue\/wp-json\/wp\/v2\/posts\/11141\/revisions"}],"predecessor-version":[{"id":17187,"href":"https:\/\/www.wallendorff.com\/belogue\/wp-json\/wp\/v2\/posts\/11141\/revisions\/17187"}],"wp:featuredmedia":[{"embeddable":true,"href":"https:\/\/www.wallendorff.com\/belogue\/wp-json\/wp\/v2\/media\/26037"}],"wp:attachment":[{"href":"https:\/\/www.wallendorff.com\/belogue\/wp-json\/wp\/v2\/media?parent=11141"}],"wp:term":[{"taxonomy":"category","embeddable":true,"href":"https:\/\/www.wallendorff.com\/belogue\/wp-json\/wp\/v2\/categories?post=11141"},{"taxonomy":"post_tag","embeddable":true,"href":"https:\/\/www.wallendorff.com\/belogue\/wp-json\/wp\/v2\/tags?post=11141"}],"curies":[{"name":"wp","href":"https:\/\/api.w.org\/{rel}","templated":true}]}}