{"id":1114,"date":"2007-12-21T11:32:26","date_gmt":"2007-12-21T11:32:26","guid":{"rendered":"http:\/\/www.po-l.com\/wordpress\/?p=1114"},"modified":"2014-04-15T11:23:42","modified_gmt":"2014-04-15T09:23:42","slug":"a-ras","status":"publish","type":"post","link":"https:\/\/www.wallendorff.com\/belogue\/2007\/12\/21\/a-ras\/","title":{"rendered":"\u00c7a R\u00c0S."},"content":{"rendered":"<div id=\"photo\">\n<p><img decoding=\"async\" src=\"https:\/\/www.wallendorff.com\/belogue\/photo\/2007\/12\/20071221.jpg\" \/><br \/>\n   Belleville, Paris, 17 novembre.<\/p>\n<\/div>\n<p style=\"text-align:right\">J&rsquo;ai 10 heures pour vous dire que les vendredi &agrave; la maison c&rsquo;est de la dynamique.<\/p>\n<div id=\"bandeson\">\n<p><img decoding=\"async\" src=\"https:\/\/www.wallendorff.com\/belogue\/photo\/pochettes\/blank.jpg\" align=\"left\" \/>&nbsp;<a href=\"http:\/\/www.remhq.com\/\" target=\"_blank\">REM<\/a> &ndash; <em>It&rsquo;s the End of the World As We Know It (And I Feel Fine)<\/em> (Black session)<\/p>\n<\/p><\/div>\n","protected":false},"excerpt":{"rendered":"<p>Belleville, Paris, 17 novembre. J&rsquo;ai 10 heures pour vous dire que les vendredi &agrave; la maison c&rsquo;est de la dynamique. &nbsp;REM &ndash; It&rsquo;s the End of the World As We Know It (And I Feel Fine) (Black session)<\/p>\n","protected":false},"author":1,"featured_media":25043,"comment_status":"open","ping_status":"open","sticky":false,"template":"","format":"standard","meta":{"_acf_changed":false,"ngg_post_thumbnail":0,"jetpack_post_was_ever_published":false,"_jetpack_newsletter_access":"","_jetpack_dont_email_post_to_subs":false,"_jetpack_newsletter_tier_id":0,"_jetpack_memberships_contains_paywalled_content":false,"_jetpack_memberships_contains_paid_content":false,"footnotes":"","jetpack_publicize_message":"","jetpack_publicize_feature_enabled":true,"jetpack_social_post_already_shared":false,"jetpack_social_options":{"image_generator_settings":{"template":"highway","default_image_id":0,"font":"","enabled":false},"version":2}},"categories":[3],"tags":[10216,132,10144,10326,10120,10121,2517,10470,10098,4783,8175,173,10851,10236],"class_list":["post-1114","post","type-post","status-publish","format-standard","has-post-thumbnail","hentry","category-dpc","tag-10216","tag-eos-20d","tag-ciel","tag-crepuscule","tag-france","tag-ile-de-france","tag-its-the-end-of-the-world-as-we-know-it-and-i-feel-fin","tag-parc-de-belleville","tag-paris","tag-r-e-m","tag-rue-piat","tag-sigma-28-70-mm-f28-dg-ex","tag-tour","tag-tour-eiffel"],"acf":[],"geo":{"latitude":48.8715668,"longitude":2.3853421,"description":"Paris 19, \u00cele-de-France, 75019, FR"},"jetpack_publicize_connections":[],"jetpack_featured_media_url":"https:\/\/www.wallendorff.com\/belogue\/wp-content\/uploads\/2015\/04\/200712211.jpg","jetpack_shortlink":"https:\/\/wp.me\/p3b35P-hY","jetpack_sharing_enabled":true,"jetpack-related-posts":[{"id":22712,"url":"https:\/\/www.wallendorff.com\/belogue\/2014\/04\/15\/pis-a-prismes-36\/","url_meta":{"origin":1114,"position":0},"title":"Pis \u00e0 prismes #36.","author":"dpc","date":"15 avril 2014","format":false,"excerpt":"Parc de Belleville, Paris, 16 mars. Pour compl\u00e9ter le num\u00e9ro 35. Walkabout Augustines","rel":"","context":"Dans &quot;Pis \u00e0 prismes&quot;","block_context":{"text":"Pis \u00e0 prismes","link":"https:\/\/www.wallendorff.com\/belogue\/category\/pis-a-prismes\/"},"img":{"alt_text":"","src":"https:\/\/i0.wp.com\/www.wallendorff.com\/belogue\/wp-content\/uploads\/2015\/04\/201404151.jpg?resize=350%2C200&ssl=1","width":350,"height":200,"srcset":"https:\/\/i0.wp.com\/www.wallendorff.com\/belogue\/wp-content\/uploads\/2015\/04\/201404151.jpg?resize=350%2C200&ssl=1 1x, https:\/\/i0.wp.com\/www.wallendorff.com\/belogue\/wp-content\/uploads\/2015\/04\/201404151.jpg?resize=525%2C300&ssl=1 1.5x, https:\/\/i0.wp.com\/www.wallendorff.com\/belogue\/wp-content\/uploads\/2015\/04\/201404151.jpg?resize=700%2C400&ssl=1 2x"},"classes":[]},{"id":22070,"url":"https:\/\/www.wallendorff.com\/belogue\/2013\/11\/26\/pis-a-prismes-35\/","url_meta":{"origin":1114,"position":1},"title":"Pis \u00e0 prismes #35.","author":"dpc","date":"26 novembre 2013","format":false,"excerpt":"Parc de Belleville, Paris, 4 octobre. Monter aux Cascades, passer dans un vernissage en coup de vent et chercher \u00e0 d\u00eener aux Envierges. En arrivant en haut du parc de Belleville, trouver la tour Eiffel devant un trou, la regarder quelques minutes et aller se faire un pr\u00e9-anniversaire dans le\u2026","rel":"","context":"Dans &quot;Pis \u00e0 prismes&quot;","block_context":{"text":"Pis \u00e0 prismes","link":"https:\/\/www.wallendorff.com\/belogue\/category\/pis-a-prismes\/"},"img":{"alt_text":"","src":"https:\/\/i0.wp.com\/www.wallendorff.com\/belogue\/wp-content\/uploads\/2015\/04\/201311261.jpg?resize=350%2C200&ssl=1","width":350,"height":200,"srcset":"https:\/\/i0.wp.com\/www.wallendorff.com\/belogue\/wp-content\/uploads\/2015\/04\/201311261.jpg?resize=350%2C200&ssl=1 1x, https:\/\/i0.wp.com\/www.wallendorff.com\/belogue\/wp-content\/uploads\/2015\/04\/201311261.jpg?resize=525%2C300&ssl=1 1.5x, https:\/\/i0.wp.com\/www.wallendorff.com\/belogue\/wp-content\/uploads\/2015\/04\/201311261.jpg?resize=700%2C400&ssl=1 2x"},"classes":[]},{"id":131919,"url":"https:\/\/www.wallendorff.com\/belogue\/2025\/02\/28\/fevrier-2025\/","url_meta":{"origin":1114,"position":2},"title":"F\u00e9vrier 2025.","author":"dpc","date":"28 f\u00e9vrier 2025","format":false,"excerpt":"Un rayon de soleil, un bout de plante, un canap\u00e9, un rayon de soleil, un appartement, un escalier, un m\u00e9tro, un coup de phares, un chat pr\u00e9nomm\u00e9 Plume, une voiture, une p\u00e9niche, une route, un feu de bois, une rotonde ferroviaire, un wagon, des locomotives, des outils, des chiens pr\u00e9nomm\u00e9s\u2026","rel":"","context":"Dans &quot;Blog-note&quot;","block_context":{"text":"Blog-note","link":"https:\/\/www.wallendorff.com\/belogue\/category\/blog-note\/"},"img":{"alt_text":"","src":"https:\/\/i0.wp.com\/www.wallendorff.com\/belogue\/wp-content\/uploads\/2025\/03\/20250323-54.jpg?resize=350%2C200&ssl=1","width":350,"height":200,"srcset":"https:\/\/i0.wp.com\/www.wallendorff.com\/belogue\/wp-content\/uploads\/2025\/03\/20250323-54.jpg?resize=350%2C200&ssl=1 1x, https:\/\/i0.wp.com\/www.wallendorff.com\/belogue\/wp-content\/uploads\/2025\/03\/20250323-54.jpg?resize=525%2C300&ssl=1 1.5x, https:\/\/i0.wp.com\/www.wallendorff.com\/belogue\/wp-content\/uploads\/2025\/03\/20250323-54.jpg?resize=700%2C400&ssl=1 2x, https:\/\/i0.wp.com\/www.wallendorff.com\/belogue\/wp-content\/uploads\/2025\/03\/20250323-54.jpg?resize=1050%2C600&ssl=1 3x"},"classes":[]},{"id":129839,"url":"https:\/\/www.wallendorff.com\/belogue\/2024\/08\/05\/a-paris-a-velo-on-passe-devant-le-mcdo\/","url_meta":{"origin":1114,"position":3},"title":"\u00c0 Paris, \u00e0 v\u00e9lo [on passe devant le McDo].","author":"dpc","date":"5 ao\u00fbt 2024","format":false,"excerpt":"Bien :Je n'avais jamais chout\u00e9 de course v\u00e9locip\u00e9dique. C'\u00e9tait int\u00e9ressant \u00e0 faire.Maintenant je pourrai raconter \u00e0 tout le monde que oui oui j'ai d\u00e9j\u00e0 fait des photos aux jeux olympiques.Pas bien :J'aurais d\u00fb prendre un t\u00e9l\u00e9objectif car il y a bien des choses vues que je n'ai pu attraper.","rel":"","context":"Dans &quot;DPC&quot;","block_context":{"text":"DPC","link":"https:\/\/www.wallendorff.com\/belogue\/category\/dpc\/"},"img":{"alt_text":"","src":"https:\/\/i0.wp.com\/www.wallendorff.com\/belogue\/wp-content\/uploads\/2024\/08\/20240805-05.jpg?resize=350%2C200&ssl=1","width":350,"height":200,"srcset":"https:\/\/i0.wp.com\/www.wallendorff.com\/belogue\/wp-content\/uploads\/2024\/08\/20240805-05.jpg?resize=350%2C200&ssl=1 1x, https:\/\/i0.wp.com\/www.wallendorff.com\/belogue\/wp-content\/uploads\/2024\/08\/20240805-05.jpg?resize=525%2C300&ssl=1 1.5x, https:\/\/i0.wp.com\/www.wallendorff.com\/belogue\/wp-content\/uploads\/2024\/08\/20240805-05.jpg?resize=700%2C400&ssl=1 2x, https:\/\/i0.wp.com\/www.wallendorff.com\/belogue\/wp-content\/uploads\/2024\/08\/20240805-05.jpg?resize=1050%2C600&ssl=1 3x"},"classes":[]},{"id":6860,"url":"https:\/\/www.wallendorff.com\/belogue\/2010\/02\/24\/but-i-cant-move-the-mountains-for-you\/","url_meta":{"origin":1114,"position":4},"title":"But I can&rsquo;t move the mountains for you.","author":"dpc","date":"24 f\u00e9vrier 2010","format":false,"excerpt":"Cimeti\u00e8re de Belleville, Paris, 9 janvier. \u00ab\u00a0Oh, Pierre, tu sais qu'on voit ta maison d'ici\u00a0?\u00a0\u00bb. Et puisqu'il faut savoir innover, aujourd'hui on fera dans la bande-son \u00e0 choix multiple\u00a0: \u00a0Mumford and Sons \u2013 Timshel \u00a0Tom McRae \u2013 Out of the Walls","rel":"","context":"Dans &quot;DPC&quot;","block_context":{"text":"DPC","link":"https:\/\/www.wallendorff.com\/belogue\/category\/dpc\/"},"img":{"alt_text":"","src":"https:\/\/i0.wp.com\/www.wallendorff.com\/belogue\/wp-content\/uploads\/2015\/04\/201002241.jpg?resize=350%2C200&ssl=1","width":350,"height":200,"srcset":"https:\/\/i0.wp.com\/www.wallendorff.com\/belogue\/wp-content\/uploads\/2015\/04\/201002241.jpg?resize=350%2C200&ssl=1 1x, https:\/\/i0.wp.com\/www.wallendorff.com\/belogue\/wp-content\/uploads\/2015\/04\/201002241.jpg?resize=525%2C300&ssl=1 1.5x"},"classes":[]},{"id":283,"url":"https:\/\/www.wallendorff.com\/belogue\/2006\/07\/12\/murs-m-eurent\/","url_meta":{"origin":1114,"position":5},"title":"Murs m&rsquo;eurent.","author":"dpc","date":"12 juillet 2006","format":false,"excerpt":"La Friche de Belleville, Paris, 6 juillet. [N'emp\u00eache que, je sais pas pourquoi, mais \u00e0 chaque fois que j'entends Tom Delonge \u00a0a\u00e9rophager\u00a0 conter ses Aventures avec ses potes Angelots & Chewing-gums, je repense \u00e0 la blague du crapaud \u00e0 grande bouche.] \u00a0Thom Yorke \u2013 And It Rained All Night","rel":"","context":"Dans &quot;DPC&quot;","block_context":{"text":"DPC","link":"https:\/\/www.wallendorff.com\/belogue\/category\/dpc\/"},"img":{"alt_text":"","src":"https:\/\/i0.wp.com\/www.wallendorff.com\/belogue\/wp-content\/uploads\/2015\/04\/200607121.jpg?resize=350%2C200&ssl=1","width":350,"height":200},"classes":[]}],"_links":{"self":[{"href":"https:\/\/www.wallendorff.com\/belogue\/wp-json\/wp\/v2\/posts\/1114","targetHints":{"allow":["GET"]}}],"collection":[{"href":"https:\/\/www.wallendorff.com\/belogue\/wp-json\/wp\/v2\/posts"}],"about":[{"href":"https:\/\/www.wallendorff.com\/belogue\/wp-json\/wp\/v2\/types\/post"}],"author":[{"embeddable":true,"href":"https:\/\/www.wallendorff.com\/belogue\/wp-json\/wp\/v2\/users\/1"}],"replies":[{"embeddable":true,"href":"https:\/\/www.wallendorff.com\/belogue\/wp-json\/wp\/v2\/comments?post=1114"}],"version-history":[{"count":4,"href":"https:\/\/www.wallendorff.com\/belogue\/wp-json\/wp\/v2\/posts\/1114\/revisions"}],"predecessor-version":[{"id":22715,"href":"https:\/\/www.wallendorff.com\/belogue\/wp-json\/wp\/v2\/posts\/1114\/revisions\/22715"}],"wp:featuredmedia":[{"embeddable":true,"href":"https:\/\/www.wallendorff.com\/belogue\/wp-json\/wp\/v2\/media\/25043"}],"wp:attachment":[{"href":"https:\/\/www.wallendorff.com\/belogue\/wp-json\/wp\/v2\/media?parent=1114"}],"wp:term":[{"taxonomy":"category","embeddable":true,"href":"https:\/\/www.wallendorff.com\/belogue\/wp-json\/wp\/v2\/categories?post=1114"},{"taxonomy":"post_tag","embeddable":true,"href":"https:\/\/www.wallendorff.com\/belogue\/wp-json\/wp\/v2\/tags?post=1114"}],"curies":[{"name":"wp","href":"https:\/\/api.w.org\/{rel}","templated":true}]}}