{"id":1112,"date":"2007-12-19T09:36:30","date_gmt":"2007-12-19T09:36:30","guid":{"rendered":"http:\/\/www.po-l.com\/wordpress\/?p=1112"},"modified":"2012-07-20T15:29:20","modified_gmt":"2012-07-20T13:29:20","slug":"spare-l","status":"publish","type":"post","link":"https:\/\/www.wallendorff.com\/belogue\/2007\/12\/19\/spare-l\/","title":{"rendered":"S\u00e9pare l\u00e0."},"content":{"rendered":"<div id=\"photo\">\n<p><img decoding=\"async\" src=\"https:\/\/www.wallendorff.com\/belogue\/photo\/2007\/12\/20071219.jpg\" \/><br \/>Rue des Couronnes, Paris, 17 novembre.<\/p>\n<\/div>\n<p style=\"text-align:right\"><em>Too blind to know your best<br \/>\n Hurrying through the forks without regrets<br \/>\n Different now, every step feels like a mile<br \/>\n All the lights seem to flash and pass you by.<\/em><\/p>\n<div id=\"bandeson\">\n<p><img decoding=\"async\" src=\"https:\/\/www.wallendorff.com\/belogue\/photo\/pochettes\/g\/gonzalez_jose-in_our_nature.jpg\" align=\"left\" \/>&nbsp;<a href=\"http:\/\/www.jose-gonzalez.com\/\">Jos&eacute; Gonz&aacute;lez<\/a> &ndash; <em>Cycling Trivialities<\/em><\/p>\n<\/div>\n","protected":false},"excerpt":{"rendered":"<p>Rue des Couronnes, Paris, 17 novembre. Too blind to know your best Hurrying through the forks without regrets Different now, every step feels like a mile All the lights seem to flash and pass you by. &nbsp;Jos&eacute; Gonz&aacute;lez &ndash; Cycling Trivialities<\/p>\n","protected":false},"author":1,"featured_media":25041,"comment_status":"open","ping_status":"open","sticky":false,"template":"","format":"standard","meta":{"_acf_changed":false,"ngg_post_thumbnail":0,"jetpack_post_was_ever_published":false,"_jetpack_newsletter_access":"","_jetpack_dont_email_post_to_subs":false,"_jetpack_newsletter_tier_id":0,"_jetpack_memberships_contains_paywalled_content":false,"_jetpack_memberships_contains_paid_content":false,"footnotes":"","jetpack_publicize_message":"","jetpack_publicize_feature_enabled":true,"jetpack_social_post_already_shared":false,"jetpack_social_options":{"image_generator_settings":{"template":"highway","default_image_id":0,"font":"","enabled":false},"version":2}},"categories":[3],"tags":[10216,142,132,4211,10210,10120,10121,10448,143,10098,2255],"class_list":["post-1112","post","type-post","status-publish","format-standard","has-post-thumbnail","hentry","category-dpc","tag-10216","tag-ef-s-10-22-mm-f35-45-usm","tag-eos-20d","tag-cycling-trivialities","tag-escalier","tag-france","tag-ile-de-france","tag-jose-gonzalez","tag-noir-et-blanc","tag-paris","tag-rue-des-couronnes"],"acf":[],"geo":{"latitude":48.8710442,"longitude":2.3883998,"description":null},"jetpack_publicize_connections":[],"jetpack_featured_media_url":"https:\/\/www.wallendorff.com\/belogue\/wp-content\/uploads\/2015\/04\/200712191.jpg","jetpack_shortlink":"https:\/\/wp.me\/p3b35P-hW","jetpack_sharing_enabled":true,"jetpack-related-posts":[{"id":1140,"url":"https:\/\/www.wallendorff.com\/belogue\/2008\/01\/16\/cime-et-prendre\/","url_meta":{"origin":1112,"position":0},"title":"\u00c0 cime et prendre.","author":"dpc","date":"16 janvier 2008","format":false,"excerpt":"Rue Jean-Pierre-Timbaud, Paris, 31 d\u00e9cembre 2007. Ou pas. \u00a0Jos\u00e9 Gonz\u00e1lez \u2013 Love Will Tear Us Apart (Joy Division cover)","rel":"","context":"Dans &quot;Guit'Art&quot;","block_context":{"text":"Guit'Art","link":"https:\/\/www.wallendorff.com\/belogue\/category\/guit-art\/"},"img":{"alt_text":"","src":"https:\/\/i0.wp.com\/www.wallendorff.com\/belogue\/wp-content\/uploads\/2015\/04\/200801161.jpg?resize=350%2C200&ssl=1","width":350,"height":200},"classes":[]},{"id":22943,"url":"https:\/\/www.wallendorff.com\/belogue\/2014\/06\/11\/dix-ans-dans-les-escaliers\/","url_meta":{"origin":1112,"position":1},"title":"Dix ans dans les escaliers.","author":"dpc","date":"11 juin 2014","format":false,"excerpt":"10 ans montent, 10 ans qui descendent et beaucoup de spirales. Mont d'charges. Congress Hotel, Chicago, 12 d\u00e9cembre 2004. \u00a0 \u00c7a te va \u00e0 gravir. Toronto, 29 janvier 2005. \u00a0 Dans le m\u00eame palier [tous les yeux]. Prinsengracht, Amsterdam, 13 ao\u00fbt 2007. \u00a0 S\u00e9pare l\u00e0. Rue des Couronnes, Paris, 17\u2026","rel":"","context":"Dans &quot;DPC&quot;","block_context":{"text":"DPC","link":"https:\/\/www.wallendorff.com\/belogue\/category\/dpc\/"},"img":{"alt_text":"","src":"https:\/\/i0.wp.com\/www.wallendorff.com\/belogue\/wp-content\/uploads\/2015\/04\/200903123.jpg?resize=350%2C200&ssl=1","width":350,"height":200,"srcset":"https:\/\/i0.wp.com\/www.wallendorff.com\/belogue\/wp-content\/uploads\/2015\/04\/200903123.jpg?resize=350%2C200&ssl=1 1x, https:\/\/i0.wp.com\/www.wallendorff.com\/belogue\/wp-content\/uploads\/2015\/04\/200903123.jpg?resize=525%2C300&ssl=1 1.5x"},"classes":[]},{"id":20388,"url":"https:\/\/www.wallendorff.com\/belogue\/2013\/02\/05\/what-would-you-say-if-you-had-to-leave-today\/","url_meta":{"origin":1112,"position":2},"title":"What would you say, if you had to leave today.","author":"dpc","date":"5 f\u00e9vrier 2013","format":false,"excerpt":"Faidherbe - Chaligny, Paris, 28 d\u00e9cembre 2012. Line of Fire Junip","rel":"","context":"Dans &quot;DPC&quot;","block_context":{"text":"DPC","link":"https:\/\/www.wallendorff.com\/belogue\/category\/dpc\/"},"img":{"alt_text":"","src":"https:\/\/i0.wp.com\/www.wallendorff.com\/belogue\/wp-content\/uploads\/2015\/04\/20130205.jpg?resize=350%2C200&ssl=1","width":350,"height":200,"srcset":"https:\/\/i0.wp.com\/www.wallendorff.com\/belogue\/wp-content\/uploads\/2015\/04\/20130205.jpg?resize=350%2C200&ssl=1 1x, https:\/\/i0.wp.com\/www.wallendorff.com\/belogue\/wp-content\/uploads\/2015\/04\/20130205.jpg?resize=525%2C300&ssl=1 1.5x, https:\/\/i0.wp.com\/www.wallendorff.com\/belogue\/wp-content\/uploads\/2015\/04\/20130205.jpg?resize=700%2C400&ssl=1 2x"},"classes":[]},{"id":29920,"url":"https:\/\/www.wallendorff.com\/belogue\/2016\/01\/05\/ruelle-no-1208\/","url_meta":{"origin":1112,"position":3},"title":"Ruelle no 1&nbsp;208.","author":"dpc","date":"5 janvier 2016","format":false,"excerpt":"Palais du Louvre, Paris, 7 septembre 2015. Small Town Boy (Bronski Beat cover) Jos\u00e9 Gonz\u00e1lez","rel":"","context":"Dans &quot;DPC&quot;","block_context":{"text":"DPC","link":"https:\/\/www.wallendorff.com\/belogue\/category\/dpc\/"},"img":{"alt_text":"","src":"https:\/\/i0.wp.com\/www.wallendorff.com\/belogue\/wp-content\/uploads\/2016\/01\/20160105.jpg?resize=350%2C200&ssl=1","width":350,"height":200,"srcset":"https:\/\/i0.wp.com\/www.wallendorff.com\/belogue\/wp-content\/uploads\/2016\/01\/20160105.jpg?resize=350%2C200&ssl=1 1x, https:\/\/i0.wp.com\/www.wallendorff.com\/belogue\/wp-content\/uploads\/2016\/01\/20160105.jpg?resize=525%2C300&ssl=1 1.5x"},"classes":[]},{"id":132374,"url":"https:\/\/www.wallendorff.com\/belogue\/2025\/06\/01\/lenjouement\/","url_meta":{"origin":1112,"position":4},"title":"L&rsquo;enjouement.","author":"dpc","date":"1 juin 2025","format":false,"excerpt":"Paris, 31 mai 2025.","rel":"","context":"Dans &quot;DPC&quot;","block_context":{"text":"DPC","link":"https:\/\/www.wallendorff.com\/belogue\/category\/dpc\/"},"img":{"alt_text":"","src":"https:\/\/i0.wp.com\/www.wallendorff.com\/belogue\/wp-content\/uploads\/2025\/06\/20250601-26.jpg?resize=350%2C200&ssl=1","width":350,"height":200,"srcset":"https:\/\/i0.wp.com\/www.wallendorff.com\/belogue\/wp-content\/uploads\/2025\/06\/20250601-26.jpg?resize=350%2C200&ssl=1 1x, https:\/\/i0.wp.com\/www.wallendorff.com\/belogue\/wp-content\/uploads\/2025\/06\/20250601-26.jpg?resize=525%2C300&ssl=1 1.5x, https:\/\/i0.wp.com\/www.wallendorff.com\/belogue\/wp-content\/uploads\/2025\/06\/20250601-26.jpg?resize=700%2C400&ssl=1 2x, https:\/\/i0.wp.com\/www.wallendorff.com\/belogue\/wp-content\/uploads\/2025\/06\/20250601-26.jpg?resize=1050%2C600&ssl=1 3x"},"classes":[]},{"id":1170,"url":"https:\/\/www.wallendorff.com\/belogue\/2008\/02\/25\/jos-gonzlez-la-cigale-paris\/","url_meta":{"origin":1112,"position":5},"title":"Jos\u00e9 Gonz\u00e1lez @ la Cigale, Paris.","author":"dpc","date":"25 f\u00e9vrier 2008","format":false,"excerpt":"Derri\u00e8re la premi\u00e8re partie prometteuse \u2013\u00a0mais g\u00e2ch\u00e9e par un son de basse pourri\u00a0\u2013 de Caribou, Jos\u00e9 Gonz\u00e1lez s\u2019approprie la Cigale enti\u00e8re d\u00e8s que le rideau rouge du th\u00e9\u00e2tre s\u2019ouvre sur lui. Assis au milieu de la sc\u00e8ne comme Ben Harper l\u2019aurait fait, le songwriter d\u00e9roule devant une toile de fond\u2026","rel":"","context":"Dans &quot;Alive&quot;","block_context":{"text":"Alive","link":"https:\/\/www.wallendorff.com\/belogue\/category\/alive\/"},"img":{"alt_text":"","src":"https:\/\/i0.wp.com\/www.wallendorff.com\/belogue\/wp-content\/uploads\/2015\/04\/200802251.jpg?resize=350%2C200&ssl=1","width":350,"height":200},"classes":[]}],"_links":{"self":[{"href":"https:\/\/www.wallendorff.com\/belogue\/wp-json\/wp\/v2\/posts\/1112","targetHints":{"allow":["GET"]}}],"collection":[{"href":"https:\/\/www.wallendorff.com\/belogue\/wp-json\/wp\/v2\/posts"}],"about":[{"href":"https:\/\/www.wallendorff.com\/belogue\/wp-json\/wp\/v2\/types\/post"}],"author":[{"embeddable":true,"href":"https:\/\/www.wallendorff.com\/belogue\/wp-json\/wp\/v2\/users\/1"}],"replies":[{"embeddable":true,"href":"https:\/\/www.wallendorff.com\/belogue\/wp-json\/wp\/v2\/comments?post=1112"}],"version-history":[{"count":1,"href":"https:\/\/www.wallendorff.com\/belogue\/wp-json\/wp\/v2\/posts\/1112\/revisions"}],"predecessor-version":[{"id":18310,"href":"https:\/\/www.wallendorff.com\/belogue\/wp-json\/wp\/v2\/posts\/1112\/revisions\/18310"}],"wp:featuredmedia":[{"embeddable":true,"href":"https:\/\/www.wallendorff.com\/belogue\/wp-json\/wp\/v2\/media\/25041"}],"wp:attachment":[{"href":"https:\/\/www.wallendorff.com\/belogue\/wp-json\/wp\/v2\/media?parent=1112"}],"wp:term":[{"taxonomy":"category","embeddable":true,"href":"https:\/\/www.wallendorff.com\/belogue\/wp-json\/wp\/v2\/categories?post=1112"},{"taxonomy":"post_tag","embeddable":true,"href":"https:\/\/www.wallendorff.com\/belogue\/wp-json\/wp\/v2\/tags?post=1112"}],"curies":[{"name":"wp","href":"https:\/\/api.w.org\/{rel}","templated":true}]}}