{"id":1110,"date":"2007-12-17T00:43:00","date_gmt":"2007-12-17T00:43:00","guid":{"rendered":"http:\/\/www.po-l.com\/wordpress\/?p=1110"},"modified":"2012-01-16T13:41:07","modified_gmt":"2012-01-16T11:41:07","slug":"shooting-people-19","status":"publish","type":"post","link":"https:\/\/www.wallendorff.com\/belogue\/2007\/12\/17\/shooting-people-19\/","title":{"rendered":"Shooting people #19."},"content":{"rendered":"<div id=\"photo\">\n<p><img decoding=\"async\" src=\"https:\/\/www.wallendorff.com\/belogue\/photo\/2007\/12\/20071217.jpg\" \/><br \/>\n   Rue Saint Lazare, Paris, 16 d&eacute;cembre.<\/p>\n<\/div>\n<p style=\"text-align:right\">Et tout cela te rappelle que si tu t&rsquo;aggraves la scoliose &agrave; trimbaler tes 2&nbsp;kg d&rsquo;appareil photo dans ton sac tous les jours, partout o&ugrave; tu vas,  sans forc&eacute;ment t&rsquo;en servir, c&rsquo;est pour que, quand ce genre de cadrage nickel, lumi&egrave;re id&eacute;ale et regard parfait se pr&eacute;sentent, tu sois pr&ecirc;t &agrave; d&eacute;gainer pour t&rsquo;&eacute;viter des ann&eacute;es d&rsquo;&eacute;ternels regrets.<\/p>\n<div id=\"bandeson\">\n<p><img decoding=\"async\" src=\"https:\/\/www.wallendorff.com\/belogue\/photo\/pochettes\/m\/maximo_park-our_earthly_pleasures.jpg\" align=\"left\" \/>&nbsp;<a href=\"http:\/\/www.maximopark.com\/\">Max&iuml;mo Park<\/a> &ndash; <em>Books from Boxes<\/em><\/p>\n<\/p><\/div>\n","protected":false},"excerpt":{"rendered":"<p>Rue Saint Lazare, Paris, 16 d&eacute;cembre. Et tout cela te rappelle que si tu t&rsquo;aggraves la scoliose &agrave; trimbaler tes 2&nbsp;kg d&rsquo;appareil photo dans ton sac tous les jours, partout o&ugrave; tu vas, sans forc&eacute;ment t&rsquo;en servir, c&rsquo;est pour que, quand ce genre de cadrage nickel, lumi&egrave;re id&eacute;ale et regard parfait se pr&eacute;sentent, tu sois&hellip;<\/p>\n","protected":false},"author":1,"featured_media":25039,"comment_status":"open","ping_status":"open","sticky":false,"template":"","format":"standard","meta":{"_acf_changed":false,"ngg_post_thumbnail":0,"jetpack_post_was_ever_published":false,"_jetpack_newsletter_access":"","_jetpack_dont_email_post_to_subs":false,"_jetpack_newsletter_tier_id":0,"_jetpack_memberships_contains_paywalled_content":false,"_jetpack_memberships_contains_paid_content":false,"footnotes":"","jetpack_publicize_message":"","jetpack_publicize_feature_enabled":true,"jetpack_social_post_already_shared":false,"jetpack_social_options":{"image_generator_settings":{"template":"highway","default_image_id":0,"font":"","enabled":false},"version":2}},"categories":[8],"tags":[10223,2251,132,10468,10340,10120,10121,1500,143,10098,10272,2249,173],"class_list":["post-1110","post","type-post","status-publish","format-standard","has-post-thumbnail","hentry","category-portraits","tag-10223","tag-books-from-boxes","tag-eos-20d","tag-chaussure","tag-fille","tag-france","tag-ile-de-france","tag-maximo-park","tag-noir-et-blanc","tag-paris","tag-portrait","tag-rue-saint-lazare","tag-sigma-28-70-mm-f28-dg-ex"],"acf":[],"geo":{"latitude":48.8757629,"longitude":2.327503,"description":"96 Rue Saint-Lazare, 75009 Paris, France"},"jetpack_publicize_connections":[],"jetpack_featured_media_url":"https:\/\/www.wallendorff.com\/belogue\/wp-content\/uploads\/2015\/04\/200712171.jpg","jetpack_shortlink":"https:\/\/wp.me\/p3b35P-hU","jetpack_sharing_enabled":true,"jetpack-related-posts":[{"id":134263,"url":"https:\/\/www.wallendorff.com\/belogue\/2025\/10\/31\/octobre-2025\/","url_meta":{"origin":1110,"position":0},"title":"Octobre 2025.","author":"dpc","date":"31 octobre 2025","format":false,"excerpt":"Une valise, un m\u00e9tro, un quai de Seine, un m\u00e9tro, un quai de m\u00e9tro, une voiture, un TER, une gare, un TGV, un matin calme, une grosse p\u00e9niche, un arr\u00eat de bus, une paire de jambes, une lampe, un tableau, une expo, une silhouette, une grosse horloge, un reflet, un\u2026","rel":"","context":"Dans &quot;Blog-note&quot;","block_context":{"text":"Blog-note","link":"https:\/\/www.wallendorff.com\/belogue\/category\/blog-note\/"},"img":{"alt_text":"","src":"https:\/\/i0.wp.com\/www.wallendorff.com\/belogue\/wp-content\/uploads\/2025\/11\/20251103-17.jpg?resize=350%2C200&ssl=1","width":350,"height":200,"srcset":"https:\/\/i0.wp.com\/www.wallendorff.com\/belogue\/wp-content\/uploads\/2025\/11\/20251103-17.jpg?resize=350%2C200&ssl=1 1x, https:\/\/i0.wp.com\/www.wallendorff.com\/belogue\/wp-content\/uploads\/2025\/11\/20251103-17.jpg?resize=525%2C300&ssl=1 1.5x, https:\/\/i0.wp.com\/www.wallendorff.com\/belogue\/wp-content\/uploads\/2025\/11\/20251103-17.jpg?resize=700%2C400&ssl=1 2x, https:\/\/i0.wp.com\/www.wallendorff.com\/belogue\/wp-content\/uploads\/2025\/11\/20251103-17.jpg?resize=1050%2C600&ssl=1 3x"},"classes":[]},{"id":50424,"url":"https:\/\/www.wallendorff.com\/belogue\/2022\/01\/05\/atelier-portraits-en-situation-paris-18-22-novembre-2021\/","url_meta":{"origin":1110,"position":1},"title":"Atelier portraits en situation, Paris, 18 \u2013 22 novembre 2021.","author":"dpc","date":"5 janvier 2022","format":false,"excerpt":"Un atelier propos\u00e9 par l'agence VU' sous l'\u00e9gide de Franck Ferville.\u00a0 Merci \u00e0 nos mod\u00e8les pour leur participation durant cette studieuse semaine : Carla Ventre, \u00c9va Cort\u00e8s, Sophie Nicollas. Merci \u00e9galement aux autres photographes pour leur bonne humeur et leur professionnalisme : ma complice de toujours Anne Bichsel,\u00a0Franck Crusiaux, Pascaline\u2026","rel":"","context":"Dans &quot;Portraits&quot;","block_context":{"text":"Portraits","link":"https:\/\/www.wallendorff.com\/belogue\/category\/portraits\/"},"img":{"alt_text":"","src":"https:\/\/i0.wp.com\/www.wallendorff.com\/belogue\/wp-content\/uploads\/2022\/01\/20220105-03.jpg?resize=350%2C200&ssl=1","width":350,"height":200,"srcset":"https:\/\/i0.wp.com\/www.wallendorff.com\/belogue\/wp-content\/uploads\/2022\/01\/20220105-03.jpg?resize=350%2C200&ssl=1 1x, https:\/\/i0.wp.com\/www.wallendorff.com\/belogue\/wp-content\/uploads\/2022\/01\/20220105-03.jpg?resize=525%2C300&ssl=1 1.5x, https:\/\/i0.wp.com\/www.wallendorff.com\/belogue\/wp-content\/uploads\/2022\/01\/20220105-03.jpg?resize=700%2C400&ssl=1 2x, https:\/\/i0.wp.com\/www.wallendorff.com\/belogue\/wp-content\/uploads\/2022\/01\/20220105-03.jpg?resize=1050%2C600&ssl=1 3x"},"classes":[]},{"id":132051,"url":"https:\/\/www.wallendorff.com\/belogue\/2025\/03\/31\/mars-2025\/","url_meta":{"origin":1110,"position":2},"title":"Mars 2025.","author":"dpc","date":"31 mars 2025","format":false,"excerpt":"Un appartement \u00e0 ranger, un anniversaire, un concert, un chat pr\u00e9nomm\u00e9 Chalumeau (et un lapin pr\u00e9nomm\u00e9 Lapinou), un drapeau p\u00e9ruvien, un arr\u00eat de bus, une sieste masqu\u00e9e, un coucher de soleil, des travaux, un one-man show, un appartement \u00e0 ranger, un fauteuil haut perch\u00e9, un train \u00e0 grande vitesse, un\u2026","rel":"","context":"Dans &quot;Blog-note&quot;","block_context":{"text":"Blog-note","link":"https:\/\/www.wallendorff.com\/belogue\/category\/blog-note\/"},"img":{"alt_text":"","src":"https:\/\/i0.wp.com\/www.wallendorff.com\/belogue\/wp-content\/uploads\/2025\/04\/20250409-32.jpg?resize=350%2C200&ssl=1","width":350,"height":200,"srcset":"https:\/\/i0.wp.com\/www.wallendorff.com\/belogue\/wp-content\/uploads\/2025\/04\/20250409-32.jpg?resize=350%2C200&ssl=1 1x, https:\/\/i0.wp.com\/www.wallendorff.com\/belogue\/wp-content\/uploads\/2025\/04\/20250409-32.jpg?resize=525%2C300&ssl=1 1.5x, https:\/\/i0.wp.com\/www.wallendorff.com\/belogue\/wp-content\/uploads\/2025\/04\/20250409-32.jpg?resize=700%2C400&ssl=1 2x, https:\/\/i0.wp.com\/www.wallendorff.com\/belogue\/wp-content\/uploads\/2025\/04\/20250409-32.jpg?resize=1050%2C600&ssl=1 3x"},"classes":[]},{"id":50214,"url":"https:\/\/www.wallendorff.com\/belogue\/2021\/11\/30\/novembre-2021\/","url_meta":{"origin":1110,"position":3},"title":"Novembre 2021.","author":"dpc","date":"30 novembre 2021","format":false,"excerpt":"Un bisou, une vache, une promenade, un vernissage, une bi\u00e8re, un karaok\u00e9, un montage, un sac \u00e0 patates, un soleil, une chemise, un montage, une inauguration, un reflet, un m\u00e9tro, un escalator, une vitrine, un th\u00e9\u00e2tre, un caf\u00e9, une manche \u00e0 air, un t\u00e9l\u00e9phone, un camion, un chat pr\u00e9nomm\u00e9 N\u00fcremberg,\u2026","rel":"","context":"Dans &quot;Blog-note&quot;","block_context":{"text":"Blog-note","link":"https:\/\/www.wallendorff.com\/belogue\/category\/blog-note\/"},"img":{"alt_text":"","src":"https:\/\/i0.wp.com\/www.wallendorff.com\/belogue\/wp-content\/uploads\/2021\/12\/20211216-39.jpg?resize=350%2C200&ssl=1","width":350,"height":200,"srcset":"https:\/\/i0.wp.com\/www.wallendorff.com\/belogue\/wp-content\/uploads\/2021\/12\/20211216-39.jpg?resize=350%2C200&ssl=1 1x, https:\/\/i0.wp.com\/www.wallendorff.com\/belogue\/wp-content\/uploads\/2021\/12\/20211216-39.jpg?resize=525%2C300&ssl=1 1.5x, https:\/\/i0.wp.com\/www.wallendorff.com\/belogue\/wp-content\/uploads\/2021\/12\/20211216-39.jpg?resize=700%2C400&ssl=1 2x, https:\/\/i0.wp.com\/www.wallendorff.com\/belogue\/wp-content\/uploads\/2021\/12\/20211216-39.jpg?resize=1050%2C600&ssl=1 3x"},"classes":[]},{"id":131558,"url":"https:\/\/www.wallendorff.com\/belogue\/2024\/12\/31\/decembre-2024\/","url_meta":{"origin":1110,"position":4},"title":"D\u00e9cembre 2024.","author":"dpc","date":"31 d\u00e9cembre 2024","format":false,"excerpt":"Ce journal photographique aligne en images les \u00e9v\u00e8nements, petits ou grands, joyeux ou tristes, pour garder une trace du rythme du mois pr\u00e9c\u00e9dent. Je n'y adjoins jamais de texte. Les images se suffisent d'elles-m\u00eames, et quand elles laissent des ellipses dans leur r\u00e9cit, charge \u00e0 soi de les combler comme\u2026","rel":"","context":"Dans &quot;Blog-note&quot;","block_context":{"text":"Blog-note","link":"https:\/\/www.wallendorff.com\/belogue\/category\/blog-note\/"},"img":{"alt_text":"","src":"https:\/\/i0.wp.com\/www.wallendorff.com\/belogue\/wp-content\/uploads\/2025\/01\/20250122-18.jpg?resize=350%2C200&ssl=1","width":350,"height":200,"srcset":"https:\/\/i0.wp.com\/www.wallendorff.com\/belogue\/wp-content\/uploads\/2025\/01\/20250122-18.jpg?resize=350%2C200&ssl=1 1x, https:\/\/i0.wp.com\/www.wallendorff.com\/belogue\/wp-content\/uploads\/2025\/01\/20250122-18.jpg?resize=525%2C300&ssl=1 1.5x, https:\/\/i0.wp.com\/www.wallendorff.com\/belogue\/wp-content\/uploads\/2025\/01\/20250122-18.jpg?resize=700%2C400&ssl=1 2x, https:\/\/i0.wp.com\/www.wallendorff.com\/belogue\/wp-content\/uploads\/2025\/01\/20250122-18.jpg?resize=1050%2C600&ssl=1 3x"},"classes":[]},{"id":133184,"url":"https:\/\/www.wallendorff.com\/belogue\/2025\/05\/31\/mai-2025\/","url_meta":{"origin":1110,"position":5},"title":"Mai 2025.","author":"dpc","date":"31 mai 2025","format":false,"excerpt":"Un chat pr\u00e9nomm\u00e9 Bob, une gare, un chat pr\u00e9nomm\u00e9 Paupiette, une biblioth\u00e8que, un m\u00e9tro, une session photo, un casier de bi\u00e8re, une soir\u00e9e cacasse, un resto indien, un appartement, un banc, un lampadaire, des mari\u00e9s, un m\u00e9tro, un tramway, un chat pr\u00e9nomm\u00e9 Cassoulet, un cr\u00e9puscule, un bout de mur, une\u2026","rel":"","context":"Dans &quot;Blog-note&quot;","block_context":{"text":"Blog-note","link":"https:\/\/www.wallendorff.com\/belogue\/category\/blog-note\/"},"img":{"alt_text":"","src":"https:\/\/i0.wp.com\/www.wallendorff.com\/belogue\/wp-content\/uploads\/2025\/08\/20250807-22.jpg?resize=350%2C200&ssl=1","width":350,"height":200,"srcset":"https:\/\/i0.wp.com\/www.wallendorff.com\/belogue\/wp-content\/uploads\/2025\/08\/20250807-22.jpg?resize=350%2C200&ssl=1 1x, https:\/\/i0.wp.com\/www.wallendorff.com\/belogue\/wp-content\/uploads\/2025\/08\/20250807-22.jpg?resize=525%2C300&ssl=1 1.5x, https:\/\/i0.wp.com\/www.wallendorff.com\/belogue\/wp-content\/uploads\/2025\/08\/20250807-22.jpg?resize=700%2C400&ssl=1 2x, https:\/\/i0.wp.com\/www.wallendorff.com\/belogue\/wp-content\/uploads\/2025\/08\/20250807-22.jpg?resize=1050%2C600&ssl=1 3x"},"classes":[]}],"_links":{"self":[{"href":"https:\/\/www.wallendorff.com\/belogue\/wp-json\/wp\/v2\/posts\/1110","targetHints":{"allow":["GET"]}}],"collection":[{"href":"https:\/\/www.wallendorff.com\/belogue\/wp-json\/wp\/v2\/posts"}],"about":[{"href":"https:\/\/www.wallendorff.com\/belogue\/wp-json\/wp\/v2\/types\/post"}],"author":[{"embeddable":true,"href":"https:\/\/www.wallendorff.com\/belogue\/wp-json\/wp\/v2\/users\/1"}],"replies":[{"embeddable":true,"href":"https:\/\/www.wallendorff.com\/belogue\/wp-json\/wp\/v2\/comments?post=1110"}],"version-history":[{"count":2,"href":"https:\/\/www.wallendorff.com\/belogue\/wp-json\/wp\/v2\/posts\/1110\/revisions"}],"predecessor-version":[{"id":15383,"href":"https:\/\/www.wallendorff.com\/belogue\/wp-json\/wp\/v2\/posts\/1110\/revisions\/15383"}],"wp:featuredmedia":[{"embeddable":true,"href":"https:\/\/www.wallendorff.com\/belogue\/wp-json\/wp\/v2\/media\/25039"}],"wp:attachment":[{"href":"https:\/\/www.wallendorff.com\/belogue\/wp-json\/wp\/v2\/media?parent=1110"}],"wp:term":[{"taxonomy":"category","embeddable":true,"href":"https:\/\/www.wallendorff.com\/belogue\/wp-json\/wp\/v2\/categories?post=1110"},{"taxonomy":"post_tag","embeddable":true,"href":"https:\/\/www.wallendorff.com\/belogue\/wp-json\/wp\/v2\/tags?post=1110"}],"curies":[{"name":"wp","href":"https:\/\/api.w.org\/{rel}","templated":true}]}}